{"id":355790,"date":"2025-08-31T04:06:10","date_gmt":"2025-08-31T04:06:10","guid":{"rendered":"https:\/\/www.europesays.com\/fr\/355790\/"},"modified":"2025-08-31T04:06:10","modified_gmt":"2025-08-31T04:06:10","slug":"f1-max-verstappen-sous-investigation-le-verdict-des-autorites-sportives","status":"publish","type":"post","link":"https:\/\/www.europesays.com\/fr\/355790\/","title":{"rendered":"F1 Max Verstappen sous investigation, le verdict des autorit\u00e9s sportives"},"content":{"rendered":"<p>Max Verstappen, \u00e0 l\u2019issue des qualifications du Grand-Prix des Pays-Bas de F1, \u00e9tait convoqu\u00e9 par ls commissaires sportifs. En effet, le N\u00e9erlandais n\u2019avait pas respect\u00e9 le code 33.4 du r\u00e8glement en roulant de mani\u00e8re excessivement lente, apr\u00e8s le drapeau \u00e0 damier. Toutefois, t\u00e9l\u00e9m\u00e9trie \u00e0 l\u2019appui, le champion du monde en titre leur a d\u00e9montr\u00e9 que sans un drapeau jaune brandi \u00e0 son passage, il aurait \u00e9t\u00e9 en mesure de respecter cette r\u00e8gle.<\/p>\n<p>F1 : la d\u00e9cision des commissaires et leurs explications<\/p>\n<p>Convaincus par la d\u00e9fense de l\u2019int\u00e9ress\u00e9, les commissaires ont donc d\u00e9cid\u00e9 de ne pas punir Max Verstappen. La voiture 1 a exc\u00e9d\u00e9 de 3,8 secondes le temps maximum sp\u00e9cifi\u00e9 dans les notes du directeur de course, sans ralentir pour laisser passer d\u2019autres voitures. Ce d\u00e9passement a eu lieu dans le tour de rentr\u00e9e au stand, apr\u00e8s que la voiture n\u00b01 soit pass\u00e9e sous le drapeau \u00e0 damier.\u201d<\/p>\n<p>\u201cLe pilote de la voiture n\u00b01 nous a montr\u00e9 des donn\u00e9es t\u00e9l\u00e9m\u00e9triques prouvant qu\u2019il aurait respect\u00e9 le temps delta si le drapeau jaune n\u2019avait pas \u00e9t\u00e9 brandi vers la fin du tour \u2013 il a d\u00fb ralentir consid\u00e9rablement pour se conformer aux r\u00e8gles relatives au drapeau jaune. C\u2019est ce qui a conduit \u00e0 ce que son temps fasse appara\u00eetre une [potentielle] infraction dans le syst\u00e8me. Nous avons accept\u00e9 son explication concernant son ralentissement et n\u2019avons donc pris aucune sanction.\u201c. Pouvions-nous lire dans la communication officielle des autorit\u00e9s sportives, diffus\u00e9e apr\u00e8s-coup.<\/p>\n<blockquote class=\"twitter-tweet\">\n<p dir=\"ltr\" lang=\"en\">Very happy with P3 in qualifying here at my home race \ud83d\ude4c Thank you to everyone around the track, the orange energy has been amazing so far \ud83d\udfe0 <a href=\"https:\/\/t.co\/lOdqG2xJr0\" rel=\"nofollow\">pic.twitter.com\/lOdqG2xJr0<\/a><\/p>\n<p>\u2014 Max Verstappen (@Max33Verstappen) <a href=\"https:\/\/twitter.com\/Max33Verstappen\/status\/1961828913258119459?ref_src=twsrc%5Etfw\" target=\"_blank\" rel=\"noopener nofollow\">August 30, 2025<\/a><\/p>\n<\/blockquote>\n<p>Pour rappel, Max Verstappen s\u2019\u00e9lancera depuis la troisi\u00e8me place sur la grille de d\u00e9part, juste derri\u00e8re les deux <a href=\"https:\/\/lemagsportauto.ouest-france.fr\/f1-la-sentence-de-la-fia-tombe-dans-laccrochage-mclaren-vs-mercedes-a-zandvoort\/108190\/#google_vignette\" target=\"_blank\" rel=\"noopener nofollow\">Mclaren<\/a> d\u2019Oscar Piastri et Lando Norris, cet apr\u00e8s-midi, au moment de l\u2019extinction des feux, sur le circuit de Zandvoort.<\/p>\n<p>Article publi\u00e9 le 31\/08\/2025 \u00e0 6h05<\/p>\n<p>                                                            <script async src=\"https:\/\/platform.twitter.com\/widgets.js\" charset=\"utf-8\"><\/script><\/p>\n","protected":false},"excerpt":{"rendered":"Max Verstappen, \u00e0 l\u2019issue des qualifications du Grand-Prix des Pays-Bas de F1, \u00e9tait convoqu\u00e9 par ls commissaires sportifs.&hellip;\n","protected":false},"author":2,"featured_media":355791,"comment_status":"","ping_status":"","sticky":false,"template":"","format":"standard","meta":{"footnotes":""},"categories":[1412],"tags":[1451,1452,1453,1454,1455,1011,27,2236,60],"class_list":{"0":"post-355790","1":"post","2":"type-post","3":"status-publish","4":"format-standard","5":"has-post-thumbnail","7":"category-f1","8":"tag-f1","9":"tag-formula-1","10":"tag-formula1","11":"tag-formule-1","12":"tag-formule1","13":"tag-fr","14":"tag-france","15":"tag-max-verstappen","16":"tag-sports"},"share_on_mastodon":{"url":"https:\/\/pubeurope.com\/@fr\/115121408156979446","error":""},"_links":{"self":[{"href":"https:\/\/www.europesays.com\/fr\/wp-json\/wp\/v2\/posts\/355790","targetHints":{"allow":["GET"]}}],"collection":[{"href":"https:\/\/www.europesays.com\/fr\/wp-json\/wp\/v2\/posts"}],"about":[{"href":"https:\/\/www.europesays.com\/fr\/wp-json\/wp\/v2\/types\/post"}],"author":[{"embeddable":true,"href":"https:\/\/www.europesays.com\/fr\/wp-json\/wp\/v2\/users\/2"}],"replies":[{"embeddable":true,"href":"https:\/\/www.europesays.com\/fr\/wp-json\/wp\/v2\/comments?post=355790"}],"version-history":[{"count":0,"href":"https:\/\/www.europesays.com\/fr\/wp-json\/wp\/v2\/posts\/355790\/revisions"}],"wp:featuredmedia":[{"embeddable":true,"href":"https:\/\/www.europesays.com\/fr\/wp-json\/wp\/v2\/media\/355791"}],"wp:attachment":[{"href":"https:\/\/www.europesays.com\/fr\/wp-json\/wp\/v2\/media?parent=355790"}],"wp:term":[{"taxonomy":"category","embeddable":true,"href":"https:\/\/www.europesays.com\/fr\/wp-json\/wp\/v2\/categories?post=355790"},{"taxonomy":"post_tag","embeddable":true,"href":"https:\/\/www.europesays.com\/fr\/wp-json\/wp\/v2\/tags?post=355790"}],"curies":[{"name":"wp","href":"https:\/\/api.w.org\/{rel}","templated":true}]}}