{"id":355792,"date":"2025-08-31T04:07:12","date_gmt":"2025-08-31T04:07:12","guid":{"rendered":"https:\/\/www.europesays.com\/fr\/355792\/"},"modified":"2025-08-31T04:07:12","modified_gmt":"2025-08-31T04:07:12","slug":"vuelta-tour-despagne-mads-pedersen-ne-meme-pas-etre-dans-le-top-10-cest","status":"publish","type":"post","link":"https:\/\/www.europesays.com\/fr\/355792\/","title":{"rendered":"Vuelta. Tour d&rsquo;Espagne &#8211; Mads Pedersen : \u00abNe m\u00eame pas \u00eatre dans le top 10, c&rsquo;est&#8230;\u00bb"},"content":{"rendered":"<p>D\u00e9cid\u00e9ment, <strong>Mads Pedersen<\/strong> n&rsquo;y arrive pas sur cette <strong>Vuelta<\/strong>. Quadruple vainqueur d&rsquo;\u00e9tape et inarr\u00eatable sur le <strong>Giro<\/strong> en mai, le Danois ne r\u00e9ussit pour le moment pas \u00e0 reproduire ces performances en Espagne et reste fanny apr\u00e8s une premi\u00e8re semaine qui lui offrait pourtant plusieurs opportunit\u00e9s de scorer. Encore une fois ce samedi, la star de la <strong>Lidl-Trek<\/strong> \u00e9tait attendue dans la derni\u00e8re ligne droite \u00e0 Saragosse pour concurrencer <strong><a href=\"https:\/\/www.cyclismactu.net\/..\/news-vuelta-route-tour-d-espagne-jasper-philipsen-on-a-gagne-donc-pas-de-quoi-se-plaindre-89883.html\" target=\"_blank\" rel=\"nofollow noopener\">Jasper Philipsen<\/a><\/strong> (Alpecin-Deceuninck), mais il a de nouveau d\u00e9\u00e7u, ne prenant que la 11e place sur la ligne (finalement transform\u00e9e en une 9e <a href=\"https:\/\/www.cyclismactu.net\/..\/news-vuelta-route-tour-d-espagne-elia-viviani-ca-fait-mal-j-ai-entendu-philipsen-crier-et-89884.html\" target=\"_blank\" rel=\"nofollow noopener\">apr\u00e8s plusieurs d\u00e9classements<\/a>). Loin des standards de l&rsquo;ancien champion du monde, qui pourra malgr\u00e9 tout se consoler en gardant la t\u00eate du classement par points, avec 120 unit\u00e9s.<\/p>\n<p>Vid\u00e9o &#8211; Mads Pedersen reste en vert malgr\u00e9 sa 9e place samedi Lire la suite de l&rsquo;article&#13;<\/p>\n<p>\u00a0<\/p>\n<p>&#13;<br \/>\n\u00ab\u00a0Je n&rsquo;\u00e9tais tout simplement pas assez bon pour le sprint final, c&rsquo;est comme \u00e7a\u00a0\u00bb&#13;<\/p>\n<p>\u00ab\u00a0Il y avait 13 points \u00e0 prendre au sprint interm\u00e9diaire, alors \u00e9videmment, il fallait se donner \u00e0 fond. Je n&rsquo;\u00e9tais tout simplement pas assez bon pour le sprint final. Ne m\u00eame pas \u00eatre dans le top-10, ce n&rsquo;est pas ce que nous esp\u00e9rons. C&rsquo;est comme \u00e7a. On ne peut pas changer les r\u00e9sultats maintenant, on peut juste regarder vers l&rsquo;avant et continuer \u00e0 essayer de gagner une \u00e9tape. Je veux gagner des \u00e9tapes. Les points aux sprints interm\u00e9diaires comptent, mais l&rsquo;important est de gagner. \u00c7a fait partie du jeu<\/p>\n<p>Tour d&rsquo;Espagne &#8211; Classement de la 8\u00e8 \u00e9tape Tour d&rsquo;Espagne &#8211; Classement g\u00e9n\u00e9ral provisoire apr\u00e8s la 8\u00e8 \u00e9tape<\/p>\n","protected":false},"excerpt":{"rendered":"D\u00e9cid\u00e9ment, Mads Pedersen n&rsquo;y arrive pas sur cette Vuelta. Quadruple vainqueur d&rsquo;\u00e9tape et inarr\u00eatable sur le Giro en&hellip;\n","protected":false},"author":2,"featured_media":355793,"comment_status":"","ping_status":"","sticky":false,"template":"","format":"standard","meta":{"footnotes":""},"categories":[1411],"tags":[1154,207,1011,27,209,60,3318,208],"class_list":{"0":"post-355792","1":"post","2":"type-post","3":"status-publish","4":"format-standard","5":"has-post-thumbnail","7":"category-cyclisme","8":"tag-cycling","9":"tag-cyclisme","10":"tag-fr","11":"tag-france","12":"tag-route","13":"tag-sports","14":"tag-tour-d","15":"tag-velo"},"share_on_mastodon":{"url":"https:\/\/pubeurope.com\/@fr\/115121412110264360","error":""},"_links":{"self":[{"href":"https:\/\/www.europesays.com\/fr\/wp-json\/wp\/v2\/posts\/355792","targetHints":{"allow":["GET"]}}],"collection":[{"href":"https:\/\/www.europesays.com\/fr\/wp-json\/wp\/v2\/posts"}],"about":[{"href":"https:\/\/www.europesays.com\/fr\/wp-json\/wp\/v2\/types\/post"}],"author":[{"embeddable":true,"href":"https:\/\/www.europesays.com\/fr\/wp-json\/wp\/v2\/users\/2"}],"replies":[{"embeddable":true,"href":"https:\/\/www.europesays.com\/fr\/wp-json\/wp\/v2\/comments?post=355792"}],"version-history":[{"count":0,"href":"https:\/\/www.europesays.com\/fr\/wp-json\/wp\/v2\/posts\/355792\/revisions"}],"wp:featuredmedia":[{"embeddable":true,"href":"https:\/\/www.europesays.com\/fr\/wp-json\/wp\/v2\/media\/355793"}],"wp:attachment":[{"href":"https:\/\/www.europesays.com\/fr\/wp-json\/wp\/v2\/media?parent=355792"}],"wp:term":[{"taxonomy":"category","embeddable":true,"href":"https:\/\/www.europesays.com\/fr\/wp-json\/wp\/v2\/categories?post=355792"},{"taxonomy":"post_tag","embeddable":true,"href":"https:\/\/www.europesays.com\/fr\/wp-json\/wp\/v2\/tags?post=355792"}],"curies":[{"name":"wp","href":"https:\/\/api.w.org\/{rel}","templated":true}]}}