{"id":355794,"date":"2025-08-31T04:08:09","date_gmt":"2025-08-31T04:08:09","guid":{"rendered":"https:\/\/www.europesays.com\/fr\/355794\/"},"modified":"2025-08-31T04:08:09","modified_gmt":"2025-08-31T04:08:09","slug":"psg-dembele-rassure-sur-sa-blessure-maxifoot","status":"publish","type":"post","link":"https:\/\/www.europesays.com\/fr\/355794\/","title":{"rendered":"PSG : Demb\u00e9l\u00e9 rassure sur sa blessure &#8211; Maxifoot"},"content":{"rendered":"<ol>\n<li><a href=\"https:\/\/news.google.com\/rss\/articles\/CBMigAFBVV95cUxNaWY2UmdMaFNNdW1YT3hYcklBTjF1R3V1M1k5MG4yOHVUektJRklDRzV4cXdxR1ZILXJwWS1TaHJtS3JQdFZfS0gxNDYyM2xmNW5MalRiRl9Ea281OXlscml2Q2ZvN000MnhFUHpJU3RaRnVXaXNzeXlLMDNTV21zU9IBgAFBVV95cUxQMUV1aFQtdkpzWkpsYW5zeXJQa3BSVVN3bUNqWk9TRHZhVjNMTklqWVdhVjM5ell4Y0hPalF2OUU5TFJKR3dCY09td1oteE9IQ3d4NEc1Vk85UzFwVDZTZmd2SkJocUtabDIzeWtNbVpsOU1QQ1NFTm9zUmY0M2c4eg?oc=5\" target=\"_blank\" rel=\"noopener\">PSG : Demb\u00e9l\u00e9 rassure sur sa blessure<\/a>&nbsp;&nbsp;Maxifoot<\/li>\n<li><a href=\"https:\/\/news.google.com\/rss\/articles\/CBMizwFBVV95cUxNNWd0TVEwTmdBakE4dFFmR2NLaWk2SllsZmtfRF9WWVBIWndYRzNwMXZ3SjJBdlFUTnczejdkRTBWbVlWSXdkSkJ3Nm1LYnBHZDRFOGI0UVNySlYxRk0xVjRaWHhTSU1aeEYxQmJBdzc2Z2RzRGg1R2s5NkowYm4zSVNGaE5HdHE2T3JrZkNEM0E3RVItbEczTWJuWS1MN0N3RHNvMXVBTkY5dFM1TXBBSDVPVFV0N0g0UHNrNlppOGdMQzVTY0F3UmRXVHdYWms?oc=5\" target=\"_blank\" rel=\"noopener\">\u00c0 quelques jours d&rsquo;Ukraine-France, Ousmane Demb\u00e9l\u00e9 sort sur blessure contre Toulouse<\/a>&nbsp;&nbsp;L&rsquo;\u00c9quipe<\/li>\n<li><a href=\"https:\/\/news.google.com\/rss\/articles\/CBMiqgFBVV95cUxQT1ViLUlsYm9Oa0M4dWdvSnRCYnQtTWJtUkNlRXdEQXBCMl9OclhSOXd2Z1dvX1JJRG11cmV6Qi1BalNfakR1VmR6dGstUUtGU1duZDJPeTZ0RVozcXZlTHd4SnloUFRXSFo4dlBXdVpxM3RlVEJEN3E1TDRXMFljM0NQQ1RfNWRTakozd0NGdjZoU3MyUFN4SWplYmhZTDlBZWdwYTdMZnhqQQ?oc=5\" target=\"_blank\" rel=\"noopener\">PSG : Ousmane Demb\u00e9l\u00e9 rassurant apr\u00e8s sa blessure \u00e0 Toulouse<\/a>&nbsp;&nbsp;Foot Mercato<\/li>\n<li><a href=\"https:\/\/news.google.com\/rss\/articles\/CBMihgJBVV95cUxQTllUVGNVYUw5WWo1ZXhva0RIck04Qm9PWlhuakJMWmVIVVE0eGtqSnZBMHdoeGRwSGNacWhvY3RZZUZnN2R5RXdZazJaVDNvYVFLSEJvLUx0ME9CbkJQazh2TTRtOW51QWJXV1hWX3NxaTZJR3V0ZkpEODFteXkxODBxNjdWRWpTbkloOG9UXy1MaUI4Ul9oLXBpUGFPR3lnc2xtZGhldDlPX1Vnc1g3enZZSXhsd1FGVXFRNnBKNzFvSXlNZDRJcFl3dXZuNkNmU08zcW1YaFZfQnc4eWhPdTVweWd6bVc0bWZZODJlSFNDQ3J3a3BBUXJFYTVJa3dvV0ttZDZR?oc=5\" target=\"_blank\" rel=\"noopener\">Toulouse-PSG: \u00ab\u00a0Je connais mes ischios\u00a0\u00bb, Demb\u00e9l\u00e9 donne des nouvelles apr\u00e8s sa sortie sur blessure<\/a>&nbsp;&nbsp;RMC Sport<\/li>\n<li><a href=\"https:\/\/news.google.com\/rss\/articles\/CBMipAFBVV95cUxOd2htLS1pTURZOTQ0Tms3ZWxHUWJjM21jUnZVUjFodFp2NXM1MWphM20tY1NEejdENHBBY0Uxemh2SzZ0X3R1d2c2YmgteGNjN0VkOVJBby1oYXNRaG1wQ1E2MmhqbmpXX0xhZjUyM09rSjFqY0RxSkN5Y0pycFE4RmtQdktwU2VKWXI4QUhnNVQ5aWpMU25hRHhQR3hJS3ZPRFB6RQ?oc=5\" target=\"_blank\" rel=\"noopener\">Match : Luis Enrique : \u00ab Nous sommes encore une \u00e9quipe en construction<\/a>&nbsp;&nbsp;CulturePSG<\/li>\n<\/ol>\n","protected":false},"excerpt":{"rendered":"PSG : Demb\u00e9l\u00e9 rassure sur sa blessure&nbsp;&nbsp;Maxifoot \u00c0 quelques jours d&rsquo;Ukraine-France, Ousmane Demb\u00e9l\u00e9 sort sur blessure contre Toulouse&nbsp;&nbsp;L&rsquo;\u00c9quipe&hellip;\n","protected":false},"author":2,"featured_media":355795,"comment_status":"","ping_status":"","sticky":false,"template":"","format":"standard","meta":{"footnotes":""},"categories":[1410],"tags":[2266,2262,2261,1981,83,2260,451,2263,462,2269,2257,63,1011,27,2265,1441,453,66,447,2267,955,2268,241,149,70,1817,93,2264,2258,2259,60,969,455],"class_list":{"0":"post-355794","1":"post","2":"type-post","3":"status-publish","4":"format-standard","5":"has-post-thumbnail","7":"category-football","8":"tag-as-monaco","9":"tag-bundesligua","10":"tag-calcio","11":"tag-classement","12":"tag-coupe-de-france","13":"tag-coupe-de-la-ligue","14":"tag-coupe-du-monde","15":"tag-equipe","16":"tag-fc-nantes","17":"tag-fifa","18":"tag-foot","19":"tag-football","20":"tag-fr","21":"tag-france","22":"tag-girondins-bordeaux","23":"tag-joueur","24":"tag-liga","25":"tag-ligue-1","26":"tag-ligue-des-champions","27":"tag-losc","28":"tag-match","29":"tag-ogc-nice","30":"tag-ol","31":"tag-om","32":"tag-premier-league","33":"tag-pronostic","34":"tag-psg","35":"tag-rc-lens","36":"tag-resultat","37":"tag-score","38":"tag-sports","39":"tag-transfert","40":"tag-uefa"},"share_on_mastodon":{"url":"https:\/\/pubeurope.com\/@fr\/115121416089588126","error":""},"_links":{"self":[{"href":"https:\/\/www.europesays.com\/fr\/wp-json\/wp\/v2\/posts\/355794","targetHints":{"allow":["GET"]}}],"collection":[{"href":"https:\/\/www.europesays.com\/fr\/wp-json\/wp\/v2\/posts"}],"about":[{"href":"https:\/\/www.europesays.com\/fr\/wp-json\/wp\/v2\/types\/post"}],"author":[{"embeddable":true,"href":"https:\/\/www.europesays.com\/fr\/wp-json\/wp\/v2\/users\/2"}],"replies":[{"embeddable":true,"href":"https:\/\/www.europesays.com\/fr\/wp-json\/wp\/v2\/comments?post=355794"}],"version-history":[{"count":0,"href":"https:\/\/www.europesays.com\/fr\/wp-json\/wp\/v2\/posts\/355794\/revisions"}],"wp:featuredmedia":[{"embeddable":true,"href":"https:\/\/www.europesays.com\/fr\/wp-json\/wp\/v2\/media\/355795"}],"wp:attachment":[{"href":"https:\/\/www.europesays.com\/fr\/wp-json\/wp\/v2\/media?parent=355794"}],"wp:term":[{"taxonomy":"category","embeddable":true,"href":"https:\/\/www.europesays.com\/fr\/wp-json\/wp\/v2\/categories?post=355794"},{"taxonomy":"post_tag","embeddable":true,"href":"https:\/\/www.europesays.com\/fr\/wp-json\/wp\/v2\/tags?post=355794"}],"curies":[{"name":"wp","href":"https:\/\/api.w.org\/{rel}","templated":true}]}}