{"id":355796,"date":"2025-08-31T04:09:11","date_gmt":"2025-08-31T04:09:11","guid":{"rendered":"https:\/\/www.europesays.com\/fr\/355796\/"},"modified":"2025-08-31T04:09:11","modified_gmt":"2025-08-31T04:09:11","slug":"ici-tout-commence-stephane-blancafort-choque-des-internautes-en-publiant-une-photo-de-sa-compagne-totalement-nue-tv-magazine","status":"publish","type":"post","link":"https:\/\/www.europesays.com\/fr\/355796\/","title":{"rendered":"Ici tout commence : St\u00e9phane Blancafort choque des internautes en publiant une photo de sa compagne totalement nue &#8211; TV Magazine"},"content":{"rendered":"<ol>\n<li><a href=\"https:\/\/news.google.com\/rss\/articles\/CBMi-wFBVV95cUxOVlRocmZKQm9JVG9OZ2l1c2taRk1vYXVaSy1DTDBzSktMVGxVenMxSmV6RnVhV3R4YWo0MW9KUEtoN3NUTEpHMDUyVVdqZ1Q1MGJ2QnN2NHlOY3lGZDd1M05GZXVMZHo3QUcweE9uUVFTMTlObzNyclB0eGI0QVZyeHcyUTNtM0RsWUFULTVPdXYxaWJHcE5MRGhXbmhJdzJJQjN0bUpKZjhZNDJ3WWZScElBTDRqYks2VHhYc1JLZldIRXRFX3EwRFhlMWdoS0otZGw3Q2JjRWNqTTl5MWJ0eG9aajF4NE5aTVUxdXYta093TkdpRlBBRVh4TQ?oc=5\" target=\"_blank\" rel=\"nofollow noopener\">Ici tout commence : St\u00e9phane Blancafort choque des internautes en publiant une photo de sa compagne totalement nue<\/a>&nbsp;&nbsp;TV Magazine<\/li>\n<li><a href=\"https:\/\/news.google.com\/rss\/articles\/CBMixgJBVV95cUxNODhvWUVIYmxpUUV2bmstS1VEQjAxTU9jVy02cU9EYmVXU1N4b2pJeFBYZEJXM2xOdWk3TnF6U19JcnA4cXg5RWIweFpoMWFWdC1jZ2V1YTFMNzFUVjhZU0x4Z1FHdU1tTWhSWXNudXJwR1ZRM25SUE5NQ1NiWmY1MGtkTlB6dUp2Sm84cm9seUppVHNYS2RxY2tjMmdkWGJSUV8zY0dpZlpfYUR4UjVtclplTzBZSmpkSzRlV1ZXMFFoQll4WDZxRDFZQmd2eWtSVGlmYUpIV2htMFRWYTIybUFCdWZtWEZyZS1kSVk0bUd4OFpfQ2JSWXR0R3F4amd6elN1OU9MX3F1YXlRaFN5MUJHcTZNa1RVV2lNSUUwdDRBRkxFX0c4Tm52WVR1SUxQbGtacDVTMmM1cmllcjJCUDE1czM2QQ?oc=5\" target=\"_blank\" rel=\"nofollow noopener\">Exclu. \u00ab\u00a0Ce n&rsquo;est pas du voyeurisme, c&rsquo;est une d\u00e9claration d&rsquo;amour !\u00a0\u00bb : St\u00e9phane Blancafort explique pourquoi il a post\u00e9 cette photo de Catherine Davydzenka qui a fait beaucoup r\u00e9agir<\/a>&nbsp;&nbsp;programme-tv.net<\/li>\n<li><a href=\"https:\/\/news.google.com\/rss\/articles\/CBMigAFBVV95cUxNeU9RRWdBZmtaNWRnLWZKQ0JES0hiMUEzSUhRaHBwQjBIYlpFNUJMSXVZdDdEUDVBbkR1RWhKTU1QX18zeUNLZWpRMkhuOEx4V0JRWGR2M1pMZXNUbVZpcEY0VDhHRDJyaVZKbFhjdzhkbVhIeTZKbk5xQTNoa29uTQ?oc=5\" target=\"_blank\" rel=\"nofollow noopener\">Un acteur de Ici tout commence publie une jolie photo de sa compagne, actrice de 28 ans de moins que lui : un t\u00e9moignage d&rsquo;amour&#8230;<\/a>&nbsp;&nbsp;Yahoo Actualit\u00e9s<\/li>\n<li><a href=\"https:\/\/news.google.com\/rss\/articles\/CBMiywFBVV95cUxOcnBSdm5XZGZOTFdiVk51SW10Y2JlWDdLR2NVaTYyVGF3ZTJNUTFhaVVSOFFINEQtdVhQb2RQRnBTQ3NWNTZsOXU4bW5TV3NKd0NPYkhrMWZ3Sm11T3lGMXhpMkNtc05JUTZ0NE93RmRMUWNxdGVyVGpnMzhTdElxRjRUMkpveDRGLUpUTXFieE5JOXRNd1hSZURRalJIX2JVeWJCQy1vUVZrS3Bidm9rNnlTM0xhT0lLeXVmdGk2eFEydHYwOFRaSElDUQ?oc=5\" target=\"_blank\" rel=\"nofollow noopener\">\u00ab Pourquoi est-ce qu\u2019on devrait se cacher ? \u00bb : St\u00e9phane Blancafort s\u2019exprime apr\u00e8s avoir publi\u00e9 un clich\u00e9 tr\u00e8s intime de sa compagne Catherine Davydzenka<\/a>&nbsp;&nbsp;Sudinfo<\/li>\n<li><a href=\"https:\/\/news.google.com\/rss\/articles\/CBMijwJBVV95cUxPeFM0TDNxRlNzV1pYSnh4NEplNGp3cFl1U1BVRm9UQkh2YS11TXQyMTlvYmFhWVB1R09rbFRESmxpSzA2SEtTREVvcHRwTWpWbm1XbS01TWFIRzhNc1dpREo5TFRoZk0ydFhYdHpSSGlCd0JnWTBiSk1KdE90akNHRGxnQk9Uc2hWOW9SczEwSzR0M3hkTzk2ZjUtMUQ4SEdZNWJOakd2cmJMb0JTZGRQVHI5UzlEODdhODVuN3poNEJFeWF3Y1VBamRaNTVmLWxMUTB3UjRqQy0zUU1YYlhEa09EeFZWTkJvZnFIUVJQNm1ORF9ZT1RkalJCTWMxdEU0LWo3bXdUT2hGYUdUc1ln?oc=5\" target=\"_blank\" rel=\"nofollow noopener\">\u00ab\u00a0Ce n&rsquo;est pas du tout de la provoc\u00a0\u00bb : St\u00e9phane Blancafort s\u2019explique apr\u00e8s la publication d\u2019une photo tr\u00e8s surprenante de Catherine Davydzenka<\/a>&nbsp;&nbsp;Portail Free<\/li>\n<\/ol>\n","protected":false},"excerpt":{"rendered":"Ici tout commence : St\u00e9phane Blancafort choque des internautes en publiant une photo de sa compagne totalement nue&nbsp;&nbsp;TV&hellip;\n","protected":false},"author":2,"featured_media":1445,"comment_status":"","ping_status":"","sticky":false,"template":"","format":"standard","meta":{"footnotes":""},"categories":[1359],"tags":[58,59,1011,27,973],"class_list":{"0":"post-355796","1":"post","2":"type-post","3":"status-publish","4":"format-standard","5":"has-post-thumbnail","7":"category-people","8":"tag-divertissement","9":"tag-entertainment","10":"tag-fr","11":"tag-france","12":"tag-people"},"share_on_mastodon":{"url":"https:\/\/pubeurope.com\/@fr\/115121420036551747","error":""},"_links":{"self":[{"href":"https:\/\/www.europesays.com\/fr\/wp-json\/wp\/v2\/posts\/355796","targetHints":{"allow":["GET"]}}],"collection":[{"href":"https:\/\/www.europesays.com\/fr\/wp-json\/wp\/v2\/posts"}],"about":[{"href":"https:\/\/www.europesays.com\/fr\/wp-json\/wp\/v2\/types\/post"}],"author":[{"embeddable":true,"href":"https:\/\/www.europesays.com\/fr\/wp-json\/wp\/v2\/users\/2"}],"replies":[{"embeddable":true,"href":"https:\/\/www.europesays.com\/fr\/wp-json\/wp\/v2\/comments?post=355796"}],"version-history":[{"count":0,"href":"https:\/\/www.europesays.com\/fr\/wp-json\/wp\/v2\/posts\/355796\/revisions"}],"wp:featuredmedia":[{"embeddable":true,"href":"https:\/\/www.europesays.com\/fr\/wp-json\/wp\/v2\/media\/1445"}],"wp:attachment":[{"href":"https:\/\/www.europesays.com\/fr\/wp-json\/wp\/v2\/media?parent=355796"}],"wp:term":[{"taxonomy":"category","embeddable":true,"href":"https:\/\/www.europesays.com\/fr\/wp-json\/wp\/v2\/categories?post=355796"},{"taxonomy":"post_tag","embeddable":true,"href":"https:\/\/www.europesays.com\/fr\/wp-json\/wp\/v2\/tags?post=355796"}],"curies":[{"name":"wp","href":"https:\/\/api.w.org\/{rel}","templated":true}]}}