{"id":355799,"date":"2025-08-31T04:11:14","date_gmt":"2025-08-31T04:11:14","guid":{"rendered":"https:\/\/www.europesays.com\/fr\/355799\/"},"modified":"2025-08-31T04:11:14","modified_gmt":"2025-08-31T04:11:14","slug":"philippe-de-riemacker-parrain-de-la-truffiere-aux-livres","status":"publish","type":"post","link":"https:\/\/www.europesays.com\/fr\/355799\/","title":{"rendered":"Philippe De Riemacker, parrain de la Truffi\u00e8re aux livres"},"content":{"rendered":"<p>Pour sa 17e \u00e9dition, la Truffi\u00e8re aux livres, le salon du livre francophone de Rocamadour, accueille comme parrain Philippe De Riemacker, \u00e9crivain belge et citoyen d\u2019honneur de Rocamadour. Il pr\u00e9sentera et d\u00e9dicacera son dernier ouvrage \u00ab\u00a0Le Sommeil interdit\u00a0\u00bb.<\/p>\n<p> Un parcours fa\u00e7onn\u00e9<\/p>\n<p>par la po\u00e9sie<\/p>\n<p>\u00ab\u00a0Je ne me souviens plus de mes premiers \u00e9crits, mais j\u2019ai toujours aim\u00e9 la po\u00e9sie et la musicalit\u00e9 des mots.\u00a0\u00bb Un souvenir d\u2019\u00e9cole l\u2019a marqu\u00e9 : surpris \u00e0 \u00e9crire une po\u00e9sie au lieu de travailler, il fut proclam\u00e9 \u00ab\u00a0po\u00e8te\u00a0\u00bb par une surveillante devant toute la classe. Plus tard, il d\u00e9posa ses textes \u00e0 la Maison de la culture de Namur, o\u00f9 la po\u00e9tesse Louise Marie Danhaive l\u2019initia au travail et \u00e0 l\u2019humilit\u00e9.<\/p>\n<p>Identit\u00e9 et empreinte<\/p>\n<p>De Riemacker se dit belge, fier de ses racines, mais refuse de se limiter \u00e0 un clocher. \u00ab\u00a0J\u2019aime la France de fa\u00e7on d\u00e9raisonnable et la francophonie dans son entier. En fait, je crois que j\u2019aime avant tout l\u2019humain.\u00a0\u00bb Son empreinte personnelle ? \u00ab\u00a0Mes cinq petits-enfants.\u00a0\u00bb<\/p>\n<p> D\u00e9fis et forces<\/p>\n<p>Issu d\u2019une famille bilingue (de p\u00e8re flamand, de m\u00e8re francophone), il a longtemps ressenti une fragilit\u00e9 linguistique. Mais il en a fait une richesse : \u00ab\u00a0Cela m\u2019offre la libert\u00e9 d\u2019inventer un mot, de changer le rythme d\u2019une phrase et, parfois, d\u2019offrir du r\u00eave.\u00a0\u00bb<\/p>\n<p> Une vision tourn\u00e9e<\/p>\n<p>vers demain<\/p>\n<p>Son agenda est charg\u00e9 : Alg\u00e9rie, S\u00e9n\u00e9gal, Mons, Namur\u2026 Et un projet lui tient \u00e0 c\u0153ur : monter sur sc\u00e8ne pour un one man show po\u00e9tique. Titre pressenti : \u00ab\u00a0Et moi je suis tout nu\u00a0\u00bb.<\/p>\n<p> Inspirations et r\u00e9f\u00e9rences<\/p>\n<p>Sa sensibilit\u00e9 musicale s\u2019est nourrie de Brel, Ferr\u00e9, Julos Beaucarne ou Annie Cordy ; pour la litt\u00e9rature, Victor Hugo domine, aux c\u00f4t\u00e9s de Gilles Legardinier et Henry Verne.<\/p>\n<p>\u0152uvres marquantes<\/p>\n<p>\u00ab\u00a0Le Petit Prince\u00a0\u00bb et \u00ab\u00a0Les Mis\u00e9rables\u00a0\u00bb ont boulevers\u00e9 son rapport \u00e0 la culture : \u00ab\u00a0Hugo \u00e9crivait \u00e0 la plume, sans ordinateur ni t\u00e9l\u00e9phone.\u00a0\u00bb<\/p>\n<p> Ce qu\u2019il esp\u00e8re transmettre<\/p>\n<p>\u00ab\u00a0Que le lecteur ne se sente pas l\u00e9s\u00e9. Mon message : la vie est \u00e9ph\u00e9m\u00e8re, il faut positiver et ne pas juger sans conna\u00eetre.\u00a0\u00bb<\/p>\n<p> \u00ab\u00a0Le Sommeil interdit\u00a0\u00bb<\/p>\n<p>N\u00e9 d\u2019un jeu de piste avec ses petits-enfants, ce roman historique l\u2019a conduit \u00e0 revisiter des lieux et v\u00e9rifier chaque source. \u00ab\u00a0Les personnages faisaient ce qu\u2019ils voulaient.\u00a0\u00bb Apr\u00e8s plusieurs refus d\u2019\u00e9diteurs, c\u2019est finalement Le Lion Z\u2019ail\u00e9 qui a publi\u00e9 le manuscrit.<\/p>\n<p>Philippe De Riemacker sera pr\u00e9sent au salon du livre de Rocamadour, dimanche 7 septembre, de 10 heures \u00e0 17 heures, aux c\u00f4t\u00e9s de nombreux auteurs. Plus d\u2019informations sur : <a href=\"http:\/\/salondulivrerocamadour.com\" target=\"_blank\" rel=\"nofollow noopener\">salondulivrerocamadour.com<\/a><\/p>\n","protected":false},"excerpt":{"rendered":"Pour sa 17e \u00e9dition, la Truffi\u00e8re aux livres, le salon du livre francophone de Rocamadour, accueille comme parrain&hellip;\n","protected":false},"author":2,"featured_media":355800,"comment_status":"","ping_status":"","sticky":false,"template":"","format":"standard","meta":{"footnotes":""},"categories":[1357],"tags":[1379,58,59,1011,27,1380],"class_list":{"0":"post-355799","1":"post","2":"type-post","3":"status-publish","4":"format-standard","5":"has-post-thumbnail","7":"category-livres","8":"tag-books","9":"tag-divertissement","10":"tag-entertainment","11":"tag-fr","12":"tag-france","13":"tag-livres"},"share_on_mastodon":{"url":"https:\/\/pubeurope.com\/@fr\/115121427834805225","error":""},"_links":{"self":[{"href":"https:\/\/www.europesays.com\/fr\/wp-json\/wp\/v2\/posts\/355799","targetHints":{"allow":["GET"]}}],"collection":[{"href":"https:\/\/www.europesays.com\/fr\/wp-json\/wp\/v2\/posts"}],"about":[{"href":"https:\/\/www.europesays.com\/fr\/wp-json\/wp\/v2\/types\/post"}],"author":[{"embeddable":true,"href":"https:\/\/www.europesays.com\/fr\/wp-json\/wp\/v2\/users\/2"}],"replies":[{"embeddable":true,"href":"https:\/\/www.europesays.com\/fr\/wp-json\/wp\/v2\/comments?post=355799"}],"version-history":[{"count":0,"href":"https:\/\/www.europesays.com\/fr\/wp-json\/wp\/v2\/posts\/355799\/revisions"}],"wp:featuredmedia":[{"embeddable":true,"href":"https:\/\/www.europesays.com\/fr\/wp-json\/wp\/v2\/media\/355800"}],"wp:attachment":[{"href":"https:\/\/www.europesays.com\/fr\/wp-json\/wp\/v2\/media?parent=355799"}],"wp:term":[{"taxonomy":"category","embeddable":true,"href":"https:\/\/www.europesays.com\/fr\/wp-json\/wp\/v2\/categories?post=355799"},{"taxonomy":"post_tag","embeddable":true,"href":"https:\/\/www.europesays.com\/fr\/wp-json\/wp\/v2\/tags?post=355799"}],"curies":[{"name":"wp","href":"https:\/\/api.w.org\/{rel}","templated":true}]}}