{"id":355803,"date":"2025-08-31T04:13:13","date_gmt":"2025-08-31T04:13:13","guid":{"rendered":"https:\/\/www.europesays.com\/fr\/355803\/"},"modified":"2025-08-31T04:13:13","modified_gmt":"2025-08-31T04:13:13","slug":"ce-clip-de-celine-dion-que-jean-jacques-goldman-na-pas-apprecie","status":"publish","type":"post","link":"https:\/\/www.europesays.com\/fr\/355803\/","title":{"rendered":"ce clip de C\u00e9line Dion que Jean-Jacques Goldman n&rsquo;a pas appr\u00e9ci\u00e9"},"content":{"rendered":"<p><img alt=\"DR \/ M6\" loading=\"lazy\" width=\"574\" height=\"322\" decoding=\"async\" data-nimg=\"1\" class=\"rounded-lg\" style=\"color:transparent\" src=\"https:\/\/www.europesays.com\/fr\/wp-content\/uploads\/2025\/08\/b17eb9c19b3b67222b707bb29dbbd01a.jpeg\"\/><\/p>\n<p>DR \/ M6<\/p>\n<p class=\"mb-4 text-lg md:leading-8 break-words\">Vous saurez bient\u00f4t tout sur <a class=\"link \" href=\"https:\/\/www.chartsinfrance.net\/actualite\/news-132127.html\" rel=\"nofollow noopener\" target=\"_blank\" data-ylk=\"slk:&quot;D&#039;eux&quot;;elm:context_link;itc:0;sec:content-canvas\">\u00ab\u00a0D&rsquo;eux\u00a0\u00bb<\/a>. Alors qu&rsquo;il f\u00eate actuellement ses 30 ans, le mythique album de C\u00e9line Dion sera au coeur d&rsquo;<a class=\"link \" href=\"https:\/\/www.chartsinfrance.net\/actualite\/news-133476.html\" rel=\"nofollow noopener\" target=\"_blank\" data-ylk=\"slk:un documentaire;elm:context_link;itc:0;sec:content-canvas\">un documentaire<\/a> diffus\u00e9 le mercredi 3 septembre prochain sur M6. Pour l&rsquo;occasion, la star canadienne a accept\u00e9 de se livrer en interview pour raconter les coulisses du disque, \u00e9voquer <a class=\"link \" href=\"https:\/\/www.chartsinfrance.net\/actualite\/news-133543.html\" rel=\"nofollow noopener\" target=\"_blank\" data-ylk=\"slk:sa rencontre insolite avec Jean-Jacques Goldman;elm:context_link;itc:0;sec:content-canvas\">sa rencontre insolite avec Jean-Jacques Goldman<\/a> ou <a class=\"link \" href=\"https:\/\/www.chartsinfrance.net\/actualite\/news-133526.html\" rel=\"nofollow noopener\" target=\"_blank\" data-ylk=\"slk:s&#039;\u00e9mouvoir du lien qu&#039;elle partage avec la France;elm:context_link;itc:0;sec:content-canvas\">s&rsquo;\u00e9mouvoir du lien qu&rsquo;elle partage avec la France<\/a> depuis plus de trois d\u00e9cennies. Un documentaire rempli de nombreux t\u00e9moignages (Amel Bent, Charlotte Cardin, Kendji Girac, Garou&#8230;) et qui promet donc des images d&rsquo;archives rares ou in\u00e9dites de cette \u00e9poque, au moment m\u00eame o\u00f9 il se murmure que <a class=\"link \" href=\"https:\/\/www.chartsinfrance.net\/actualite\/news-133415.html\" rel=\"nofollow noopener\" target=\"_blank\" data-ylk=\"slk:de nouvelles chansons de C\u00e9line Dion sign\u00e9es Goldman;elm:context_link;itc:0;sec:content-canvas\">de nouvelles chansons de C\u00e9line Dion sign\u00e9es Goldman<\/a> pourraient bient\u00f4t voir le jour. <\/p>\n<p>\u00ab\u00a0C&rsquo;est chaud&#8230;\u00a0\u00bb<\/p>\n<p class=\"mb-4 text-lg md:leading-8 break-words\">\u00c0 quelques jours de sa diffusion sur M6, un nouvel extrait est partag\u00e9 en exclusivit\u00e9 par nos confr\u00e8res de <a class=\"link \" href=\"https:\/\/www.gala.fr\/l_actu\/news_de_stars\/exclu-video-jean-jacques-goldman-etonne-par-un-clip-de-celine-dion-ca-fait-film-erotique-italien-20250824\" rel=\"nofollow noopener\" target=\"_blank\" data-ylk=\"slk:Gala;elm:context_link;itc:0;sec:content-canvas\">Gala<\/a>. Et celui-ci se concentre sur le clip de \u00ab\u00a0Je sais pas\u00a0\u00bb, deuxi\u00e8me single extrait de l&rsquo;album \u00ab\u00a0D&rsquo;eux\u00a0\u00bb \u00e0 l&rsquo;\u00e9t\u00e9 1995. Si la chanson reste un incontournable de son r\u00e9pertoire, elle a \u00e9t\u00e9 accompagn\u00e9e de deux vid\u00e9os en noir et blanc. La premi\u00e8re, officielle, voit simplement C\u00e9line Dion interpr&#8230;<\/p>\n<p class=\"mb-4 text-lg md:leading-8 break-words\"><a href=\"https:\/\/www.chartsinfrance.net\/Celine-Dion\/news-133597.html\" rel=\"nofollow noopener\" target=\"_blank\" data-ylk=\"slk:Cliquez ici pour voir la suite;elm:context_link;itc:0;sec:content-canvas\" class=\"link \">Cliquez ici pour voir la suite<\/a><\/p>\n<p class=\"mb-4 text-lg md:leading-8 break-words\">A lire aussi :<\/p>\n<p class=\"mb-4 text-lg md:leading-8 break-words\"><a href=\"https:\/\/www.chartsinfrance.net\/Celine-Dion\/news-133543.html\" rel=\"nofollow noopener\" target=\"_blank\" data-ylk=\"slk:C\u00e9line Dion raconte sa premi\u00e8re fois avec Goldman;elm:context_link;itc:0;sec:content-canvas\" class=\"link \">C\u00e9line Dion raconte sa premi\u00e8re fois avec Goldman<\/a><br \/><a href=\"https:\/\/www.chartsinfrance.net\/Celine-Dion\/news-133526.html\" rel=\"nofollow noopener\" target=\"_blank\" data-ylk=\"slk:C\u00e9line Dion en larmes dans l&#039;extrait du doc M6;elm:context_link;itc:0;sec:content-canvas\" class=\"link \">C\u00e9line Dion en larmes dans l&rsquo;extrait du doc M6<\/a><br \/><a href=\"https:\/\/www.chartsinfrance.net\/Celine-Dion\/news-133476.html\" rel=\"nofollow noopener\" target=\"_blank\" data-ylk=\"slk:C\u00e9line Dion : la date de diffusion du doc sur &quot;D&#039;eux&quot;;elm:context_link;itc:0;sec:content-canvas\" class=\"link \">C\u00e9line Dion : la date de diffusion du doc sur \u00ab\u00a0D&rsquo;eux\u00a0\u00bb<\/a><\/p>\n","protected":false},"excerpt":{"rendered":"DR \/ M6 Vous saurez bient\u00f4t tout sur \u00ab\u00a0D&rsquo;eux\u00a0\u00bb. Alors qu&rsquo;il f\u00eate actuellement ses 30 ans, le mythique&hellip;\n","protected":false},"author":2,"featured_media":355804,"comment_status":"","ping_status":"","sticky":false,"template":"","format":"standard","meta":{"footnotes":""},"categories":[1355],"tags":[7043,30350,58,59,1011,27,2014,7780,494,1361,873],"class_list":{"0":"post-355803","1":"post","2":"type-post","3":"status-publish","4":"format-standard","5":"has-post-thumbnail","7":"category-musique","8":"tag-celine-dion","9":"tag-charlotte-cardin","10":"tag-divertissement","11":"tag-entertainment","12":"tag-fr","13":"tag-france","14":"tag-goldman","15":"tag-kendji-girac","16":"tag-m6","17":"tag-music","18":"tag-musique"},"share_on_mastodon":{"url":"https:\/\/pubeurope.com\/@fr\/115121435922310120","error":""},"_links":{"self":[{"href":"https:\/\/www.europesays.com\/fr\/wp-json\/wp\/v2\/posts\/355803","targetHints":{"allow":["GET"]}}],"collection":[{"href":"https:\/\/www.europesays.com\/fr\/wp-json\/wp\/v2\/posts"}],"about":[{"href":"https:\/\/www.europesays.com\/fr\/wp-json\/wp\/v2\/types\/post"}],"author":[{"embeddable":true,"href":"https:\/\/www.europesays.com\/fr\/wp-json\/wp\/v2\/users\/2"}],"replies":[{"embeddable":true,"href":"https:\/\/www.europesays.com\/fr\/wp-json\/wp\/v2\/comments?post=355803"}],"version-history":[{"count":0,"href":"https:\/\/www.europesays.com\/fr\/wp-json\/wp\/v2\/posts\/355803\/revisions"}],"wp:featuredmedia":[{"embeddable":true,"href":"https:\/\/www.europesays.com\/fr\/wp-json\/wp\/v2\/media\/355804"}],"wp:attachment":[{"href":"https:\/\/www.europesays.com\/fr\/wp-json\/wp\/v2\/media?parent=355803"}],"wp:term":[{"taxonomy":"category","embeddable":true,"href":"https:\/\/www.europesays.com\/fr\/wp-json\/wp\/v2\/categories?post=355803"},{"taxonomy":"post_tag","embeddable":true,"href":"https:\/\/www.europesays.com\/fr\/wp-json\/wp\/v2\/tags?post=355803"}],"curies":[{"name":"wp","href":"https:\/\/api.w.org\/{rel}","templated":true}]}}