{"id":355805,"date":"2025-08-31T04:14:19","date_gmt":"2025-08-31T04:14:19","guid":{"rendered":"https:\/\/www.europesays.com\/fr\/355805\/"},"modified":"2025-08-31T04:14:19","modified_gmt":"2025-08-31T04:14:19","slug":"le-box-office-francais-en-berne-cette-annee-un-film-peut-retourner-une-tendance-il-ne-faut-pas-paniquer","status":"publish","type":"post","link":"https:\/\/www.europesays.com\/fr\/355805\/","title":{"rendered":"Le box-office fran\u00e7ais en berne cette ann\u00e9e\u00a0: \u00ab\u00a0Un film peut retourner une tendance, il ne faut pas paniquer\u00a0\u00bb"},"content":{"rendered":"<p class=\"PopSlotParagraph qg-tx2 qg-xtra-lh svelte-1r0pyek\">La fr\u00e9quentation des salles de cin\u00e9ma est en berne. M\u00eame les blockbusters de l\u2019\u00e9t\u00e9 n\u2019attirent pas les spectateurs. L&rsquo;affluence a baiss\u00e9 de 13,6% sur les sept premiers mois de l&rsquo;ann\u00e9e par rapport \u00e0 l&rsquo;ann\u00e9e derni\u00e8re, avec 89,5 millions d\u2019entr\u00e9es contre 103,6 millions en 2024. La chute est forte en mai et juin. Mais pas de quoi d\u00e9courager les professionnels du cin\u00e9ma.<\/p>\n<p class=\"PopSlotParagraph qg-tx2 qg-xtra-lh svelte-1r0pyek\">\u00ab\u00a0Promis le ciel\u00a0\u00bb,\u00a0<a href=\"https:\/\/www.franceinfo.fr\/culture\/cinema\/festival-de-cannes\/critiques\/festival-de-cannes-2025-avec-promis-le-ciel-erige-sehiri-signe-un-film-percutant-sur-le-harcelement-des-immigres-subsahariens-en-tunisie_7224204.html\" target=\"_blank\" rel=\"noopener nofollow\" class=\"\" data-testid=\"link\">c\u2019est le nom du prochain film d\u2019Erige Sehiri<\/a>. Il ne sortira qu\u2019en novembre, mais d\u00e9j\u00e0 la r\u00e9alisatrice vient rencontrer le public \u00e0 Angoul\u00eame. Son film est en comp\u00e9tition. Elle esp\u00e8re compter sur le bouche-\u00e0-oreille\u00a0: \u00ab\u00a0On aimerait \u00eatre l\u2019exception qui fait qu\u2019un film \u00e0 petit budget aura du succ\u00e8s. On n\u2019a tellement pas de contr\u00f4le sur \u00e7a. On sait que nos films sont d\u00e9licats, alors il y a un public de niche \u00e0 aller chercher, qui n\u2019irait pas forc\u00e9ment au cin\u00e9ma, mais qui irait pour ce film-l\u00e0.\u00a0\u00bb<\/p>\n<p class=\"PopSlotParagraph qg-tx2 qg-xtra-lh svelte-1r0pyek\">La r\u00e9alisatrice le constate, \u00ab\u00a0il y a plus de pression, \u00e0 la fois pour faire les films, les fabriquer, car il y en a beaucoup. D\u2019une certaine mani\u00e8re, on est davantage en \u2018concurrence\u2019, m\u00eame si je n\u2019aime pas ce mot-l\u00e0. On sent cette pression. M\u00eame avant la sortie en salle. C\u2019est la cerise sur le g\u00e2teau si \u00e7a fonctionne tellement on a travers\u00e9 des \u00e9tapes difficiles avant d\u2019arriver l\u00e0.\u00a0\u00bb<\/p>\n<p> Une ann\u00e9e 2024 faste<\/p>\n<p class=\"PopSlotParagraph qg-tx2 qg-xtra-lh svelte-1r0pyek\">Cette baisse de fr\u00e9quentation s\u2019explique aussi par une ann\u00e9e 2024 exceptionnelle, avec des films comme \u00ab\u00a0Un petit truc en plus\u00a0\u00bb et \u00ab\u00a0Le comte de Monte-Cristo\u00a0\u00bb. Olivier Henrard, le directeur g\u00e9n\u00e9ral du CNC, le Centre national du cin\u00e9ma et de l\u2019image anim\u00e9e (CNC), relativise\u00a0: \u00ab\u00a0On sait qu\u2019un film change les r\u00e8gles. Il ne faut pas oublier que le cin\u00e9ma\u00a0reste une industrie, de la fabrication artisanale. C&rsquo;est-\u00e0-dire que l&rsquo;arriv\u00e9e d&rsquo;un ou deux films populaires sur une ann\u00e9e civile peut faire basculer la fr\u00e9quentation de l&rsquo;ann\u00e9e du bon ou du mauvais c\u00f4t\u00e9. Un film peut retourner une tendance. Il ne faut pas paniquer.\u00a0\u00bb<\/p>\n<p class=\"PopSlotParagraph qg-tx2 qg-xtra-lh svelte-1r0pyek\">Il pr\u00e9f\u00e8re \u00ab\u00a0prendre du recul\u00a0\u00bb, car l\u2019an pass\u00e9 \u00ab\u00a0des locomotives avec des gros films fran\u00e7ais et am\u00e9ricains\u00a0\u00bb ont permis \u00e0 la France d\u2019\u00eatre\u00a0\u00ab\u00a0le seul pays au monde dont la fr\u00e9quentation des cin\u00e9mas avait progress\u00e9 en 2024 par rapport \u00e0 2023\u00a0\u00bb. Ce \u00ab\u00a0petit coup de mou\u00a0\u00bb n&rsquo;inqui\u00e8te pas Olivier Henrard, qui rappelle que les productions hexagonales continuent de plaire\u00a0: \u00ab\u00a0Les Fran\u00e7ais vont voir 40 % de films fran\u00e7ais. Quand les Espagnols, les Italiens et les Allemands vont voir entre 15% et 20 % de films nationaux.\u00a0\u00bb<\/p>\n<p> Les yeux tourn\u00e9s vers la fin d\u2019ann\u00e9e<\/p>\n<p class=\"PopSlotParagraph qg-tx2 qg-xtra-lh svelte-1r0pyek\">D\u2019autant que des productions prometteuses sont attendues, assure Fran\u00e7ois Clerc, distributeur chez Apollo Films\u00a0: \u00ab\u00a0\u00c0 partir du second semestre et jusqu\u2019\u00e0 la fin d\u2019ann\u00e9e, je peux vous garantir que l\u2019offre sera \u00e0 nouveau pr\u00e9sente.\u00a0\u00bb\u00a0Parmi ces films qui pourraient booster la fr\u00e9quentation en salle, il y a la suite de \u00ab\u00a0Kaamelott\u00a0\u00bb d\u2019Alexandre Astier, \u00ab\u00a0Chien 51\u00a0\u00bb de C\u00e9dric Jimenez ou encore la com\u00e9die dramatique \u00ab\u00a0La Femme la plus riche du monde\u00a0\u00bb, inspir\u00e9e de Liliane Bettencourt, avec Isabelle Huppert et Laurent Laffite.<\/p>\n<p class=\"PopSlotParagraph qg-tx2 qg-xtra-lh svelte-1r0pyek\">\u00ab\u00a0L\u2019ann\u00e9e prochaine, il y aura une conjonction de grands films fran\u00e7ais et de grands films am\u00e9ricains\u00a0\u00bb, poursuit Fran\u00e7ois Clerc. \u00ab\u00a0Quand vous voyez le retour de Christopher Nolan et de Steven Spielberg, vous savez d\u00e9j\u00e0 que vous aurez une bonne ann\u00e9e sous les yeux.\u00a0\u00bb Suffisant pour faire revenir les spectateurs en salle\u00a0? C\u2019est en tout cas prometteur.<\/p>\n","protected":false},"excerpt":{"rendered":"La fr\u00e9quentation des salles de cin\u00e9ma est en berne. M\u00eame les blockbusters de l\u2019\u00e9t\u00e9 n\u2019attirent pas les spectateurs.&hellip;\n","protected":false},"author":2,"featured_media":355806,"comment_status":"","ping_status":"","sticky":false,"template":"","format":"standard","meta":{"footnotes":""},"categories":[1354],"tags":[58,59,1346,1011,27,1360],"class_list":{"0":"post-355805","1":"post","2":"type-post","3":"status-publish","4":"format-standard","5":"has-post-thumbnail","7":"category-films","8":"tag-divertissement","9":"tag-entertainment","10":"tag-films","11":"tag-fr","12":"tag-france","13":"tag-movies"},"share_on_mastodon":{"url":"https:\/\/pubeurope.com\/@fr\/115121440106024198","error":""},"_links":{"self":[{"href":"https:\/\/www.europesays.com\/fr\/wp-json\/wp\/v2\/posts\/355805","targetHints":{"allow":["GET"]}}],"collection":[{"href":"https:\/\/www.europesays.com\/fr\/wp-json\/wp\/v2\/posts"}],"about":[{"href":"https:\/\/www.europesays.com\/fr\/wp-json\/wp\/v2\/types\/post"}],"author":[{"embeddable":true,"href":"https:\/\/www.europesays.com\/fr\/wp-json\/wp\/v2\/users\/2"}],"replies":[{"embeddable":true,"href":"https:\/\/www.europesays.com\/fr\/wp-json\/wp\/v2\/comments?post=355805"}],"version-history":[{"count":0,"href":"https:\/\/www.europesays.com\/fr\/wp-json\/wp\/v2\/posts\/355805\/revisions"}],"wp:featuredmedia":[{"embeddable":true,"href":"https:\/\/www.europesays.com\/fr\/wp-json\/wp\/v2\/media\/355806"}],"wp:attachment":[{"href":"https:\/\/www.europesays.com\/fr\/wp-json\/wp\/v2\/media?parent=355805"}],"wp:term":[{"taxonomy":"category","embeddable":true,"href":"https:\/\/www.europesays.com\/fr\/wp-json\/wp\/v2\/categories?post=355805"},{"taxonomy":"post_tag","embeddable":true,"href":"https:\/\/www.europesays.com\/fr\/wp-json\/wp\/v2\/tags?post=355805"}],"curies":[{"name":"wp","href":"https:\/\/api.w.org\/{rel}","templated":true}]}}