{"id":355816,"date":"2025-08-31T04:20:12","date_gmt":"2025-08-31T04:20:12","guid":{"rendered":"https:\/\/www.europesays.com\/fr\/355816\/"},"modified":"2025-08-31T04:20:12","modified_gmt":"2025-08-31T04:20:12","slug":"au-moins-trois-morts-colere-contre-la-police-le-point-sur-les-emeutes","status":"publish","type":"post","link":"https:\/\/www.europesays.com\/fr\/355816\/","title":{"rendered":"Au moins trois morts, col\u00e8re contre la police\u2026 Le point sur les \u00e9meutes"},"content":{"rendered":"<p>La d\u00e9fiance contre le pouvoir en place tourne au tragique en <a href=\"https:\/\/www.20minutes.fr\/dossier\/indonesie\" target=\"_blank\" class=\"c-link c-link--is-underlined\" rel=\"nofollow noopener\">Indon\u00e9sie<\/a>. Faisant au moins trois morts, de tr\u00e8s violentes manifestations ont \u00e9clat\u00e9 \u00e0 travers l\u2019archipel, repr\u00e9sentant le plus grand test pour <a href=\"https:\/\/www.20minutes.fr\/monde\/4116696-20241021-indonesie-ancien-general-controverse-prabowo-subianto-devient-president-pays\" target=\"_blank\" class=\"c-link c-link--is-underlined\" rel=\"nofollow noopener\">Prabowo Subianto moins d\u2019un an apr\u00e8s son arriv\u00e9e \u00e0 la t\u00eate du pays<\/a>.<\/p>\n<p>La premi\u00e8re \u00e9conomie d\u2019Asie du Sud-Est est en proie \u00e0 un m\u00e9contentement croissant en raison des difficult\u00e9s \u00e9conomiques d\u2019une grande partie de la population. Voici les choses \u00e0 savoir sur ces \u00e9meutes.<\/p>\n<p>Des avantages controvers\u00e9s aux d\u00e9put\u00e9s<\/p>\n<p>Plusieurs centaines de manifestants se sont rassembl\u00e9es devant le parlement lundi \u00e0 Jakarta, en col\u00e8re contre les avantages accord\u00e9s aux d\u00e9put\u00e9s, qui comprennent une allocation de logement presque dix fois sup\u00e9rieure au salaire minimum dans la capitale.<\/p>\n<\/p>\n<p>De nouvelles manifestations ont eu lieu jeudi, des centaines de personnes protestant toute la nuit contre les bas salaires. La police a tent\u00e9 de disperser la foule en utilisant des gaz lacrymog\u00e8nes et des canons \u00e0 eau. Lors de cette manifestation, une fourgonnette de l\u2019unit\u00e9 paramilitaire de la Brigade Mobile (Brimob) a \u00e9cras\u00e9 et tu\u00e9 un conducteur de moto-taxi de 21 ans, Affan Kurniawan. Les images sont devenues virales et ont exacerb\u00e9 la col\u00e8re contre la police.<\/p>\n<p>Les manifestations s\u2019\u00e9tendent<\/p>\n<p>Les <a href=\"https:\/\/www.20minutes.fr\/dossier\/manifestation\" target=\"_blank\" class=\"c-link c-link--is-underlined\" rel=\"nofollow noopener\">manifestations<\/a> se sont intensifi\u00e9es et \u00e9tendues \u00e0 travers le pays apr\u00e8s la mort du conducteur. Des milliers de personnes, dont beaucoup de conducteurs de moto \u00ab\u00a0ojek\u00a0\u00bb (moto-taxi), ont manifest\u00e9 \u00e0 Jakarta, lan\u00e7ant notamment des pierres et des cocktails Molotov devant le si\u00e8ge de la police. Des manifestations se sont \u00e9galement produites dans d\u2019autres grandes villes de l\u2019archipel comme Yogyakarta, Bandung, Solo et Semarang \u00e0 Java, et \u00e0 Medan.<\/p>\n<p>Au moins trois personnes ont \u00e9t\u00e9 tu\u00e9es et quatre bless\u00e9es \u00e0 Makassar, la plus grande ville de l\u2019\u00eele orientale des C\u00e9l\u00e8bes, vendredi soir, apr\u00e8s que des manifestants ont mis le feu \u00e0 un b\u00e2timent public.<\/p>\n<p>Une col\u00e8re qui monte depuis f\u00e9vrier<\/p>\n<p>Des milliers d\u2019Indon\u00e9siens ont protest\u00e9 en f\u00e9vrier contre les coupes budg\u00e9taires importantes ordonn\u00e9es par Prabowo, afin de financer un vaste et co\u00fbteux programme de repas gratuits pour les scolaires. Les Indon\u00e9siens sont d\u00e9senchant\u00e9s et inquiets de leur situation \u00e9conomique.<\/p>\n<p>\u00ab\u00a0Il y a aussi des probl\u00e8mes li\u00e9s \u00e0 des imp\u00f4ts injustes, \u00e0 la baisse du pouvoir d\u2019achat et au manque d\u2019opportunit\u00e9s d\u2019emploi\u00a0\u00bb, analyse pour Bhima Yudhistira Adhinegara, directeur ex\u00e9cutif du Centre d\u2019\u00e9tudes \u00e9conomiques et juridiques de Jakarta. Selon lui, le m\u00e9contentement a aussi \u00e9clat\u00e9 en raison du manque d\u2019empathie manifest\u00e9 par les d\u00e9put\u00e9s.<\/p>\n<p>Un test pour le pr\u00e9sident<\/p>\n<p>Ces manifestations repr\u00e9sentent le plus grand test de Prabowo depuis sa prise de fonctions en octobre et les experts affirment que l\u2019ex-g\u00e9n\u00e9ral doit agir pour apaiser la col\u00e8re du public.<\/p>\n<p><a href=\"https:\/\/www.20minutes.fr\/dossier\/indonesie\" target=\"_blank\" class=\"c-link c-btn c-btn--primary\" rel=\"nofollow noopener\">Nos articles sur l&rsquo;Indon\u00e9sie<\/a><\/p>\n<p>Prabowo et le chef de la police nationale ont promis d\u2019enqu\u00eater sur la mort du moto-taxi. Sept officiers de la Brimob, accus\u00e9s d\u2019avoir viol\u00e9 le code de d\u00e9ontologie, ont \u00e9t\u00e9 arr\u00eat\u00e9s.<\/p>\n<p>De nouvelles manifestations attendues<\/p>\n<p>Des chauffeurs de moto-taxi ont indiqu\u00e9 sur les r\u00e9seaux sociaux qu\u2019ils retourneraient bient\u00f4t dans la rue. Des appels \u00e0 manifester devant le Parlement de Jakarta la semaine prochaine pour demander sa dissolution ont \u00e9galement \u00e9t\u00e9 lanc\u00e9s sur les r\u00e9seaux sociaux.<\/p>\n<p>La plateforme TikTok a pour sa part annonc\u00e9 samedi suspendre pour \u00ab\u00a0quelques jours\u00a0\u00bb sa fonctionnalit\u00e9 \u00ab\u00a0live\u00a0\u00bb dans le pays, \u00ab\u00a0en raison de l\u2019escalade de la violence\u00a0\u00bb lors des derni\u00e8res manifestations.<\/p>\n","protected":false},"excerpt":{"rendered":"La d\u00e9fiance contre le pouvoir en place tourne au tragique en Indon\u00e9sie. Faisant au moins trois morts, de&hellip;\n","protected":false},"author":2,"featured_media":355817,"comment_status":"","ping_status":"","sticky":false,"template":"","format":"standard","meta":{"footnotes":""},"categories":[5],"tags":[47,11,10643,1011,27,25902,14,1272,74,12,133,809,28],"class_list":{"0":"post-355816","1":"post","2":"type-post","3":"status-publish","4":"format-standard","5":"has-post-thumbnail","7":"category-international","8":"tag-actualite","9":"tag-actualites","10":"tag-emeutes","11":"tag-fr","12":"tag-france","13":"tag-indonesie","14":"tag-international","15":"tag-manifestations","16":"tag-monde","17":"tag-news","18":"tag-video","19":"tag-violence","20":"tag-world"},"share_on_mastodon":{"url":"https:\/\/pubeurope.com\/@fr\/115121463288802647","error":""},"_links":{"self":[{"href":"https:\/\/www.europesays.com\/fr\/wp-json\/wp\/v2\/posts\/355816","targetHints":{"allow":["GET"]}}],"collection":[{"href":"https:\/\/www.europesays.com\/fr\/wp-json\/wp\/v2\/posts"}],"about":[{"href":"https:\/\/www.europesays.com\/fr\/wp-json\/wp\/v2\/types\/post"}],"author":[{"embeddable":true,"href":"https:\/\/www.europesays.com\/fr\/wp-json\/wp\/v2\/users\/2"}],"replies":[{"embeddable":true,"href":"https:\/\/www.europesays.com\/fr\/wp-json\/wp\/v2\/comments?post=355816"}],"version-history":[{"count":0,"href":"https:\/\/www.europesays.com\/fr\/wp-json\/wp\/v2\/posts\/355816\/revisions"}],"wp:featuredmedia":[{"embeddable":true,"href":"https:\/\/www.europesays.com\/fr\/wp-json\/wp\/v2\/media\/355817"}],"wp:attachment":[{"href":"https:\/\/www.europesays.com\/fr\/wp-json\/wp\/v2\/media?parent=355816"}],"wp:term":[{"taxonomy":"category","embeddable":true,"href":"https:\/\/www.europesays.com\/fr\/wp-json\/wp\/v2\/categories?post=355816"},{"taxonomy":"post_tag","embeddable":true,"href":"https:\/\/www.europesays.com\/fr\/wp-json\/wp\/v2\/tags?post=355816"}],"curies":[{"name":"wp","href":"https:\/\/api.w.org\/{rel}","templated":true}]}}