{"id":355818,"date":"2025-08-31T04:21:12","date_gmt":"2025-08-31T04:21:12","guid":{"rendered":"https:\/\/www.europesays.com\/fr\/355818\/"},"modified":"2025-08-31T04:21:12","modified_gmt":"2025-08-31T04:21:12","slug":"le-mot-dordre-cest-de-tout-bloquer-la-mobilisation-du-10-septembre-se-prepare-aussi-a-cognac","status":"publish","type":"post","link":"https:\/\/www.europesays.com\/fr\/355818\/","title":{"rendered":"\u00ab\u00a0Le mot d\u2019ordre c\u2019est de tout bloquer\u00a0\u00bb\u00a0: la mobilisation du 10 septembre se pr\u00e9pare aussi \u00e0 Cognac"},"content":{"rendered":"<p>    La r\u00e9daction vous conseille<\/p>\n<p>                        <a href=\"https:\/\/www.charentelibre.fr\/france\/10-septembre-les-insoumis-esperent-un-raz-de-maree-25649980.php\" title=\"10\u00a0septembre\u00a0: les Insoumis esp\u00e8rent un raz-de-mar\u00e9e\" rel=\"nofollow noopener\" target=\"_blank\"><br \/>\n                            <img decoding=\"async\" src=\"https:\/\/www.europesays.com\/fr\/wp-content\/uploads\/2025\/08\/20250824124703-314596212.jpg\" alt=\"10\u00a0septembre\u00a0: les Insoumis esp\u00e8rent un raz-de-mar\u00e9e\"\/><br \/>\n                        <\/a><\/p>\n<p>                    <a href=\"https:\/\/www.charentelibre.fr\/france\/10-septembre-les-insoumis-esperent-un-raz-de-maree-25649980.php\" title=\"10\u00a0septembre\u00a0: les Insoumis esp\u00e8rent un raz-de-mar\u00e9e\" rel=\"nofollow noopener\" target=\"_blank\"><\/p>\n<p>\n                            10\u00a0septembre\u00a0: les Insoumis esp\u00e8rent un raz-de-mar\u00e9e\n                        <\/p>\n<p>                    <\/a><\/p>\n<p>\n                        Premier parti \u00e0 avoir soutenu l\u2019initiative \u00ab\u00a0Bloquons tout\u00a0\u00bb du 10\u00a0septembre, obligeant les autres formations de gauche \u00e0 se rallier au mouvement, La France insoumise appelle dor\u00e9navant \u00e0 la gr\u00e8ve g\u00e9n\u00e9rale. Un contraste avec ses h\u00e9sitations \u00e0 l\u2019apparition des Gilets jaunes.\n                    <\/p>\n<p>\u00ab\u00a0La question c\u2019est o\u00f9, quand et quoi, lance Catherine. Comment bloquer sans se mettre les gens \u00e0 dos et comment les embarquer avec nous\u00a0\u00bb, pointe-t-elle. Gr\u00e8ve\u00a0? Barrages filtrants\u00a0? Ronds-points bloqu\u00e9s comme aux plus belles heures des gilets jaunes\u00a0? \u00ab\u00a0On va \u00e9tudier tout cela, mais une chose est s\u00fbre, le mort d\u2019ordre est de tout bloquer\u00a0\u00bb, indique Olivier Brunaud, professeur de SVT et repr\u00e9sentant du syndicat FO des lyc\u00e9es et coll\u00e8ges, qui animait la r\u00e9union.<\/p>\n<p>\u00ab\u00a0Ras-le-bol\u00a0\u00bb g\u00e9n\u00e9ral<\/p>\n<p>Sous le regard de la police, gar\u00e9e \u00e0 quelques m\u00e8tres du groupe, les discussions se sont d\u00e9roul\u00e9es hors presse. Pas de photo non plus. La col\u00e8re se veut pour l\u2019instant anonyme. Dans le groupe, on retrouve plusieurs anciens gilets jaunes, qui ne le cachent pas, pr\u00eats \u00e0 repartir pour un tour. Tous disent en avoir \u00ab\u00a0ras-le-bol\u00a0\u00bb, comme cette ancienne assistante maternelle de 74\u00a0ans, en col\u00e8re. \u00ab\u00a0Je suis en rage. J\u2019ai travaill\u00e9 toute ma vie pour 900\u20ac par mois. Comment je peux vivre avec \u00e7a\u00a0?\u00a0\u00bb<\/p>\n<p>    La r\u00e9daction vous conseille<\/p>\n<p>Outre Olivier Brunaud, qui avait d\u00e9j\u00e0 chapeaut\u00e9 l\u2019op\u00e9ration \u00ab\u00a0coll\u00e8ge mort\u00a0\u00bb \u00e0 F\u00e9lix-Gaillard, en d\u00e9cembre dernier, en marge de l\u2019op\u00e9ration \u00ab\u00a0Ville morte\u00a0\u00bb lanc\u00e9e par la CGT, \u00e9tait aussi pr\u00e9sent Ga\u00ebl Desvard, animateur du Groupe d\u2019Action Grande Champagne, proche de LFI. De toutes les derni\u00e8res mobilisations sociales, il \u00e9tait le suppl\u00e9ant de Carole Ballu, la candidate investie par LFI pour le Nouveau Front populaire aux derni\u00e8res l\u00e9gislatives.<\/p>\n","protected":false},"excerpt":{"rendered":"La r\u00e9daction vous conseille 10\u00a0septembre\u00a0: les Insoumis esp\u00e8rent un raz-de-mar\u00e9e Premier parti \u00e0 avoir soutenu l\u2019initiative \u00ab\u00a0Bloquons tout\u00a0\u00bb&hellip;\n","protected":false},"author":2,"featured_media":355819,"comment_status":"","ping_status":"","sticky":false,"template":"","format":"standard","meta":{"footnotes":""},"categories":[4],"tags":[11,1011,27,12,25],"class_list":{"0":"post-355818","1":"post","2":"type-post","3":"status-publish","4":"format-standard","5":"has-post-thumbnail","7":"category-france","8":"tag-actualites","9":"tag-fr","10":"tag-france","11":"tag-news","12":"tag-republique-francaise"},"share_on_mastodon":{"url":"https:\/\/pubeurope.com\/@fr\/115121467276648749","error":""},"_links":{"self":[{"href":"https:\/\/www.europesays.com\/fr\/wp-json\/wp\/v2\/posts\/355818","targetHints":{"allow":["GET"]}}],"collection":[{"href":"https:\/\/www.europesays.com\/fr\/wp-json\/wp\/v2\/posts"}],"about":[{"href":"https:\/\/www.europesays.com\/fr\/wp-json\/wp\/v2\/types\/post"}],"author":[{"embeddable":true,"href":"https:\/\/www.europesays.com\/fr\/wp-json\/wp\/v2\/users\/2"}],"replies":[{"embeddable":true,"href":"https:\/\/www.europesays.com\/fr\/wp-json\/wp\/v2\/comments?post=355818"}],"version-history":[{"count":0,"href":"https:\/\/www.europesays.com\/fr\/wp-json\/wp\/v2\/posts\/355818\/revisions"}],"wp:featuredmedia":[{"embeddable":true,"href":"https:\/\/www.europesays.com\/fr\/wp-json\/wp\/v2\/media\/355819"}],"wp:attachment":[{"href":"https:\/\/www.europesays.com\/fr\/wp-json\/wp\/v2\/media?parent=355818"}],"wp:term":[{"taxonomy":"category","embeddable":true,"href":"https:\/\/www.europesays.com\/fr\/wp-json\/wp\/v2\/categories?post=355818"},{"taxonomy":"post_tag","embeddable":true,"href":"https:\/\/www.europesays.com\/fr\/wp-json\/wp\/v2\/tags?post=355818"}],"curies":[{"name":"wp","href":"https:\/\/api.w.org\/{rel}","templated":true}]}}