{"id":355824,"date":"2025-08-31T04:28:32","date_gmt":"2025-08-31T04:28:32","guid":{"rendered":"https:\/\/www.europesays.com\/fr\/355824\/"},"modified":"2025-08-31T04:28:32","modified_gmt":"2025-08-31T04:28:32","slug":"face-au-huis-clos-un-groupe-de-supporters-organise-une-fan-zone-aux-abords-de-marcel-picot","status":"publish","type":"post","link":"https:\/\/www.europesays.com\/fr\/355824\/","title":{"rendered":"face au huis clos, un groupe de supporters organise une fan zone aux abords de Marcel-Picot"},"content":{"rendered":"<p>Zapping Foot National \u00c0 la 93, le film <\/p>\n<p>Que le temps para\u00eet bien long pour les supporters nanc\u00e9iens. S&rsquo;ils se r\u00e9jouissaient, \u00e0 juste titre, de retrouver la Ligue 2 apr\u00e8s trois ann\u00e9es de purgatoire en National, les fans de l&rsquo;AS Nancy Lorraine rongent leur frein en raison de la lourde sanction inflig\u00e9e par la F\u00e9d\u00e9ration fran\u00e7aise de football (FFF) \u00e0 l&rsquo;encontre de leur \u00e9quipe f\u00e9tiche. En raison d&rsquo;incidents survenus durant la derni\u00e8re saison, le champion de National en titre s&rsquo;est vu infliger quatre matchs \u00e0 huis clos pour d\u00e9marrer l&rsquo;exercice \u00e0 Marcel-Picot. C&rsquo;est donc dans un stade vide que l&rsquo;ASNL a accueilli et battu Boulogne-sur-Mer le vendredi 15 ao\u00fbt dernier (1-0). Et ce sera de nouveau le cas pour la r\u00e9ception du Pau FC ce vendredi 29 ao\u00fbt (20h), dans le cadre de la <a href=\"https:\/\/www.foot-national.com\/data\/calendrier-ligue2.html\" rel=\"nofollow noopener\" target=\"_blank\">quatri\u00e8me journ\u00e9e<\/a>.<\/p>\n<p>Une fan zone \u00e0 Marcel-Picot<\/p>\n<p>Mais ce choc entre deux \u00e9quipes surprises de ce d\u00e9but d&rsquo;exercice, les supporters nanc\u00e9iens comptent de le suivre de tr\u00e8s pr\u00e8s. Comme indiqu\u00e9 par <a href=\"https:\/\/www.francebleu.fr\/sports\/football\/les-supporters-de-l-asnl-prives-de-match-se-rassemblent-devant-le-stade-marcel-picot-pour-le-suivre-ce-vendredi-9021241\" rel=\"nofollow noopener\" target=\"_blank\">ici Lorraine<\/a>, le groupe de supporters Saturday FC a organis\u00e9 une fan zone sur l&rsquo;un des parkings de l&rsquo;enceinte nanc\u00e9ienne, afin de suivre la partie sur \u00e9cran g\u00e9ant. La direction des Rouge et Blanc a donn\u00e9 son accord \u00e0 cette initiative en d\u00e9but de semaine, \u00e0 l&rsquo;issue d&rsquo;une r\u00e9union de s\u00e9curit\u00e9. Une jauge maximum de 800 personnes a \u00e9t\u00e9 autoris\u00e9e pour l&rsquo;\u00e9v\u00e9nement. L&rsquo;entr\u00e9e a \u00e9t\u00e9 fix\u00e9e \u00e0 5 euros pour les int\u00e9ress\u00e9s, et est m\u00eame gratuite pour les moins de 12 ans.<\/p>\n<p>Partagez cette info avec vos amis et vos proches en cliquant ici<br \/>Pour r\u00e9sumer<\/p>\n<p>Comme indiqu\u00e9 par ici Lorraine, le groupe de supporters de l&rsquo;AS Nancy Lorraine, le Saturday FC, a organis\u00e9 une fan zone sur l&rsquo;un des parkings de l&rsquo;enceinte nanc\u00e9ienne, afin de suivre la partie contre Pau sur \u00e9cran g\u00e9ant ce vendredi soir.<\/p>\n<p> <img decoding=\"async\" width=\"76\" height=\"76\" loading=\"lazy\" src=\"https:\/\/www.europesays.com\/fr\/wp-content\/uploads\/2025\/04\/logo-florian-sermaise.jpg\" alt=\"Florian Sermaise\"\/><\/p>\n","protected":false},"excerpt":{"rendered":"Zapping Foot National \u00c0 la 93, le film Que le temps para\u00eet bien long pour les supporters nanc\u00e9iens.&hellip;\n","protected":false},"author":2,"featured_media":355825,"comment_status":"","ping_status":"","sticky":false,"template":"","format":"standard","meta":{"footnotes":""},"categories":[9635],"tags":[1111,11,1777,674,1011,27,775,1702,12,25],"class_list":{"0":"post-355824","1":"post","2":"type-post","3":"status-publish","4":"format-standard","5":"has-post-thumbnail","7":"category-nancy","8":"tag-actu","9":"tag-actualites","10":"tag-eu","11":"tag-europe","12":"tag-fr","13":"tag-france","14":"tag-grand-est","15":"tag-nancy","16":"tag-news","17":"tag-republique-francaise"},"share_on_mastodon":{"url":"https:\/\/pubeurope.com\/@fr\/115121494974120908","error":""},"_links":{"self":[{"href":"https:\/\/www.europesays.com\/fr\/wp-json\/wp\/v2\/posts\/355824","targetHints":{"allow":["GET"]}}],"collection":[{"href":"https:\/\/www.europesays.com\/fr\/wp-json\/wp\/v2\/posts"}],"about":[{"href":"https:\/\/www.europesays.com\/fr\/wp-json\/wp\/v2\/types\/post"}],"author":[{"embeddable":true,"href":"https:\/\/www.europesays.com\/fr\/wp-json\/wp\/v2\/users\/2"}],"replies":[{"embeddable":true,"href":"https:\/\/www.europesays.com\/fr\/wp-json\/wp\/v2\/comments?post=355824"}],"version-history":[{"count":0,"href":"https:\/\/www.europesays.com\/fr\/wp-json\/wp\/v2\/posts\/355824\/revisions"}],"wp:featuredmedia":[{"embeddable":true,"href":"https:\/\/www.europesays.com\/fr\/wp-json\/wp\/v2\/media\/355825"}],"wp:attachment":[{"href":"https:\/\/www.europesays.com\/fr\/wp-json\/wp\/v2\/media?parent=355824"}],"wp:term":[{"taxonomy":"category","embeddable":true,"href":"https:\/\/www.europesays.com\/fr\/wp-json\/wp\/v2\/categories?post=355824"},{"taxonomy":"post_tag","embeddable":true,"href":"https:\/\/www.europesays.com\/fr\/wp-json\/wp\/v2\/tags?post=355824"}],"curies":[{"name":"wp","href":"https:\/\/api.w.org\/{rel}","templated":true}]}}