{"id":355826,"date":"2025-08-31T04:29:26","date_gmt":"2025-08-31T04:29:26","guid":{"rendered":"https:\/\/www.europesays.com\/fr\/355826\/"},"modified":"2025-08-31T04:29:26","modified_gmt":"2025-08-31T04:29:26","slug":"a-toulon-51-chantiers-menes-dans-les-ecoles-pendant-la-periode-estivale","status":"publish","type":"post","link":"https:\/\/www.europesays.com\/fr\/355826\/","title":{"rendered":"A Toulon, 51 chantiers men\u00e9s dans les \u00e9coles pendant la p\u00e9riode estivale"},"content":{"rendered":"\n<p>Ce n\u2019a pas \u00e9t\u00e9 les vacances pour tout le monde. Les travaux d\u2019am\u00e9lioration du cadre de vie et du confort des \u00e9l\u00e8ves ont continu\u00e9 tout l\u2019\u00e9t\u00e9.<\/p>\n<p>\u00ab\u00a0En seulement 6\u00a0semaines, 51\u00a0chantiers ont \u00e9t\u00e9 men\u00e9s tambour battant\u00a0\u00bb sur les 84\u00a0\u00e9tablissements que compte la ville, se f\u00e9licite la maire de Toulon Jos\u00e9e Massi (SE) lors de sa visite en ce d\u00e9but de semaine de l\u2019\u00e9cole maternelle Cit\u00e9 de l\u2019\u00c9pargne, puis au groupe scolaire Jules-Muraire. Parmi les r\u00e9alisations, on compte entre autres la v\u00e9g\u00e9talisation de la cour de r\u00e9cr\u00e9ation \u00e0 Saint-Louis, la modernisation de l\u2019\u00e9cole Saint-Roch, ou encore la r\u00e9novation des dortoirs \u00e0 Fleurs-des-Champs. Sans compter l\u2019\u00e9tanch\u00e9it\u00e9 de la toiture \u00e0 Camille Saint-Sa\u00ebns et la pose d\u2019un nouvel ascenseur \u00e0 l\u2019\u00e9cole primaire Saint-Jean-du-Var.<\/p>\n<p>Mais nulle crainte pour lundi. Tout sera fin pr\u00eat pour accueillir les petits qui vont pouvoir profiter de nouveaux am\u00e9nagements.<\/p>\n<p>Pour les minots de la Cit\u00e9 de l\u2019\u00c9pargne, ce sera l\u2019ombri\u00e8re photovolta\u00efque install\u00e9e dans la cour, qui non seulement va permettre \u00e0 l\u2019\u00e9cole d\u2019\u00eatre autonome en \u00e9nergie \u00e9lectrique et alimenter en plus des \u00e9tablissements publics alentour, mais aussi servir aux minots de pr\u00e9au qui jusqu\u2019ici n\u2019en disposaient pas.<\/p>\n<p>Du c\u00f4t\u00e9 de Muraire, la deuxi\u00e8me phase des travaux de v\u00e9g\u00e9talisation du groupe scolaire vient d\u2019\u00eatre r\u00e9alis\u00e9e. Apr\u00e8s le r\u00e9am\u00e9nagement l\u2019ann\u00e9e pass\u00e9e de la cour de la maternelle, avec la cr\u00e9ation d\u2019un mur d\u2019escalade et d\u2019un sol sportif, c\u2019est au tour de l\u2019\u00e9l\u00e9mentaire d\u2019\u00eatre au programme. Ce qui a permis de faire sortir de terre \u00ab\u00a0un espace dynamique\u00a0\u00bb dot\u00e9 d\u2019un parcours d\u2019\u00e9quilibre, un espace lecture, \u00e9galement, dot\u00e9 de tables et de chaises. Et comme dans tous les projets de rev\u00e9g\u00e9talisation, d\u2019un espace \u00ab\u00a0classe dehors\u00a0\u00bb avec estrade en bois et tableau.<\/p>\n","protected":false},"excerpt":{"rendered":"Ce n\u2019a pas \u00e9t\u00e9 les vacances pour tout le monde. Les travaux d\u2019am\u00e9lioration du cadre de vie et&hellip;\n","protected":false},"author":2,"featured_media":355827,"comment_status":"","ping_status":"","sticky":false,"template":"","format":"standard","meta":{"footnotes":""},"categories":[9619],"tags":[1111,11,1777,674,1011,27,12,882,28313,25,2310],"class_list":{"0":"post-355826","1":"post","2":"type-post","3":"status-publish","4":"format-standard","5":"has-post-thumbnail","7":"category-toulon","8":"tag-actu","9":"tag-actualites","10":"tag-eu","11":"tag-europe","12":"tag-fr","13":"tag-france","14":"tag-news","15":"tag-provence-alpes-cote-dazur","16":"tag-rentree","17":"tag-republique-francaise","18":"tag-toulon"},"share_on_mastodon":{"url":"https:\/\/pubeurope.com\/@fr\/115121498704062141","error":""},"_links":{"self":[{"href":"https:\/\/www.europesays.com\/fr\/wp-json\/wp\/v2\/posts\/355826","targetHints":{"allow":["GET"]}}],"collection":[{"href":"https:\/\/www.europesays.com\/fr\/wp-json\/wp\/v2\/posts"}],"about":[{"href":"https:\/\/www.europesays.com\/fr\/wp-json\/wp\/v2\/types\/post"}],"author":[{"embeddable":true,"href":"https:\/\/www.europesays.com\/fr\/wp-json\/wp\/v2\/users\/2"}],"replies":[{"embeddable":true,"href":"https:\/\/www.europesays.com\/fr\/wp-json\/wp\/v2\/comments?post=355826"}],"version-history":[{"count":0,"href":"https:\/\/www.europesays.com\/fr\/wp-json\/wp\/v2\/posts\/355826\/revisions"}],"wp:featuredmedia":[{"embeddable":true,"href":"https:\/\/www.europesays.com\/fr\/wp-json\/wp\/v2\/media\/355827"}],"wp:attachment":[{"href":"https:\/\/www.europesays.com\/fr\/wp-json\/wp\/v2\/media?parent=355826"}],"wp:term":[{"taxonomy":"category","embeddable":true,"href":"https:\/\/www.europesays.com\/fr\/wp-json\/wp\/v2\/categories?post=355826"},{"taxonomy":"post_tag","embeddable":true,"href":"https:\/\/www.europesays.com\/fr\/wp-json\/wp\/v2\/tags?post=355826"}],"curies":[{"name":"wp","href":"https:\/\/api.w.org\/{rel}","templated":true}]}}