{"id":355830,"date":"2025-08-31T04:31:11","date_gmt":"2025-08-31T04:31:11","guid":{"rendered":"https:\/\/www.europesays.com\/fr\/355830\/"},"modified":"2025-08-31T04:31:11","modified_gmt":"2025-08-31T04:31:11","slug":"le-festival-de-bien-etre-se-poursuit-ce-dimanche","status":"publish","type":"post","link":"https:\/\/www.europesays.com\/fr\/355830\/","title":{"rendered":"Le festival de bien-\u00eatre se poursuit ce dimanche"},"content":{"rendered":"<p>Le festival Les Secrets de l\u2019\u00eatre, organis\u00e9 par l\u2019association Les Secrets d\u2019H\u00e9lo\u00efse, a ouvert hier ses portes au Prat de Castel \u00e0 Villeneuve-l\u00e8s-Maguelone. Pour cette quatri\u00e8me \u00e9dition devenue festival, le public a r\u00e9pondu pr\u00e9sent, profitant d\u2019un cadre naturel entre terre et mer et d\u2019une ambiance conviviale. \u00ab\u00a0L\u2019\u00e9v\u00e9nement reste \u00e0 taille humaine, avec une atmosph\u00e8re familiale qui favorise les \u00e9changes. Cette ann\u00e9e, nous avons doubl\u00e9 le nombre d\u2019exposants, pass\u00e9s de 20 \u00e0 40\u00a0\u00bb, souligne Estelle Flaujat, pr\u00e9sidente de l\u2019association.<\/p>\n<p>Le festival propose une immersion dans l\u2019univers du bien-\u00eatre, du d\u00e9veloppement personnel et de la cr\u00e9ativit\u00e9. \u00c9quith\u00e9rapie, hypnose, yoga, massages ou constellations familiales c\u00f4toient le travail d\u2019artisans et de producteurs locaux : bijoux, bougies, textiles, miel ou pain d\u2019\u00e9pices. Les visiteurs d\u00e9couvrent aussi des approches artistiques sensibles, comme la sonoth\u00e9rapie ou la danse th\u00e9rapeutique. Plac\u00e9e sous le signe de l\u2019expression musicale et corporelle, l\u2019\u00e9dition 2025 a d\u00e9j\u00e0 s\u00e9duit samedi avec ateliers, rencontres et un spectacle cont\u00e9 autour de la c\u00e9r\u00e9monie du th\u00e9 japonaise.<\/p>\n<p>Le festival se poursuit ce dimanche 31 ao\u00fbt de 10 h \u00e0 18 h, avec restauration sur place assur\u00e9e par le Miam Club. Entr\u00e9e gratuite, parking \u00e0 proximit\u00e9 et fl\u00e9chage depuis le village. Une journ\u00e9e encore riche en d\u00e9couvertes et en ressourcement attend les visiteurs.<\/p>\n<p>Correspondante Midi Libre : 07 68 37 88 08<\/p>\n","protected":false},"excerpt":{"rendered":"Le festival Les Secrets de l\u2019\u00eatre, organis\u00e9 par l\u2019association Les Secrets d\u2019H\u00e9lo\u00efse, a ouvert hier ses portes au&hellip;\n","protected":false},"author":2,"featured_media":355831,"comment_status":"","ping_status":"","sticky":false,"template":"","format":"standard","meta":{"footnotes":""},"categories":[9599],"tags":[1111,11,1777,674,1011,27,2208,12,2680,25],"class_list":{"0":"post-355830","1":"post","2":"type-post","3":"status-publish","4":"format-standard","5":"has-post-thumbnail","7":"category-montpellier","8":"tag-actu","9":"tag-actualites","10":"tag-eu","11":"tag-europe","12":"tag-fr","13":"tag-france","14":"tag-montpellier","15":"tag-news","16":"tag-occitanie","17":"tag-republique-francaise"},"share_on_mastodon":{"url":"https:\/\/pubeurope.com\/@fr\/115121506459234198","error":""},"_links":{"self":[{"href":"https:\/\/www.europesays.com\/fr\/wp-json\/wp\/v2\/posts\/355830","targetHints":{"allow":["GET"]}}],"collection":[{"href":"https:\/\/www.europesays.com\/fr\/wp-json\/wp\/v2\/posts"}],"about":[{"href":"https:\/\/www.europesays.com\/fr\/wp-json\/wp\/v2\/types\/post"}],"author":[{"embeddable":true,"href":"https:\/\/www.europesays.com\/fr\/wp-json\/wp\/v2\/users\/2"}],"replies":[{"embeddable":true,"href":"https:\/\/www.europesays.com\/fr\/wp-json\/wp\/v2\/comments?post=355830"}],"version-history":[{"count":0,"href":"https:\/\/www.europesays.com\/fr\/wp-json\/wp\/v2\/posts\/355830\/revisions"}],"wp:featuredmedia":[{"embeddable":true,"href":"https:\/\/www.europesays.com\/fr\/wp-json\/wp\/v2\/media\/355831"}],"wp:attachment":[{"href":"https:\/\/www.europesays.com\/fr\/wp-json\/wp\/v2\/media?parent=355830"}],"wp:term":[{"taxonomy":"category","embeddable":true,"href":"https:\/\/www.europesays.com\/fr\/wp-json\/wp\/v2\/categories?post=355830"},{"taxonomy":"post_tag","embeddable":true,"href":"https:\/\/www.europesays.com\/fr\/wp-json\/wp\/v2\/tags?post=355830"}],"curies":[{"name":"wp","href":"https:\/\/api.w.org\/{rel}","templated":true}]}}