{"id":355832,"date":"2025-08-31T04:32:16","date_gmt":"2025-08-31T04:32:16","guid":{"rendered":"https:\/\/www.europesays.com\/fr\/355832\/"},"modified":"2025-08-31T04:32:16","modified_gmt":"2025-08-31T04:32:16","slug":"montpellier-domine-le-psg-et-soffre-le-trophee-des-champions","status":"publish","type":"post","link":"https:\/\/www.europesays.com\/fr\/355832\/","title":{"rendered":"Montpellier domine le PSG et s\u2019offre le Troph\u00e9e des Champions"},"content":{"rendered":"<p><strong>Une d\u00e9monstration de force et de ma\u00eetrise collective a permis au MHBC de d\u00e9crocher son quatri\u00e8me sacre dans cette comp\u00e9tition, face \u00e0 un Paris-Saint-Germain pourtant dominateur en d\u00e9but de rencontre.<\/strong><\/p>\n<p>D\u00e8s les premi\u00e8res minutes, le PSG a sembl\u00e9 prendre les devants gr\u00e2ce \u00e0 une attaque pr\u00e9cise, mais Montpellier a rapidement repris la main en alignant les ripostes. La solidit\u00e9 d\u00e9fensive des H\u00e9raultais, port\u00e9e par une s\u00e9rie d\u2019arr\u00eats d\u00e9cisifs, a progressivement mis en difficult\u00e9 l\u2019animation offensive parisienne. Malgr\u00e9 quelques regains d\u2019\u00e9nergie et un bref retour au score, le champion de France n\u2019a jamais v\u00e9ritablement inqui\u00e9t\u00e9 une \u00e9quipe montpelli\u00e9raine remarquablement organis\u00e9e.<\/p>\n<p>La seconde p\u00e9riode a confirm\u00e9 la sup\u00e9riorit\u00e9 tactique de Montpellier, qui a accentu\u00e9 son avance gr\u00e2ce \u00e0 une d\u00e9fense compacte et des transitions rapides. Les expulsions successives de joueurs parisiens n\u2019ont fait qu\u2019aggraver la situation, tandis que les rempla\u00e7ants entr\u00e9s en fin de match ont parachev\u00e9 le travail avec autorit\u00e9. Le score final, sans appel, consacre une performance collective aboutie et offre \u00e0 Montpellier un troph\u00e9e qui lui \u00e9chappait depuis plusieurs ann\u00e9es.<\/p>\n<p>De son c\u00f4t\u00e9, le PSG devra rapidement tirer les enseignements de cette rencontre, o\u00f9 certaines lacunes organisationnelles ont \u00e9t\u00e9 cruellement expos\u00e9es. Malgr\u00e9 des individualit\u00e9s talentueuses, le collectif a paru trop pr\u00e9visible face \u00e0 un adversaire mieux pr\u00e9par\u00e9 et plus r\u00e9aliste.<\/p>\n","protected":false},"excerpt":{"rendered":"Une d\u00e9monstration de force et de ma\u00eetrise collective a permis au MHBC de d\u00e9crocher son quatri\u00e8me sacre dans&hellip;\n","protected":false},"author":2,"featured_media":355833,"comment_status":"","ping_status":"","sticky":false,"template":"","format":"standard","meta":{"footnotes":""},"categories":[9599],"tags":[1111,11,1777,674,1011,27,2208,12,2680,25],"class_list":{"0":"post-355832","1":"post","2":"type-post","3":"status-publish","4":"format-standard","5":"has-post-thumbnail","7":"category-montpellier","8":"tag-actu","9":"tag-actualites","10":"tag-eu","11":"tag-europe","12":"tag-fr","13":"tag-france","14":"tag-montpellier","15":"tag-news","16":"tag-occitanie","17":"tag-republique-francaise"},"share_on_mastodon":{"url":"https:\/\/pubeurope.com\/@fr\/115121510303499067","error":""},"_links":{"self":[{"href":"https:\/\/www.europesays.com\/fr\/wp-json\/wp\/v2\/posts\/355832","targetHints":{"allow":["GET"]}}],"collection":[{"href":"https:\/\/www.europesays.com\/fr\/wp-json\/wp\/v2\/posts"}],"about":[{"href":"https:\/\/www.europesays.com\/fr\/wp-json\/wp\/v2\/types\/post"}],"author":[{"embeddable":true,"href":"https:\/\/www.europesays.com\/fr\/wp-json\/wp\/v2\/users\/2"}],"replies":[{"embeddable":true,"href":"https:\/\/www.europesays.com\/fr\/wp-json\/wp\/v2\/comments?post=355832"}],"version-history":[{"count":0,"href":"https:\/\/www.europesays.com\/fr\/wp-json\/wp\/v2\/posts\/355832\/revisions"}],"wp:featuredmedia":[{"embeddable":true,"href":"https:\/\/www.europesays.com\/fr\/wp-json\/wp\/v2\/media\/355833"}],"wp:attachment":[{"href":"https:\/\/www.europesays.com\/fr\/wp-json\/wp\/v2\/media?parent=355832"}],"wp:term":[{"taxonomy":"category","embeddable":true,"href":"https:\/\/www.europesays.com\/fr\/wp-json\/wp\/v2\/categories?post=355832"},{"taxonomy":"post_tag","embeddable":true,"href":"https:\/\/www.europesays.com\/fr\/wp-json\/wp\/v2\/tags?post=355832"}],"curies":[{"name":"wp","href":"https:\/\/api.w.org\/{rel}","templated":true}]}}