{"id":355834,"date":"2025-08-31T04:35:02","date_gmt":"2025-08-31T04:35:02","guid":{"rendered":"https:\/\/www.europesays.com\/fr\/355834\/"},"modified":"2025-08-31T04:35:02","modified_gmt":"2025-08-31T04:35:02","slug":"national-2025-2026-les-enjeux-de-la-4eme-journee","status":"publish","type":"post","link":"https:\/\/www.europesays.com\/fr\/355834\/","title":{"rendered":"National 2025 &#8211; 2026. Les enjeux de la 4\u00e8me journ\u00e9e"},"content":{"rendered":"<p><img loading=\"lazy\" decoding=\"async\" width=\"696\" height=\"464\" class=\"lazyload entry-thumb\" src=\"https:\/\/www.europesays.com\/fr\/wp-content\/uploads\/2025\/08\/Rouen-Fleury-Merogis-\u00a9-Bernard-Morvan-1-696x464.jpg\" alt=\"\" title=\"Rouen - Fleury-M\u00e9rogis (\u00a9 Bernard Morvan) (1)\"\/>Rouen &#8211; Fleury-M\u00e9rogis lors de la J1 (\u00a9 Bernard Morvan)<\/p>\n<p style=\"font-size:20px\"><strong>D\u00e9couvrez les enjeux de la 4\u00e8me journ\u00e9e du National dont les rencontres se disputent ce vendredi 29 ao\u00fbt 2025.<\/strong><\/p>\n<p>Versailles veut conserver sa couronne<\/p>\n<p>Les hommes de <a href=\"https:\/\/footamateur.ouest-france.fr\/tag\/jordan-gonzalez\/\" rel=\"nofollow noopener\" target=\"_blank\">Jordan Gonzalez <\/a>vont-ils r\u00e9aliser le quatre \u00e0 la suite ? La r\u00e9ception du FC Villefranche Beaujolais, qui a remport\u00e9 son premier match de la saison vendredi dernier, est une bonne opportunit\u00e9 de conserver les commandes du National, voir mieux. Un nul suffirait aux Franciliens pour conserver la t\u00eate.<\/p>\n<p>Des gros \u00e0 la relance<\/p>\n<p>Battus pour la premi\u00e8re fois de la saison la semaine pass\u00e9e, Sochaux, Valenciennes et Caen chercheront \u00e0 tout de suite se relancer pour \u00e9viter d\u2019entamer une mauvaise s\u00e9rie. Les deux premiers auront l\u2019avantage de jouer \u00e0 domicile, face au Stade Briochin et \u00e0 Rouen alors que Malherbe se rendra chez le promu le plus en forme de ce d\u00e9but de saison, Fleury.<\/p>\n<p>Soir de premi\u00e8re victoire ?<\/p>\n<p>Si QRM est exempt, trois \u00e9quipes chercheront \u00e0 ouvrir leur compteur victoire. Ca sera donc \u00e0 Sochaux pour Saint-Brieuc, qui \u00e9tait revenu de son premier d\u00e9placement avec quatre buts dans la valise. Le Puy et Bourg-en-Bresse (un match en moins) s\u2019affronteront de leur c\u00f4t\u00e9 au stade Massot pour s\u2019extraire de la zone de rel\u00e9gation.<\/p>\n<p>Le programme de la 4\u00e8me journ\u00e9e du National<\/p>\n<p><strong>Vendredi 29 ao\u00fbt 2025 (19h30)<\/strong><br \/>SC Aubagne Air-Bel \u2013 US Concarneau<br \/>La Berrichonne de Ch\u00e2teauroux \u2013 US Orl\u00e9ans Loiret Football<br \/>Dijon Football C\u00f4te d\u2019Or \u2013 Paris 13 Atletico<br \/>FC Fleury 91 \u2013 SM Caen<br \/>Le Puy Foot 43 \u2013 Football Bourg-en-Bresse P\u00e9ronnas 01<br \/>FC Sochaux Montb\u00e9liard \u2013 Stade Briochin<br \/>Valenciennes FC \u2013 FC Rouen 1899<br \/>FC Versailles 78 \u2013 FC Villefranche Beaujolais <\/p>\n<p><a href=\"https:\/\/footamateur.ouest-france.fr\/author\/fred\/\" class=\"url\" title=\"Fr\u00e9d\u00e9ric Sougey\" rel=\"nofollow noopener\" target=\"_blank\"> <img decoding=\"async\" src=\"https:\/\/www.europesays.com\/fr\/wp-content\/uploads\/2025\/04\/gnlpcfya_400x400.jpg\" class=\"lazyload photo\" width=\"250\" alt=\"Fr\u00e9d\u00e9ric Sougey\"\/><\/a><\/p>\n<p>Journaliste chez Sports M\u00e9dia<\/p>\n<p>Elev\u00e9 au c\u0153ur des Alpes, Fred quitte (temporairement) son Grenoble ador\u00e9 pour pr\u00eater sa plume et son regard au monde amateur et plus particuli\u00e8rement au Championnat National dont il est un assidu observateur. Fan de tartiflette, de Karim Mokeddem et de Mulholland Drive. Les bonnes choses de la vie, en somme.<\/p>\n<p><a href=\"https:\/\/footamateur.ouest-france.fr\/author\/fred\/\" class=\"url\" title=\"Fr\u00e9d\u00e9ric Sougey\" rel=\"nofollow noopener\" target=\"_blank\"><img decoding=\"async\" src=\"https:\/\/www.europesays.com\/fr\/wp-content\/uploads\/2025\/04\/gnlpcfya_400x400.jpg\" class=\"lazyload photo\" width=\"250\" alt=\"Fr\u00e9d\u00e9ric Sougey\"\/><\/a>Les derniers articles par Fr\u00e9d\u00e9ric Sougey (<a href=\"https:\/\/footamateur.ouest-france.fr\/author\/fred\/\" rel=\"nofollow noopener\" target=\"_blank\">tout voir<\/a>)<\/p>\n","protected":false},"excerpt":{"rendered":"Rouen &#8211; Fleury-M\u00e9rogis lors de la J1 (\u00a9 Bernard Morvan) D\u00e9couvrez les enjeux de la 4\u00e8me journ\u00e9e du&hellip;\n","protected":false},"author":2,"featured_media":355835,"comment_status":"","ping_status":"","sticky":false,"template":"","format":"standard","meta":{"footnotes":""},"categories":[9587],"tags":[1111,11,1777,674,1011,27,12,5161,25,9590],"class_list":{"0":"post-355834","1":"post","2":"type-post","3":"status-publish","4":"format-standard","5":"has-post-thumbnail","7":"category-rouen","8":"tag-actu","9":"tag-actualites","10":"tag-eu","11":"tag-europe","12":"tag-fr","13":"tag-france","14":"tag-news","15":"tag-normandie","16":"tag-republique-francaise","17":"tag-rouen"},"share_on_mastodon":{"url":"https:\/\/pubeurope.com\/@fr\/115121522464920852","error":""},"_links":{"self":[{"href":"https:\/\/www.europesays.com\/fr\/wp-json\/wp\/v2\/posts\/355834","targetHints":{"allow":["GET"]}}],"collection":[{"href":"https:\/\/www.europesays.com\/fr\/wp-json\/wp\/v2\/posts"}],"about":[{"href":"https:\/\/www.europesays.com\/fr\/wp-json\/wp\/v2\/types\/post"}],"author":[{"embeddable":true,"href":"https:\/\/www.europesays.com\/fr\/wp-json\/wp\/v2\/users\/2"}],"replies":[{"embeddable":true,"href":"https:\/\/www.europesays.com\/fr\/wp-json\/wp\/v2\/comments?post=355834"}],"version-history":[{"count":0,"href":"https:\/\/www.europesays.com\/fr\/wp-json\/wp\/v2\/posts\/355834\/revisions"}],"wp:featuredmedia":[{"embeddable":true,"href":"https:\/\/www.europesays.com\/fr\/wp-json\/wp\/v2\/media\/355835"}],"wp:attachment":[{"href":"https:\/\/www.europesays.com\/fr\/wp-json\/wp\/v2\/media?parent=355834"}],"wp:term":[{"taxonomy":"category","embeddable":true,"href":"https:\/\/www.europesays.com\/fr\/wp-json\/wp\/v2\/categories?post=355834"},{"taxonomy":"post_tag","embeddable":true,"href":"https:\/\/www.europesays.com\/fr\/wp-json\/wp\/v2\/tags?post=355834"}],"curies":[{"name":"wp","href":"https:\/\/api.w.org\/{rel}","templated":true}]}}