{"id":355836,"date":"2025-08-31T04:37:10","date_gmt":"2025-08-31T04:37:10","guid":{"rendered":"https:\/\/www.europesays.com\/fr\/355836\/"},"modified":"2025-08-31T04:37:10","modified_gmt":"2025-08-31T04:37:10","slug":"un-an-avec-sursis-pour-le-conducteur-3","status":"publish","type":"post","link":"https:\/\/www.europesays.com\/fr\/355836\/","title":{"rendered":"un an avec sursis pour le conducteur"},"content":{"rendered":"<p>Un automobiliste qui avait <a href=\"https:\/\/www.lejsl.com\/faits-divers-justice\/2025\/06\/01\/un-automobiliste-fauche-une-famille-apres-la-victoire-du-psg\" target=\"_blank\" rel=\"noopener\">bless\u00e9 quatre membres d&rsquo;une m\u00eame famille le 31 mai<\/a> \u00e0 Grenoble (Is\u00e8re), lors des <a href=\"https:\/\/www.lejsl.com\/sport\/2025\/05\/31\/la-consecration-du-psg-qui-remporte-la-premiere-ligue-des-champions-de-son-histoire\" target=\"_blank\" rel=\"noopener\">c\u00e9l\u00e9brations de la victoire du PSG en Ligue des champions<\/a>, a \u00e9t\u00e9 condamn\u00e9 lundi \u00e0 un an de prison avec sursis, rapporte <a href=\"https:\/\/www.ledauphine.com\/faits-divers-justice\/2025\/08\/25\/isere-grenoble-famille-fauchee-apres-la-victoire-du-psg-l-automobiliste-condamne-a-un-an-de-prison-avec-sursis\" target=\"_blank\" rel=\"nofollow noopener\">Le Dauphin\u00e9 Lib\u00e9r\u00e9<\/a>.<\/p>\n<p>Cet homme de 19 ans avait fauch\u00e9, sur la voie d&rsquo;un tramway, une m\u00e8re de 46 ans, ses fils jumeaux de 17 ans et leur cousine. Deux avaient \u00e9t\u00e9 bless\u00e9s gri\u00e8vement, les autres plus l\u00e9g\u00e8rement. Il avait abandonn\u00e9 son v\u00e9hicule sur place avant de se pr\u00e9senter de lui-m\u00eame, plus tard, \u00e0 la police.<\/p>\n<p>Condamn\u00e9 pour blessures involontaires<\/p>\n<p>Sans ant\u00e9c\u00e9dent judiciaire, il a \u00e9t\u00e9 condamn\u00e9 lundi \u00e0 12 mois de prison avec sursis et 200 euros d&rsquo;amende pour \u00ab blessures involontaires \u00bb par le tribunal correctionnel de Grenoble, a expliqu\u00e9 son avocat Denis Dreyfus.<\/p>\n<p>Le tribunal a confirm\u00e9 l&rsquo;annulation de son permis de conduire mais l&rsquo;a autoris\u00e9 \u00e0 le repasser dans un mois parce qu&rsquo;il en a besoin dans le cadre de son emploi, selon Me Dreyfus. La peine a \u00e9t\u00e9 confirm\u00e9e par le d\u00e9fenseur des parties civiles, Arnaud Levy-Soussan. La jeune fille, la plus gri\u00e8vement bless\u00e9e, va \u00ab mieux \u00bb et est sortie dimanche d&rsquo;un centre de r\u00e9\u00e9ducation, a-t-il pr\u00e9cis\u00e9.<\/p>\n<p>Le parquet avait requis 12 mois d&#8217;emprisonnement dont huit avec sursis. Lors de son audition, le conducteur a assur\u00e9 avoir franchi un terre-plein et s&rsquo;\u00eatre engag\u00e9 sur les voies du tram parce qu&rsquo;il avait \u00ab eu peur \u00bb apr\u00e8s avoir \u00e9t\u00e9 vis\u00e9 par des tirs de feux d&rsquo;artifice de f\u00eatards qui avaient envahi cette art\u00e8re tr\u00e8s fr\u00e9quent\u00e9e du centre-ville. Il a dit avoir perdu le contr\u00f4le de sa voiture en tentant de leur \u00e9chapper et justifi\u00e9 sa fuite apr\u00e8s l&rsquo;accident par la crainte d&rsquo;\u00eatre \u00ab lynch\u00e9 \u00bb par la foule.<\/p>\n","protected":false},"excerpt":{"rendered":"Un automobiliste qui avait bless\u00e9 quatre membres d&rsquo;une m\u00eame famille le 31 mai \u00e0 Grenoble (Is\u00e8re), lors des&hellip;\n","protected":false},"author":2,"featured_media":345556,"comment_status":"","ping_status":"","sticky":false,"template":"","format":"standard","meta":{"footnotes":""},"categories":[9566],"tags":[1111,11,2430,271,272,1777,674,274,107,1011,27,329,2731,12,25],"class_list":{"0":"post-355836","1":"post","2":"type-post","3":"status-publish","4":"format-standard","5":"has-post-thumbnail","7":"category-grenoble","8":"tag-actu","9":"tag-actualites","10":"tag-auvergne-rhone-alpes","11":"tag-crime","12":"tag-delit-et-contravention","13":"tag-eu","14":"tag-europe","15":"tag-faits-divers-justice","16":"tag-fil-info","17":"tag-fr","18":"tag-france","19":"tag-france-monde","20":"tag-grenoble","21":"tag-news","22":"tag-republique-francaise"},"share_on_mastodon":{"url":"https:\/\/pubeurope.com\/@fr\/115121530038824902","error":""},"_links":{"self":[{"href":"https:\/\/www.europesays.com\/fr\/wp-json\/wp\/v2\/posts\/355836","targetHints":{"allow":["GET"]}}],"collection":[{"href":"https:\/\/www.europesays.com\/fr\/wp-json\/wp\/v2\/posts"}],"about":[{"href":"https:\/\/www.europesays.com\/fr\/wp-json\/wp\/v2\/types\/post"}],"author":[{"embeddable":true,"href":"https:\/\/www.europesays.com\/fr\/wp-json\/wp\/v2\/users\/2"}],"replies":[{"embeddable":true,"href":"https:\/\/www.europesays.com\/fr\/wp-json\/wp\/v2\/comments?post=355836"}],"version-history":[{"count":0,"href":"https:\/\/www.europesays.com\/fr\/wp-json\/wp\/v2\/posts\/355836\/revisions"}],"wp:featuredmedia":[{"embeddable":true,"href":"https:\/\/www.europesays.com\/fr\/wp-json\/wp\/v2\/media\/345556"}],"wp:attachment":[{"href":"https:\/\/www.europesays.com\/fr\/wp-json\/wp\/v2\/media?parent=355836"}],"wp:term":[{"taxonomy":"category","embeddable":true,"href":"https:\/\/www.europesays.com\/fr\/wp-json\/wp\/v2\/categories?post=355836"},{"taxonomy":"post_tag","embeddable":true,"href":"https:\/\/www.europesays.com\/fr\/wp-json\/wp\/v2\/tags?post=355836"}],"curies":[{"name":"wp","href":"https:\/\/api.w.org\/{rel}","templated":true}]}}