{"id":355837,"date":"2025-08-31T04:38:13","date_gmt":"2025-08-31T04:38:13","guid":{"rendered":"https:\/\/www.europesays.com\/fr\/355837\/"},"modified":"2025-08-31T04:38:13","modified_gmt":"2025-08-31T04:38:13","slug":"les-tops-flops-du-match-face-a-grenoble","status":"publish","type":"post","link":"https:\/\/www.europesays.com\/fr\/355837\/","title":{"rendered":"Les tops\/flops du match face \u00e0 Grenoble"},"content":{"rendered":"<p><strong>L\u2019ASSE affrontait Grenoble au Stade Geoffroy Guichard ce samedi soir lors de la 4\u00e8me journ\u00e9e de <a href=\"https:\/\/ligue2.fr\" target=\"_blank\" rel=\"noopener nofollow\">Ligue 2<\/a>. Apr\u00e8s 2 succ\u00e8s lors des 2 derni\u00e8res journ\u00e9es, la passe de trois \u00e9tait attendue dans le Forez mais c&rsquo;est rat\u00e9 (1-1). Voici les tops et flops de la r\u00e9daction de <a href=\"https:\/\/peuple-vert.fr\" target=\"_blank\" rel=\"noopener nofollow\">Peuple-Vert<\/a> apr\u00e8s cette rencontre.<br \/><\/strong><\/p>\n<p>L\u2019heure \u00e9tait venue d\u2019encha\u00eener \u00e0 nouveau pour les hommes d\u2019Eirik <a href=\"https:\/\/peuple-vert.fr\/asse-actualite\/horneland-colere-asse-boulogne\/\" target=\"_blank\" rel=\"noopener nofollow\">Horneland<\/a>. Apr\u00e8s avoir confirm\u00e9 la victoire face \u00e0 Rodez, du c\u00f4t\u00e9 de Boulogne-sur-Mer, les Verts comptaient bien garder leur place de leader. Il fallait pour cela battre le GF38 dans le Chaudron.<\/p>\n<p>Une premi\u00e8re mi-temps int\u00e9ressante pour l&rsquo;ASSE<\/p>\n<p>Apr\u00e8s une victoire poussive le week-end pass\u00e9 \u00e0 Boulogne, les hommes d\u2019Horneland retrouvaient leur Chaudron contre le GF38. Leader de la ligue 2, les St\u00e9phanois abordent ce match avec le plein de confiance. Et ce sont bien eux qui se montrent les plus pressants. Maxime Bernauer est le premier, il tente une reprise de vol\u00e9e, mais sa tentative est contr\u00e9e par un grenoblois bien plac\u00e9. Dans la foul\u00e9e, c\u2019est Tardieu qui va frapper en vain. La solution viendra finalement de Micka\u00ebl Nad\u00e9 \u00e0 la 34e minute. Dos au but, le d\u00e9fenseur impose toute sa puissance, et arme du pied droit pour ouvrir le score. 1-0 pour les Verts. C\u2019est \u00e9galement le score \u00e0 la pause.<\/p>\n<p>Des regrets en deuxi\u00e8me<\/p>\n<p>Au retour des vestiaires, Eirik Horneland op\u00e8re des changements forc\u00e9s. Moueffek est incapable de reprendre, et c\u00e8de sa place \u00e0 Gadegbeku. Jaber bless\u00e9 est remplac\u00e9 par El Jamali. El Jamali va m\u00eame se montrer en \u00e9vidence, il va enrouler une frappe, mais le portier de Grenoble r\u00e9pond. Quelques instants plus tard, Irvin Cardona se pr\u00e9sente seul face au portier adverse, mais perd son duel. Occasion \u00e9norme de faire le break&#8230;<\/p>\n<p>\u00c0 la 76e minute, sur l\u2019une des rares incursions grenobloises, Diaby parvient \u00e0 placer une t\u00eate imparable. 1-1. Cruel pour l\u2019ASSE, qui n\u2019arrivera pas \u00e0 aller chercher les 3 points et devra se contenter d\u2019un nul.<\/p>\n<p>Les tops de l\u2019ASSE<br \/>\nMaxime Bernauer<\/p>\n<p>Le d\u00e9fenseur st\u00e9phanois \u00e9tait align\u00e9 sur le flanc gauche de la d\u00e9fense verte pour pallier l\u2019absence d\u2019Annan. Et le num\u00e9ro 23 a r\u00e9alis\u00e9 un match tr\u00e8s s\u00e9rieux sur son c\u00f4t\u00e9. Il \u00e9tait pr\u00e9sent dans les duels, ressortant vainqueur la majeure partie du temps. Il m\u00e9rite amplement cette place dans les tops de l\u2019ASSE\u00a0!<\/p>\n<p>La premi\u00e8re mi-temps<\/p>\n<p>Les Verts ont r\u00e9alis\u00e9 un premier acte satisfaisant et ont logiquement \u00e9t\u00e9 r\u00e9compens\u00e9s. Dommage de ne pas avoir eu la m\u00eame r\u00e9ussite en deuxi\u00e8me p\u00e9riode. Mais il vaut mieux un point que 0\u00a0!<\/p>\n<p>Le but de Nad\u00e9<\/p>\n<p>Le d\u00e9fenseur st\u00e9phanois s\u2019est offert son premier but de la saison. Dos au but et dans la surface adverse, il s\u2019est arrach\u00e9 pour remporter son duel lui permettant de r\u00e9cup\u00e9rer le ballon et de frapper. Du droit, il permet aux Verts de mener 1-0 \u00e0 la pause.<\/p>\n<p>Les flops de l\u2019ASSE<br \/>\nLa blessure de Jaber<\/p>\n<p>Le milieu de terrain de Saint-\u00c9tienne avait r\u00e9alis\u00e9 un match tr\u00e8s solide dans l\u2019entre-jeu. Mais la recrue estivale s\u2019est malheureusement bless\u00e9e avant la pause. Il a d\u00fb c\u00e9der sa place, ne pouvant pas reprendre la deuxi\u00e8me p\u00e9riode. Les nouvelles sont pour l\u2019heure peu rassurantes le concernant&#8230;<\/p>\n<p>Un match nul frustrant<\/p>\n<p>1 point\u00a0! Les Verts n\u2019ont pas r\u00e9ussi \u00e0 accrocher la victoire. Cruel alors qu\u2019ils avaient l\u2019opportunit\u00e9 de prendre seuls la t\u00eate du championnat. Mais c\u2019est surtout le break que n\u2019ont pas r\u00e9ussi \u00e0 faire les St\u00e9phanois qui peut laisser des regrets. Prochain rendez-vous samedi 13 septembre prochain \u00e0 Clermont\u00a0!<\/p>\n<p>Quentin Verch\u00e8re<\/p>\n","protected":false},"excerpt":{"rendered":"L\u2019ASSE affrontait Grenoble au Stade Geoffroy Guichard ce samedi soir lors de la 4\u00e8me journ\u00e9e de Ligue 2.&hellip;\n","protected":false},"author":2,"featured_media":355838,"comment_status":"","ping_status":"","sticky":false,"template":"","format":"standard","meta":{"footnotes":""},"categories":[9566],"tags":[1111,11,2430,1777,674,1011,27,2731,12,25],"class_list":{"0":"post-355837","1":"post","2":"type-post","3":"status-publish","4":"format-standard","5":"has-post-thumbnail","7":"category-grenoble","8":"tag-actu","9":"tag-actualites","10":"tag-auvergne-rhone-alpes","11":"tag-eu","12":"tag-europe","13":"tag-fr","14":"tag-france","15":"tag-grenoble","16":"tag-news","17":"tag-republique-francaise"},"share_on_mastodon":{"url":"https:\/\/pubeurope.com\/@fr\/115121533942005531","error":""},"_links":{"self":[{"href":"https:\/\/www.europesays.com\/fr\/wp-json\/wp\/v2\/posts\/355837","targetHints":{"allow":["GET"]}}],"collection":[{"href":"https:\/\/www.europesays.com\/fr\/wp-json\/wp\/v2\/posts"}],"about":[{"href":"https:\/\/www.europesays.com\/fr\/wp-json\/wp\/v2\/types\/post"}],"author":[{"embeddable":true,"href":"https:\/\/www.europesays.com\/fr\/wp-json\/wp\/v2\/users\/2"}],"replies":[{"embeddable":true,"href":"https:\/\/www.europesays.com\/fr\/wp-json\/wp\/v2\/comments?post=355837"}],"version-history":[{"count":0,"href":"https:\/\/www.europesays.com\/fr\/wp-json\/wp\/v2\/posts\/355837\/revisions"}],"wp:featuredmedia":[{"embeddable":true,"href":"https:\/\/www.europesays.com\/fr\/wp-json\/wp\/v2\/media\/355838"}],"wp:attachment":[{"href":"https:\/\/www.europesays.com\/fr\/wp-json\/wp\/v2\/media?parent=355837"}],"wp:term":[{"taxonomy":"category","embeddable":true,"href":"https:\/\/www.europesays.com\/fr\/wp-json\/wp\/v2\/categories?post=355837"},{"taxonomy":"post_tag","embeddable":true,"href":"https:\/\/www.europesays.com\/fr\/wp-json\/wp\/v2\/tags?post=355837"}],"curies":[{"name":"wp","href":"https:\/\/api.w.org\/{rel}","templated":true}]}}