{"id":355839,"date":"2025-08-31T04:40:25","date_gmt":"2025-08-31T04:40:25","guid":{"rendered":"https:\/\/www.europesays.com\/fr\/355839\/"},"modified":"2025-08-31T04:40:25","modified_gmt":"2025-08-31T04:40:25","slug":"angers-rennes-avec-seulement-37-minutes-a-11-contre-11-cette-saison-le-stade-rennais-veut-enfin-montrer-son-vrai-visage","status":"publish","type":"post","link":"https:\/\/www.europesays.com\/fr\/355839\/","title":{"rendered":"Angers &#8211; Rennes\u00a0: avec seulement\u00a037 minutes \u00e0 11 contre 11 cette saison, le Stade Rennais veut enfin montrer son vrai visage"},"content":{"rendered":"<p>Ligue 1 (3e journ\u00e9e). Angers &#8211; Rennes, ce dimanche (15 h)<\/p>\n<p class=\"empty\">Sur les 180 minutes de la saison, Rennes n\u2019en a disput\u00e9 que\u2026 37 \u00e0 onze ! Avec les exclusions d\u2019<a href=\"https:\/\/www.letelegramme.fr\/sports\/football\/stade-rennais\/stade-rennais-abdelhamid-ait-boudlal-suspendu-par-la-commission-de-discipline-6874118.php\" target=\"_blank\" rel=\"nofollow noopener\">A\u00eft-Boudlal<\/a> (31\u2019) face \u00e0 l\u2019OM et celles de <a href=\"https:\/\/www.letelegramme.fr\/sports\/football\/stade-rennais\/deux-matchs-de-suspension-pour-les-rennais-mahdi-camara-et-christopher-wooh-apres-leur-exclusion-face-au-fc-lorient-6877415.php\" target=\"_blank\" rel=\"nofollow noopener\">Camara (6\u2019) et Wooh (11\u2019)<\/a> contre Lorient, Rennes n\u2019a donc jamais pu montrer le visage qu\u2019il souhaite afficher. La gagne face \u00e0 Marseille (1-0) a finalement masqu\u00e9 cette agressivit\u00e9 non ma\u00eetris\u00e9e par certains. \u00c0 Angers, op\u00e9rer \u00e0 onze pendant 90 minutes sera donc le premier chantier. \u00ab On doit \u00eatre capable de rester tr\u00e8s calme dans certaines situations qui apparaissent comme d\u2019urgence. Pour autant, on maintiendra de l\u2019agressivit\u00e9, de l\u2019engagement, de la volont\u00e9 de d\u00e9fendre en avan\u00e7ant dans nos matchs \u00bb, a indiqu\u00e9 Habib Beye, contraint pour les deux matchs de g\u00e9rer l\u2019indiscipline (retard au rassemblement) de Faye et Al-Tamari, qui devaient tous deux d\u00e9buter\u2026 Cet effet domino, avec certaines titularisations impr\u00e9vues, s\u2019est pay\u00e9 cash.<\/p>\n<p>Une premi\u00e8re pour Lepaul<\/p>\n<p>\u00c0 Angers, le technicien pourra enfin compter sur sa d\u00e9fense type, pas encore vue cette ann\u00e9e. Enfin remis de sa blessure \u00e0 la cheville, contract\u00e9e d\u00e9but ao\u00fbt \u00e0 Saint-S\u00e9bastien, Lilian Brassier sera l\u00e0. Idem pour Frankowski, appel\u00e9 \u00e0 animer le couloir droit. Cela devrait asseoir un peu plus de tranquillit\u00e9 dans l\u2019arri\u00e8re-garde \u00ab Rouge et Noir \u00bb, qui a d\u00fb faire sur les premiers rendez-vous avec des suppl\u00e9ants \u00e0 des postes non habituels (Camara ayant \u00e9t\u00e9 plac\u00e9 piston droit au Moustoir\u2026).<\/p>\n<p>Surtout, \u00e0 Kopa, Rennes pourra s\u2019appuyer son dernier arriv\u00e9, Esteban Lepaul. M\u00eame s\u2019il devrait d\u00e9buter sur le banc, pour laisser sa chance \u00e0 Me\u00eft\u00e9, sacrifi\u00e9 lors de deux premiers matchs, l\u2019ex-Angevin doit apporter ce r\u00e9alisme clinique (13 buts en 2024-25) qui a fait d\u00e9faut \u00e0 Rennes ces derni\u00e8res saisons. En attendant de cl\u00f4turer tr\u00e8s activement son mercato dans les deux sens, Rennes aimerait juste redevenir une \u00e9quipe de foot, \u00e0 onze \u00e9l\u00e9ments.<\/p>\n<p class=\"titre-tech\">La fiche technique<\/p>\n<p class=\"tech\"><strong class=\"tech\">Arbitre<\/strong> : Marc Bollengier.<\/p>\n<p class=\"tech\"><strong class=\"tech\">ANGERS<\/strong>. \u00c0 suivre.<\/p>\n<p class=\"tech\"><strong class=\"tech\">RENNES<\/strong>. Samba &#8211; Frankowski, Rouault, Jacquet, Brassier, Merlin &#8211; Ciss\u00e9, Rongier (cap.), Fofana &#8211; Blas, Me\u00eft\u00e9. Entra\u00eeneur : Habib Beye.<\/p>\n","protected":false},"excerpt":{"rendered":"Ligue 1 (3e journ\u00e9e). Angers &#8211; Rennes, ce dimanche (15 h) Sur les 180 minutes de la saison,&hellip;\n","protected":false},"author":2,"featured_media":355840,"comment_status":"","ping_status":"","sticky":false,"template":"","format":"standard","meta":{"footnotes":""},"categories":[2821],"tags":[1111,11,829,1777,674,63,1011,27,66,12,584,25,60,3087],"class_list":{"0":"post-355839","1":"post","2":"type-post","3":"status-publish","4":"format-standard","5":"has-post-thumbnail","7":"category-rennes","8":"tag-actu","9":"tag-actualites","10":"tag-bretagne","11":"tag-eu","12":"tag-europe","13":"tag-football","14":"tag-fr","15":"tag-france","16":"tag-ligue-1","17":"tag-news","18":"tag-rennes","19":"tag-republique-francaise","20":"tag-sports","21":"tag-stade-rennais"},"share_on_mastodon":{"url":"https:\/\/pubeurope.com\/@fr\/115121541888379582","error":""},"_links":{"self":[{"href":"https:\/\/www.europesays.com\/fr\/wp-json\/wp\/v2\/posts\/355839","targetHints":{"allow":["GET"]}}],"collection":[{"href":"https:\/\/www.europesays.com\/fr\/wp-json\/wp\/v2\/posts"}],"about":[{"href":"https:\/\/www.europesays.com\/fr\/wp-json\/wp\/v2\/types\/post"}],"author":[{"embeddable":true,"href":"https:\/\/www.europesays.com\/fr\/wp-json\/wp\/v2\/users\/2"}],"replies":[{"embeddable":true,"href":"https:\/\/www.europesays.com\/fr\/wp-json\/wp\/v2\/comments?post=355839"}],"version-history":[{"count":0,"href":"https:\/\/www.europesays.com\/fr\/wp-json\/wp\/v2\/posts\/355839\/revisions"}],"wp:featuredmedia":[{"embeddable":true,"href":"https:\/\/www.europesays.com\/fr\/wp-json\/wp\/v2\/media\/355840"}],"wp:attachment":[{"href":"https:\/\/www.europesays.com\/fr\/wp-json\/wp\/v2\/media?parent=355839"}],"wp:term":[{"taxonomy":"category","embeddable":true,"href":"https:\/\/www.europesays.com\/fr\/wp-json\/wp\/v2\/categories?post=355839"},{"taxonomy":"post_tag","embeddable":true,"href":"https:\/\/www.europesays.com\/fr\/wp-json\/wp\/v2\/tags?post=355839"}],"curies":[{"name":"wp","href":"https:\/\/api.w.org\/{rel}","templated":true}]}}