{"id":355843,"date":"2025-08-31T04:42:23","date_gmt":"2025-08-31T04:42:23","guid":{"rendered":"https:\/\/www.europesays.com\/fr\/355843\/"},"modified":"2025-08-31T04:42:23","modified_gmt":"2025-08-31T04:42:23","slug":"un-nouveau-festival-gratuit-dedie-a-la-nuit-arrive-a-1h-de-strasbourg","status":"publish","type":"post","link":"https:\/\/www.europesays.com\/fr\/355843\/","title":{"rendered":"un nouveau festival gratuit d\u00e9di\u00e9 \u00e0 la nuit arrive \u00e0 1h de Strasbourg !"},"content":{"rendered":"<p><b>Alors que la saison des Pers\u00e9ides touche \u00e0 sa fin, un curieux \u00e9v\u00e9nement (\u00e0 1h de Strasbourg) compte bien nous replonger dans l\u2019immensit\u00e9 d\u2019un ciel \u00e9toil\u00e9 : \u00ab Bonjour la Nuit \u00bb. La premi\u00e8re \u00e9dition d\u2019un festival familial et gratuit cr\u00e9\u00e9 par des passionn\u00e9(e)s \u00e0 Dabo. Du 6 septembre au 11 octobre, il y d\u00e9ploie de nombreux rendez-vous entre spectacles, lectures, ateliers, observations du ciel et de la nature. Il fait bon de rester \u00e9veill\u00e9(e), quand on nous invite \u00e0 nous \u00e9merveiller.<\/b><\/p>\n<p>Lui, n\u2019a jamais cess\u00e9 de regarder le ciel : <a href=\"https:\/\/pokaa.fr\/2019\/09\/22\/coco-kimenau-le-realisateur-strasbourgeois-qui-va-te-mettre-des-etoiles-dans-les-yeux\/\" target=\"_blank\" rel=\"noopener\">le Strasbourgeois<b> Corentin Kimenau<\/b> a peut-\u00eatre la t\u00eate dans les \u00e9toiles, mais il garde les pieds sur terre<\/a>. Lorsqu\u2019il ne cherche pas les lucioles chass\u00e9es par les lumi\u00e8res de la ville, il invite les badauds comme ses proches \u00e0 \u00ab\u00a0compter les \u00e9toiles filantes et observer l\u2019Univers au travers d\u2019un t\u00e9lescope\u00a0\u00bb.<\/p>\n<p>Et le voil\u00e0 qu\u2019il a lanc\u00e9 le projet fou, cette rentr\u00e9e, de nous faire aimer la nuit. Accompagn\u00e9 d\u2019une \u00e9quipe de passionn\u00e9(e)s \u2013 <b>l\u2019association Carton Plein<\/b> \u2013, il nous invite <b>du 6 septembre au 11 octobre \u00e0 la premi\u00e8re \u00e9dition d\u2019un festival : Bonjour la Nuit<\/b>.<\/p>\n<p>    <img width=\"450\" height=\"600\" src=\"https:\/\/www.europesays.com\/fr\/wp-content\/uploads\/2025\/08\/525418387-17858411985465456-1434723860333644257-n1-450x600.jpg\" class=\"attachment-image-size-M size-image-size-M\" alt=\"kimenau corentin coco dabo\" decoding=\"async\" loading=\"lazy\"  \/>         Dabo. \u00a9 Kimenau Corentin \/ Document remis <\/p>\n<p>Lieu et place\u00a0: <b>Dabo<\/b>, \u00ab\u00a0le pays de [s]on enfance\u00a0\u00bb, <b>\u00e0 1h de Strasbourg<\/b>. <b>Un endroit pr\u00e9serv\u00e9 de la pollution lumineuse<\/b>, \u00ab\u00a0peupl\u00e9 de tr\u00e9sors, [o\u00f9] la nature y est foisonnante et la fra\u00eecheur du ciel [\u2026] est une richesse qu\u2019il est important de consid\u00e9rer\u00a0\u00bb \u2013 <b>au c\u0153ur des Vosges gr\u00e9seuses et de la r\u00e9serve de biosph\u00e8re Moselle-Sud<\/b>.<\/p>\n<p>    <img width=\"800\" height=\"535\" src=\"https:\/\/www.europesays.com\/fr\/wp-content\/uploads\/2025\/08\/a32e32ca-3d86-4c06-bc94-4542c222cc9b_opt.jpg\" class=\"attachment-image-size-L size-image-size-L\" alt=\"coco kimenau + ciel + \u00e9toiles + astronomie + strasbourg\" decoding=\"async\" loading=\"lazy\"  \/>         \u00a9 Kimenau Corentin \/ Document remis <\/p>\n<p>Dans l\u2019\u00e9dito, il confie avoir \u00ab\u00a0r\u00eav[\u00e9] de cr\u00e9er <b>un rendez-vous au c\u0153ur de la r\u00e9gion Grand Est pour d\u00e9mocratiser l\u2019\u00e9merveillement<\/b>. Un rendez-vous qui serait le d\u00e9but d\u2019<b>un mouvement f\u00e9d\u00e9rateur autour de l\u2019obscurit\u00e9 et sa protection,<\/b> mais aussi et surtout, pour inventer une nouvelle fa\u00e7on de <b>f\u00eater collectivement la nuit<\/b>, pour en faire un lieu d\u2019\u00e9galit\u00e9, de refuge, de repos et de paix\u00a0\u00bb.<\/p>\n<p>                <img width=\"281\" height=\"500\" src=\"https:\/\/www.europesays.com\/fr\/wp-content\/uploads\/2025\/08\/photo-16-05-2023-22-00-46-281x500.jpeg\" class=\"attachment-gallery size-gallery\" alt=\"Kimenau Corentin Voyage \u00e0 pieds avec son chien \u2013 la paix des chiens\" data-full-url=\"https:\/\/pokaa.fr\/wp-content\/uploads\/2023\/06\/photo-16-05-2023-22-00-46.jpeg\" decoding=\"async\" loading=\"lazy\"  \/>            <\/p>\n<p>                <img width=\"281\" height=\"500\" src=\"https:\/\/www.europesays.com\/fr\/wp-content\/uploads\/2025\/08\/photo-14-06-2023-23-02-12-281x500.jpeg\" class=\"attachment-gallery size-gallery\" alt=\"Kimenau Corentin Voyage \u00e0 pieds avec son chien \u2013 la paix des chiens\" data-full-url=\"https:\/\/pokaa.fr\/wp-content\/uploads\/2023\/06\/photo-14-06-2023-23-02-12.jpeg\" decoding=\"async\" loading=\"lazy\"  \/>            <\/p>\n<p>                    \u00a9 Kimenau Corentin \/ Documents remis<\/p>\n<p>\u00c9teindre les lumi\u00e8res, rallumer le ciel<\/p>\n<p>L\u2019id\u00e9e derri\u00e8re Bonjour la Nuit ? Cr\u00e9er un \u00e9v\u00e9nement <b>pour petit(e)s et grand(e)s<\/b>, autour de la pr\u00e9servation \u00ab\u00a0de ce bien commun qu\u2019est la nuit\u00a0\u00bb. Une invitation \u00ab\u00a0\u00e0 ralentir, \u00e0 lever les yeux vers le ciel, et \u00e0 <b>red\u00e9couvrir la beaut\u00e9 du monde nocturne<\/b> \u00bb, nous dit-on.<\/p>\n<p>L\u2019\u00e9quipe y d\u00e9fend<b> trois valeurs<\/b>. <b>L\u2019\u00e9merveillement<\/b>, en \u00ab\u00a0accept[ant] de ne pas tout comprendre\u00a0\u00bb, <b>la sensibilisation<\/b> pour \u00ab\u00a0discuter, [\u2026] expliquer ce qu\u2019est la pollution lumineuse, parler de son impact sur la faune, la flore et l\u2019\u00eatre humain puis parler de la nuit et de son importance pour le vivant\u00a0\u00bb, et enfin <b>la transmission<\/b>.<\/p>\n<p>    <img width=\"800\" height=\"523\" src=\"https:\/\/www.europesays.com\/fr\/wp-content\/uploads\/2025\/08\/capture-decran-2025-07-23-173851-800x523.png\" class=\"attachment-image-size-L size-image-size-L\" alt=\"Lune ciel \u00e9toiles\" decoding=\"async\" loading=\"lazy\"  \/>         \u00a9 Marie Goehner-David \/ Pokaa <\/p>\n<p>Des \u00e9toiles plein les yeux\u00a0: la programmation<br \/>\nUne veill\u00e9e pour la rentr\u00e9e<\/p>\n<p>Pour r\u00eaver grand, Bonjour la Nuit s\u2019\u00e9tend \u2013 d\u00e8s sa premi\u00e8re \u00e9dition \u2013 sur un mois, mais avant cela, <b>pour sa veill\u00e9e d\u2019ouverture, le festival nous donne rendez-vous \u00e0 Dabo le samedi 6 septembre<\/b>.<\/p>\n<p>D\u00e8s 18h30, des animations prendront place sur trois espaces de d\u00e9couvertes. Pour satisfaire toutes les curiosit\u00e9s. Le<b> spectacle <\/b><b>La Veill\u00e9e, contes astronomiques<\/b> <b>(par la Cie Petit Grabuge) <\/b>inaugurera ainsi La Prairie. \u00ab\u00a0L\u2019histoire d\u2019un homme qui a plein d\u2019histoires dans son sac \u00e0 dos, et qui aime les partager\u00a0\u00bb, entre th\u00e9\u00e2tre, th\u00e9\u00e2tre d\u2019objets, conf\u00e9rence et conte, accessible d\u00e8s 7 ans.<\/p>\n<p>                <img width=\"749\" height=\"500\" src=\"https:\/\/www.europesays.com\/fr\/wp-content\/uploads\/2025\/08\/bonjour-la-nuit-veillee1-749x500.jpg\" class=\"attachment-gallery size-gallery\" alt=\"bonjour la nuit\" data-full-url=\"https:\/\/pokaa.fr\/wp-content\/uploads\/2025\/08\/21\/bonjour-la-nuit-veillee1.jpg\" decoding=\"async\" loading=\"lazy\"  \/>            <\/p>\n<p>                <img width=\"750\" height=\"500\" src=\"https:\/\/www.europesays.com\/fr\/wp-content\/uploads\/2025\/08\/la-veillee-contes-astronomiques-par-la-cie-petit-grabuge-750x500.jpeg\" class=\"attachment-gallery size-gallery\" alt=\"bonjour la nuit\" data-full-url=\"https:\/\/pokaa.fr\/wp-content\/uploads\/2025\/08\/21\/la-veillee-contes-astronomiques-par-la-cie-petit-grabuge.jpeg\" decoding=\"async\" loading=\"lazy\"  \/>            <\/p>\n<p>                    \u00ab La Veill\u00e9e, contes astronomiques \u00bb par la Cie Petit Grabuge. \u00a9 Andr\u00e9a Warzee \/ Documents remis<\/p>\n<p>Pour lui faire suite\u00a0:<b> la compagnie des Musiques T\u00e9lescopiques nous plongera dans <\/b><b>Nocturnes<\/b>.<\/p>\n<p>Un concert sur transat, <b>sous les \u00e9toiles<\/b>, en direct mais diffus\u00e9 dans des casques sans fil pour ne pas d\u00e9ranger la faune\u2026 <b>Un dialogue tout en po\u00e9sie, entre cinq musiciens et la nature, autour<\/b>.<\/p>\n<\/p>\n<p>Depuis Le Refuge, tandis que certain(e)s partiront suivre <b>des balades<\/b> (\u00ab\u00a0Chouette\u00a0\u00bb, \u00ab\u00a0Chauve-souris\u00a0\u00bb, ou cont\u00e9e avec \u00ab\u00a0Croix du loup\u00a0\u00bb), d\u2019autres profiteront plut\u00f4t d\u2019<b>interludes musicaux<\/b>, de<b> stand-up<\/b> ou d\u2019un <b>DJ set de la Strasbourgeoise Margarita Temp\u00eate<\/b>.<\/p>\n<p>Et depuis Le Rocher\u00a0? Un joli <b>coucher de soleil<\/b> en attendra d\u2019autres, suivi d\u2019une <b>session d\u2019observation des \u00e9toiles <\/b>et plan\u00e8tes avec des astronomes.<\/p>\n<p>Avec tout au long de la soir\u00e9e\u00a0: un espace buvette et restauration, des animations, des conf\u00e9rences et <b>l\u2019expo photo<\/b> (autour de l\u2019impact de la pollution lumineuse sur nos environnements) <b>de Kimenau Corentin et de Ludovic Stricher <\/b>(\u00e0 d\u00e9couvrir jusqu\u2019au 11 octobre).<\/p>\n<p>    <img width=\"337\" height=\"600\" src=\"https:\/\/www.europesays.com\/fr\/wp-content\/uploads\/2025\/08\/photo-17-05-2023-03-41-59-337x600.jpeg\" class=\"attachment-image-size-M size-image-size-M\" alt=\"Kimenau Corentin Voyage \u00e0 pieds avec son chien \u2013 la paix des chiens\" decoding=\"async\" loading=\"lazy\"  \/>         \u00a9 Kimenau Corentin (@kimenau_corentin sur Instagram) \/ Document remis <\/p>\n<p>Et apr\u00e8s la veill\u00e9e\u00a0?<\/p>\n<p><b>\u00c0 partir du 8 septembre et jusqu\u2019au 11 octobre<\/b>, Bonjour la Nuit s\u2019exportera <b>dans tout le Pays de Phalsbourg<\/b> (gr\u00e2ce au soutien de la Communaut\u00e9 de communes du Pays de Phalsbourg et de la commune de Dabo), avec une programmation toujours aussi originale et familiale.<\/p>\n<p>On y comptera <b>des observations du soleil<\/b>, des<b> balades nature \u00e0 la d\u00e9couverte des oiseaux<\/b>, des <b>lectures<\/b>, et <b>des ateliers <\/b>d\u2019\u00e9veil sensoriel et artistique, de modelage ou de peinture v\u00e9g\u00e9tale\u2026 Ainsi que <b>deux <\/b><b>escape games<\/b>\u00a0: \u00ab\u00a0Nuit\u00a0\u00bb de la Cie Coffre \u00e0 Id\u00e9es qui offre une \u00ab\u00a0exp\u00e9rience immersive et po\u00e9tique\u00a0\u00bb, et le second qui nous plonge \u00ab\u00a0au c\u0153ur du myst\u00e8re de la nature\u00a0\u00bb (de St\u00e9phane Corbeil de Terre et Partage).<\/p>\n<p>                <img width=\"333\" height=\"500\" src=\"https:\/\/www.europesays.com\/fr\/wp-content\/uploads\/2025\/08\/dsc-1956-2-333x500.jpg\" class=\"attachment-gallery size-gallery\" alt=\"LPO balade nature ville oiseau oiseaux ornithologie observation faune orangerie\" data-full-url=\"https:\/\/pokaa.fr\/wp-content\/uploads\/2025\/08\/12\/dsc-1956-2.jpg\" decoding=\"async\" loading=\"lazy\"  \/>            <\/p>\n<p>                <img width=\"333\" height=\"500\" src=\"https:\/\/www.europesays.com\/fr\/wp-content\/uploads\/2025\/08\/dsc-5492-333x500.jpg\" class=\"attachment-gallery size-gallery\" alt=\"LPO balade nature ville oiseau oiseaux ornithologie observation faune orangerie\" data-full-url=\"https:\/\/pokaa.fr\/wp-content\/uploads\/2025\/08\/12\/dsc-5492.jpg\" decoding=\"async\" loading=\"lazy\"  \/>            <\/p>\n<p>                <img width=\"750\" height=\"500\" src=\"https:\/\/www.europesays.com\/fr\/wp-content\/uploads\/2025\/08\/dsc-5578-750x500.jpg\" class=\"attachment-gallery size-gallery\" alt=\"LPO balade nature ville oiseau oiseaux ornithologie observation faune orangerie\" data-full-url=\"https:\/\/pokaa.fr\/wp-content\/uploads\/2025\/08\/12\/dsc-5578.jpg\" decoding=\"async\" loading=\"lazy\"  \/>            <\/p>\n<p>                    \u00a9 Mathilde Cybulski \/ Pokaa<\/p>\n<p>On peut \u00e9galement citer <b>\u00ab\u00a0L\u2019Art au service de la biodiversit\u00e9\u00a0\u00bb<\/b> qui nous fera d\u00e9couvrir les oiseaux au travers de la c\u00e9ramique et de la photo (gr\u00e2ce au travail de Florence Gaudry, Olivier Lasbley et la LPO) d\u00e8s le 18 septembre. Ou l\u2019expo de <b>photos et aquarelles animali\u00e8res<\/b> de David Hackel et Annick Sturm (en octobre).<\/p>\n<p>Sans oublier la projection le 26 septembre (\u00e0 Arzviller) du court-m\u00e9trage <a href=\"https:\/\/pokaa.fr\/2020\/04\/29\/ou-sont-passes-les-lucioles-le-docu-touchant-dun-strasbourgeois-passionne-dastronomie\/\" target=\"_blank\" rel=\"noopener\"><b>O\u00f9 sont pass\u00e9es les lucioles<\/b><b> de Corentin Kimenau<\/b><\/a>.<\/p>\n<p><strong>Bonjour la Nuit : une parenth\u00e8se de nature et de culture \u2013 entre ciel et Terre \u2013, pour s\u2019\u00e9vader de la rentr\u00e9e scolaire.<\/strong><\/p>\n<p>            Bonjour la Nuit \u2013 1\u00e8re \u00e9dition<\/p>\n<p>            Quoi ? <\/p>\n<p>Festival familial et gratuit autour de la nuit avec spectacles, ateliers, rencontres, lectures\u2026<\/p>\n<p>                Quand ?<\/p>\n<p>Veill\u00e9e d\u2019ouverture\u00a0: samedi 6 septembre d\u00e8s 18h30<\/p>\n<p>Du 7 septembre au 11 octobre<\/p>\n<p>            o\u00f9 ?<\/p>\n<p>\u00c0 Dabo et dans tout le Pays de Phalsbourg<\/p>\n<p>                Plus d&rsquo;infos ?<\/p>\n<p><a href=\"https:\/\/bonjour-la-nuit.org\/\" target=\"_blank\" rel=\"noopener\">Site web<\/a><br \/><a href=\"https:\/\/fb.me\/e\/6Dze0n5td\" target=\"_blank\" rel=\"noopener\">L\u2019\u00e9v\u00e9nement Facebook<\/a><\/p>\n","protected":false},"excerpt":{"rendered":"Alors que la saison des Pers\u00e9ides touche \u00e0 sa fin, un curieux \u00e9v\u00e9nement (\u00e0 1h de Strasbourg) compte&hellip;\n","protected":false},"author":2,"featured_media":355844,"comment_status":"","ping_status":"","sticky":false,"template":"","format":"standard","meta":{"footnotes":""},"categories":[2820],"tags":[1111,11,48,49192,251,49193,1777,674,652,849,1011,27,775,326,49194,2742,12,25,3140,640,774,4064],"class_list":{"0":"post-355843","1":"post","2":"type-post","3":"status-publish","4":"format-standard","5":"has-post-thumbnail","7":"category-strasbourg","8":"tag-actu","9":"tag-actualites","10":"tag-astronomie","11":"tag-coco-kimenau","12":"tag-culture","13":"tag-dabo","14":"tag-eu","15":"tag-europe","16":"tag-famille","17":"tag-festival","18":"tag-fr","19":"tag-france","20":"tag-grand-est","21":"tag-gratuit","22":"tag-kimenau-corentin","23":"tag-nature","24":"tag-news","25":"tag-republique-francaise","26":"tag-spectacle","27":"tag-strasbourg","28":"tag-vosges","29":"tag-week-end"},"share_on_mastodon":{"url":"https:\/\/pubeurope.com\/@fr\/115121550074062142","error":""},"_links":{"self":[{"href":"https:\/\/www.europesays.com\/fr\/wp-json\/wp\/v2\/posts\/355843","targetHints":{"allow":["GET"]}}],"collection":[{"href":"https:\/\/www.europesays.com\/fr\/wp-json\/wp\/v2\/posts"}],"about":[{"href":"https:\/\/www.europesays.com\/fr\/wp-json\/wp\/v2\/types\/post"}],"author":[{"embeddable":true,"href":"https:\/\/www.europesays.com\/fr\/wp-json\/wp\/v2\/users\/2"}],"replies":[{"embeddable":true,"href":"https:\/\/www.europesays.com\/fr\/wp-json\/wp\/v2\/comments?post=355843"}],"version-history":[{"count":0,"href":"https:\/\/www.europesays.com\/fr\/wp-json\/wp\/v2\/posts\/355843\/revisions"}],"wp:featuredmedia":[{"embeddable":true,"href":"https:\/\/www.europesays.com\/fr\/wp-json\/wp\/v2\/media\/355844"}],"wp:attachment":[{"href":"https:\/\/www.europesays.com\/fr\/wp-json\/wp\/v2\/media?parent=355843"}],"wp:term":[{"taxonomy":"category","embeddable":true,"href":"https:\/\/www.europesays.com\/fr\/wp-json\/wp\/v2\/categories?post=355843"},{"taxonomy":"post_tag","embeddable":true,"href":"https:\/\/www.europesays.com\/fr\/wp-json\/wp\/v2\/tags?post=355843"}],"curies":[{"name":"wp","href":"https:\/\/api.w.org\/{rel}","templated":true}]}}