{"id":355849,"date":"2025-08-31T04:46:17","date_gmt":"2025-08-31T04:46:17","guid":{"rendered":"https:\/\/www.europesays.com\/fr\/355849\/"},"modified":"2025-08-31T04:46:17","modified_gmt":"2025-08-31T04:46:17","slug":"les-machines-de-lile-a-nantes-un-bestiaire-mecanique-fascinant","status":"publish","type":"post","link":"https:\/\/www.europesays.com\/fr\/355849\/","title":{"rendered":"Les Machines de l\u2019\u00eele \u00e0 Nantes, un bestiaire m\u00e9canique fascinant"},"content":{"rendered":"<p itemprop=\"description\">\u00c0 Nantes, les Machines de l\u2019\u00eele accueillent chaque ann\u00e9e pr\u00e8s de 250\u00a0000 visiteurs. Entre \u00e9l\u00e9phant g\u00e9ant, h\u00e9ron volant ou cam\u00e9l\u00e9on articul\u00e9, ces cr\u00e9atures m\u00e9caniques offrent une exp\u00e9rience immersive unique. Le public peut m\u00eame participer \u00e0 leur animation, encadr\u00e9 par des m\u00e9diateurs machinistes.<\/p>\n<p>        Sous la nef de l\u2019\u00eele de Nantes, un h\u00e9ron d\u00e9ploie ses ailes m\u00e9talliques. Autour, paresseux, cam\u00e9l\u00e9ons ou colibris prennent vie dans une sc\u00e9nographie qui m\u00eale ing\u00e9niosit\u00e9 et po\u00e9sie.<\/p>\n<p>Depuis 2007, les Machines de l\u2019\u00eele attirent chaque ann\u00e9e pr\u00e8s de 250\u00a0000 visiteurs. Ce projet n\u00e9 de l\u2019imagination de Fran\u00e7ois Delarozi\u00e8re et Pierre Or\u00e9fice a transform\u00e9 les anciens chantiers navals en un th\u00e9\u00e2tre urbain peupl\u00e9 de cr\u00e9atures m\u00e9caniques. \u00ab\u202fCe sont des machines manipulables par le public\u202f\u00bb, souligne Anna Raguin, responsable de la production \u00e9v\u00e9nementielle. Accompagn\u00e9s par des m\u00e9diateurs machinistes, les visiteurs sont acteurs de ces spectacles anim\u00e9s.<\/p>\n<p>L\u2019atelier de construction, pilot\u00e9 par la compagnie La Machine, est \u00e0 l\u2019origine d\u2019une dizaine de cr\u00e9ations\u202f: une araign\u00e9e g\u00e9ante, une chenille mobile, un \u00e9l\u00e9phant de 50 tonnes. \u00ab\u202fOn embarque les gens dans une histoire\u202f\u00bb, explique Nicolas Rouesn\u00e9, m\u00e9diateur machiniste. Certaines installations invitent \u00e0 l\u2019\u00e9vasion sensorielle, d\u2019autres laissent place au silence, comme le vol du h\u00e9ron.<\/p>\n<p>Chaque animal est pens\u00e9 pour reproduire un mouvement r\u00e9aliste, tout en laissant visible son m\u00e9canisme. Une double lecture \u00e0 la fois esth\u00e9tique et technique. L\u2019\u00e9l\u00e9phant, figure embl\u00e9matique, projette parfois un jet d\u2019eau pour le plus grand bonheur des enfants. Les Machines de l\u2019\u00eele sont devenues un rep\u00e8re culturel de la ville. Une parenth\u00e8se enchant\u00e9e en plein c\u0153ur de Nantes.    <\/p>\n","protected":false},"excerpt":{"rendered":"\u00c0 Nantes, les Machines de l\u2019\u00eele accueillent chaque ann\u00e9e pr\u00e8s de 250\u00a0000 visiteurs. Entre \u00e9l\u00e9phant g\u00e9ant, h\u00e9ron volant&hellip;\n","protected":false},"author":2,"featured_media":355850,"comment_status":"","ping_status":"","sticky":false,"template":"","format":"standard","meta":{"footnotes":""},"categories":[2818],"tags":[49199,49198,1111,11,5648,32527,1777,674,49197,1011,27,49195,49196,766,12,2636,3762,25,11046],"class_list":{"0":"post-355849","1":"post","2":"type-post","3":"status-publish","4":"format-standard","5":"has-post-thumbnail","7":"category-nantes","8":"tag-250-000","9":"tag-accueillent","10":"tag-actu","11":"tag-actualites","12":"tag-annee","13":"tag-bestiaire","14":"tag-eu","15":"tag-europe","16":"tag-fascinant","17":"tag-fr","18":"tag-france","19":"tag-machines","20":"tag-mecanique","21":"tag-nantes","22":"tag-news","23":"tag-pays-de-la-loire","24":"tag-pres","25":"tag-republique-francaise","26":"tag-visiteurs"},"share_on_mastodon":{"url":"https:\/\/pubeurope.com\/@fr\/115121565404069134","error":""},"_links":{"self":[{"href":"https:\/\/www.europesays.com\/fr\/wp-json\/wp\/v2\/posts\/355849","targetHints":{"allow":["GET"]}}],"collection":[{"href":"https:\/\/www.europesays.com\/fr\/wp-json\/wp\/v2\/posts"}],"about":[{"href":"https:\/\/www.europesays.com\/fr\/wp-json\/wp\/v2\/types\/post"}],"author":[{"embeddable":true,"href":"https:\/\/www.europesays.com\/fr\/wp-json\/wp\/v2\/users\/2"}],"replies":[{"embeddable":true,"href":"https:\/\/www.europesays.com\/fr\/wp-json\/wp\/v2\/comments?post=355849"}],"version-history":[{"count":0,"href":"https:\/\/www.europesays.com\/fr\/wp-json\/wp\/v2\/posts\/355849\/revisions"}],"wp:featuredmedia":[{"embeddable":true,"href":"https:\/\/www.europesays.com\/fr\/wp-json\/wp\/v2\/media\/355850"}],"wp:attachment":[{"href":"https:\/\/www.europesays.com\/fr\/wp-json\/wp\/v2\/media?parent=355849"}],"wp:term":[{"taxonomy":"category","embeddable":true,"href":"https:\/\/www.europesays.com\/fr\/wp-json\/wp\/v2\/categories?post=355849"},{"taxonomy":"post_tag","embeddable":true,"href":"https:\/\/www.europesays.com\/fr\/wp-json\/wp\/v2\/tags?post=355849"}],"curies":[{"name":"wp","href":"https:\/\/api.w.org\/{rel}","templated":true}]}}