{"id":355851,"date":"2025-08-31T04:48:24","date_gmt":"2025-08-31T04:48:24","guid":{"rendered":"https:\/\/www.europesays.com\/fr\/355851\/"},"modified":"2025-08-31T04:48:24","modified_gmt":"2025-08-31T04:48:24","slug":"quatre-personnes-arretees-et-deferees-2","status":"publish","type":"post","link":"https:\/\/www.europesays.com\/fr\/355851\/","title":{"rendered":"quatre personnes arr\u00eat\u00e9es et d\u00e9f\u00e9r\u00e9es"},"content":{"rendered":"<p>Le 30\u00a0mai, un homme se rendait, apr\u00e8s avoir \u00e9chang\u00e9 sur un site de rencontres homosexuelles, dans un parc \u00e0 Rez\u00e9 afin d\u2019y retrouver un autre homme. \u00ab\u00a0\u00c0 son arriv\u00e9e, il \u00e9tait pris \u00e0 partie par 4 \u00e0 5 individus, qui le frappaient, le for\u00e7aient \u00e0 leur remettre sa carte bancaire avec le code\u00a0\u00bb, a indiqu\u00e9 le procureur de la R\u00e9publique de Nantes, Antoine Leroy dans un communiqu\u00e9.<\/p>\n<p>Un retrait d\u2019argent a \u00e9t\u00e9 effectu\u00e9, alors que la victime \u00e9tait maintenue sur place, et ses effets personnels \u00e9taient jet\u00e9s dans le parc. Deux autres agressions assez similaires ont \u00e9galement eu lieu le 31\u00a0juillet et le 7\u00a0ao\u00fbt. Lors des trois agressions, les agresseurs pr\u00e9sum\u00e9s \u00ab\u00a0consultaient le t\u00e9l\u00e9phone portable des victimes, prenaient des clich\u00e9s des contacts, voire filmaient la victime\u00a0\u00bb et ils ont aussi prof\u00e9r\u00e9 \u00e0 leur encontre \u00ab\u00a0de nombreuses insultes \u00e0 caract\u00e8re homophobe\u00a0\u00bb, pr\u00e9cise le magistrat.<\/p>\n<p>Des jeunes majeurs interpell\u00e9s<\/p>\n<p>Les investigations techniques, notamment l\u2019exploitation des vid\u00e9os et de la t\u00e9l\u00e9phonie, ont permis aux enqu\u00eateurs de la police d\u2019identifier \u00ab\u00a0un certain nombre d\u2019individus, lesquels, au nombre de quatre, tout juste majeurs pour trois d\u2019entre eux et \u00e2g\u00e9 de 17\u00a0ans pour le quatri\u00e8me, \u00e9taient interpell\u00e9s\u00a0\u00bb mercredi.<\/p>\n<p>Certains mis en cause ont minimis\u00e9 les violences mais ils ont admis les faits \u00ab\u00a0dans leur globalit\u00e9\u00a0\u00bb, souligne Antoine Leroy. Les suspects ont \u00e9voqu\u00e9 d\u2019autres faits dans lesquels ils ont reconnu \u00eatre en cause. Il s\u2019agit selon le magistrat d&rsquo;\u00ab\u00a0une \u00e9quipe bien organis\u00e9e\u00a0\u00bb notamment motiv\u00e9e par l\u2019argent.<\/p>\n<p>Les mis en cause ont \u00e9t\u00e9 d\u00e9f\u00e9r\u00e9s vendredi au parquet qui a saisi un juge d\u2019instruction notamment pour extorsions commises avec arme et en raison de l\u2019orientation sexuelle. Le parquet a requis le placement en d\u00e9tention provisoire des quatre individus.<\/p>\n","protected":false},"excerpt":{"rendered":"Le 30\u00a0mai, un homme se rendait, apr\u00e8s avoir \u00e9chang\u00e9 sur un site de rencontres homosexuelles, dans un parc&hellip;\n","protected":false},"author":2,"featured_media":355852,"comment_status":"","ping_status":"","sticky":false,"template":"","format":"standard","meta":{"footnotes":""},"categories":[2818],"tags":[1111,11,1777,674,1011,27,766,12,2636,25],"class_list":{"0":"post-355851","1":"post","2":"type-post","3":"status-publish","4":"format-standard","5":"has-post-thumbnail","7":"category-nantes","8":"tag-actu","9":"tag-actualites","10":"tag-eu","11":"tag-europe","12":"tag-fr","13":"tag-france","14":"tag-nantes","15":"tag-news","16":"tag-pays-de-la-loire","17":"tag-republique-francaise"},"share_on_mastodon":{"url":"https:\/\/pubeurope.com\/@fr\/115121573275813012","error":""},"_links":{"self":[{"href":"https:\/\/www.europesays.com\/fr\/wp-json\/wp\/v2\/posts\/355851","targetHints":{"allow":["GET"]}}],"collection":[{"href":"https:\/\/www.europesays.com\/fr\/wp-json\/wp\/v2\/posts"}],"about":[{"href":"https:\/\/www.europesays.com\/fr\/wp-json\/wp\/v2\/types\/post"}],"author":[{"embeddable":true,"href":"https:\/\/www.europesays.com\/fr\/wp-json\/wp\/v2\/users\/2"}],"replies":[{"embeddable":true,"href":"https:\/\/www.europesays.com\/fr\/wp-json\/wp\/v2\/comments?post=355851"}],"version-history":[{"count":0,"href":"https:\/\/www.europesays.com\/fr\/wp-json\/wp\/v2\/posts\/355851\/revisions"}],"wp:featuredmedia":[{"embeddable":true,"href":"https:\/\/www.europesays.com\/fr\/wp-json\/wp\/v2\/media\/355852"}],"wp:attachment":[{"href":"https:\/\/www.europesays.com\/fr\/wp-json\/wp\/v2\/media?parent=355851"}],"wp:term":[{"taxonomy":"category","embeddable":true,"href":"https:\/\/www.europesays.com\/fr\/wp-json\/wp\/v2\/categories?post=355851"},{"taxonomy":"post_tag","embeddable":true,"href":"https:\/\/www.europesays.com\/fr\/wp-json\/wp\/v2\/tags?post=355851"}],"curies":[{"name":"wp","href":"https:\/\/api.w.org\/{rel}","templated":true}]}}