{"id":355855,"date":"2025-08-31T04:50:27","date_gmt":"2025-08-31T04:50:27","guid":{"rendered":"https:\/\/www.europesays.com\/fr\/355855\/"},"modified":"2025-08-31T04:50:27","modified_gmt":"2025-08-31T04:50:27","slug":"le-contest-ballistik-un-tournoi-rocknroll-de-basket-a-travers-bordeaux","status":"publish","type":"post","link":"https:\/\/www.europesays.com\/fr\/355855\/","title":{"rendered":"Le Contest Ballistik, un \u00ab\u00a0tournoi rock\u2019n\u2019roll de basket\u00a0\u00bb \u00e0 travers Bordeaux"},"content":{"rendered":"<p>Un agile coup de main, et le ballon virevolte dans les airs. Apr\u00e8s trois rebonds pr\u00e9cis sur le panier, il rentre dans le filet. Acclamation g\u00e9n\u00e9rale. Noah Malibenga et Kevin Poretti, Bordelais de 18 et 19\u00a0ans, s\u2019entra\u00eenent avant leur demi-finale en un contre un (1 VS 1) de basket ce samedi 30\u00a0ao\u00fbt, sur la promenade Sainte-Catherine, \u00e0 Bordeaux. Ils jouent leurs derniers matchs du Contest Ballistik, un tournoi de basket bordelais qui f\u00eate cette ann\u00e9e ses trois\u00a0ans. Depuis le 10\u00a0juillet, ils ont gagn\u00e9 leurs rencontres en \u00e9quipe de trois au port de la Lune, \u00e0 Darwin, Bordeaux Lac, ou sur le quai des Sports.<\/p>\n","protected":false},"excerpt":{"rendered":"Un agile coup de main, et le ballon virevolte dans les airs. Apr\u00e8s trois rebonds pr\u00e9cis sur le&hellip;\n","protected":false},"author":2,"featured_media":355856,"comment_status":"","ping_status":"","sticky":false,"template":"","format":"standard","meta":{"footnotes":""},"categories":[2817],"tags":[1111,11,1997,1777,674,1011,27,12,2219,25],"class_list":{"0":"post-355855","1":"post","2":"type-post","3":"status-publish","4":"format-standard","5":"has-post-thumbnail","7":"category-bordeaux","8":"tag-actu","9":"tag-actualites","10":"tag-bordeaux","11":"tag-eu","12":"tag-europe","13":"tag-fr","14":"tag-france","15":"tag-news","16":"tag-nouvelle-aquitaine","17":"tag-republique-francaise"},"share_on_mastodon":{"url":"https:\/\/pubeurope.com\/@fr\/115121581179662824","error":""},"_links":{"self":[{"href":"https:\/\/www.europesays.com\/fr\/wp-json\/wp\/v2\/posts\/355855","targetHints":{"allow":["GET"]}}],"collection":[{"href":"https:\/\/www.europesays.com\/fr\/wp-json\/wp\/v2\/posts"}],"about":[{"href":"https:\/\/www.europesays.com\/fr\/wp-json\/wp\/v2\/types\/post"}],"author":[{"embeddable":true,"href":"https:\/\/www.europesays.com\/fr\/wp-json\/wp\/v2\/users\/2"}],"replies":[{"embeddable":true,"href":"https:\/\/www.europesays.com\/fr\/wp-json\/wp\/v2\/comments?post=355855"}],"version-history":[{"count":0,"href":"https:\/\/www.europesays.com\/fr\/wp-json\/wp\/v2\/posts\/355855\/revisions"}],"wp:featuredmedia":[{"embeddable":true,"href":"https:\/\/www.europesays.com\/fr\/wp-json\/wp\/v2\/media\/355856"}],"wp:attachment":[{"href":"https:\/\/www.europesays.com\/fr\/wp-json\/wp\/v2\/media?parent=355855"}],"wp:term":[{"taxonomy":"category","embeddable":true,"href":"https:\/\/www.europesays.com\/fr\/wp-json\/wp\/v2\/categories?post=355855"},{"taxonomy":"post_tag","embeddable":true,"href":"https:\/\/www.europesays.com\/fr\/wp-json\/wp\/v2\/tags?post=355855"}],"curies":[{"name":"wp","href":"https:\/\/api.w.org\/{rel}","templated":true}]}}