{"id":355861,"date":"2025-08-31T04:53:09","date_gmt":"2025-08-31T04:53:09","guid":{"rendered":"https:\/\/www.europesays.com\/fr\/355861\/"},"modified":"2025-08-31T04:53:09","modified_gmt":"2025-08-31T04:53:09","slug":"ce-pere-de-famille-soupconne-le-chu-de-lille-de-vouloir-euthanasier-sa-fille-le-tribunal-tranche","status":"publish","type":"post","link":"https:\/\/www.europesays.com\/fr\/355861\/","title":{"rendered":"Ce p\u00e8re de famille soup\u00e7onne le CHU de Lille de vouloir euthanasier sa fille : le tribunal tranche"},"content":{"rendered":"<p>            Par<br \/>\n        <strong><br \/>\n            <a href=\"https:\/\/actu.fr\/auteur\/redaction-lille\" title=\"Consulter tous les articles de R\u00e9daction Lille\" target=\"_blank\" rel=\"noopener\">R\u00e9daction Lille<\/a><br \/>\n        <\/strong><\/p>\n<p>        Publi\u00e9 le<\/p>\n<p>            31 ao\u00fbt 2025 \u00e0 6h06        <\/p>\n<p>Le <b>juge des r\u00e9f\u00e9r\u00e9s <\/b>du <b>tribunal administratif<\/b> de <a href=\"https:\/\/actu.fr\/hauts-de-france\/lille_59350\" target=\"_blank\" rel=\"noopener\">Lille<\/a> a rejet\u00e9 la <b>requ\u00eate d\u2019un p\u00e8re de famille<\/b> qui r\u00e9clamait en urgence le <b>\u00ab\u00a0r\u00e9tablissement\u00a0\u00bb des soins de sa fille diab\u00e9tique<\/b>, un temps plac\u00e9e en \u00ab\u00a0s\u00e9dation profonde\u00a0\u00bb au <a href=\"https:\/\/actu.fr\/tag\/chu-de-lille\" target=\"_blank\" rel=\"noopener\">centre hospitalier universitaire (CHU) de Lille<\/a>.<\/p>\n<p>Admise au CHU de Lille dans le coma<\/p>\n<p class=\" wall-content\">Cette patiente avait \u00e9t\u00e9 admise au <b>centre hospitalier\u00a0Saint-Vincent de Pau<\/b>l \u00e0 Lille le 1er juin 2025 \u00ab\u00a0apr\u00e8s avoir \u00e9t\u00e9 retrouv\u00e9e \u00e0 son domicile en<b> \u00e9tat de coma hypoglyc\u00e9mique<\/b>\u00ab\u00a0, explique le magistrat dans une ordonnance en date du 18 ao\u00fbt 2025 qui vient d\u2019\u00eatre rendue publique.<\/p>\n<p class=\" wall-content\">D\u00e8s le 6 juin 2025, une \u00ab\u00a0d\u00e9cision d\u2019extubation\u00a0\u00bb avait \u00e9t\u00e9 prise par les m\u00e9decins puis \u00ab\u00a0\u00e9voqu\u00e9e avec la famille\u00a0\u00bb. Quelques jours plus tard, un \u00ab\u00a0consultant ext\u00e9rieur au service\u00a0\u00bb avait \u00e0 son tour \u00e9mis \u00ab\u00a0un <b>avis favorable \u00e0 un arr\u00eat des th\u00e9rapeutiques actives<\/b>\u00ab\u00a0.<\/p>\n<p class=\" wall-content\">Mais le 25 juin 2025, apr\u00e8s une \u00ab\u00a0expertise m\u00e9dicale\u00a0\u00bb ordonn\u00e9e deux semaines plus t\u00f4t par la justice administrative, le juge des r\u00e9f\u00e9r\u00e9s du\u00a0tribunal administratif de Lille avait finalement fait \u00ab\u00a0injonction\u00a0\u00bb\u00a0aux m\u00e9decins de \u00ab\u00a0maintenir les th\u00e9rapeutiques actives\u00a0\u00bb prodigu\u00e9es \u00e0 leur patiente \u00ab\u00a0sans limitation\u00a0\u00bb, \u00ab\u00a0sous r\u00e9serve d\u2019une \u00e9volution de son \u00e9tat de sant\u00e9\u00a0\u00bb.<\/p>\n<p class=\" wall-content\">\u00ab\u00a0Alors que (\u2026) le centre hospitalier (\u2026) faisait seulement valoir que la d\u00e9cision est (\u2026) \u00ab\u00a0<b>majoritairement motiv\u00e9e par une souffrance c\u00e9r\u00e9brale importante<\/b>\u00a0\u00bb et que \u00ab\u00a0le pronostic neurologique particuli\u00e8rement sombre (\u2026) ne laisse supposer aucun espoir de r\u00e9tablissement satisfaisant\u00a0\u00bb, (\u2026) l\u2019\u00e9tablissement n\u2019a pas produit d\u2019observations \u00e0 la suite du (\u2026) rapport de l\u2019expert\u00a0\u00bb, faisait remarquer le magistrat lillois.<\/p>\n<p>Une \u00e9volution \u00ab\u00a0faiblement positive\u00a0\u00bb<\/p>\n<p class=\" wall-content\">L\u2019expert avait en fait trouv\u00e9 que la patiente \u00e9tait dans un \u00e9tat neurologique \u00ab\u00a0comparable \u00e0 celui des jours pr\u00e9c\u00e9dents\u00a0\u00bb, avec \u00ab\u00a0une ouverture des yeux spontan\u00e9e\u00a0\u00bb, des \u00ab\u00a0<b>r\u00e9actions d\u2019\u00e9vitement \u00e0 la stimulation douloureuse<\/b>\u00a0\u00bb et des \u00ab\u00a0r\u00e9flexes ost\u00e9o-tendineux aux membres inf\u00e9rieurs\u00a0\u00bb.\u00a0\u00ab\u00a0Si aucun contact n\u2019est encore possible, une <b>\u00e9volution neurologique faiblement positive<\/b> (\u2026) est notable\u00a0\u00bb, avait-il comment\u00e9. \u00ab\u00a0Le caract\u00e8re irr\u00e9versible des l\u00e9sions c\u00e9r\u00e9brales et le pronostic \u00e0 moyen et long terme ne peuvent \u00eatre actuellement d\u00e9termin\u00e9es.\u00a0\u00bb<\/p>\n<p>Votre r\u00e9gion, votre actu !<\/p>\n<p>Recevez chaque jour les infos qui comptent pour vous.<\/p>\n<p>\t<a href=\"https:\/\/actu.fr\/newsletter\" class=\"ac-btn ac-btn--corner ac-btn--medium ac-btn--blue800\" target=\"_blank\" rel=\"noopener\">S&rsquo;incrire<\/a><\/p>\n<p class=\" wall-content\">Deux mois plus tard, le p\u00e8re\u00a0de famille avait pourtant constat\u00e9 que sa fille avait \u00ab\u00a0\u00e9t\u00e9 <b>extub\u00e9e depuis plus de 48 heures<\/b>\u00ab\u00a0. Son <b>alimentation et son hydratation avaient \u00e9t\u00e9 \u00ab\u00a0interrompues\u00a0\u00bb<\/b>, \u00ab\u00a0aucun soin actif\u00a0\u00bb ne lui \u00e9tait prodigu\u00e9 et de \u00ab\u00a0fr\u00e9quentes interruptions de sa respiration apparaissaient sur le monitorage\u00a0\u00bb.\u00a0Selon lui, \u00ab\u00a0plusieurs \u00e9v\u00e9nements survenus depuis la prise en charge de sa fille (\u2026)\u00a0t\u00e9moignent de ce que le centre hospitalier universitaire de Lille a engag\u00e9 un <b>protocole de fin de vie<\/b>\u00ab\u00a0, s\u2019\u00e9tait-il convaincu.<\/p>\n<p class=\" wall-content\">\u00ab\u00a0Contrairement \u00e0 ce que soutient M. XXX, l\u2019alimentation et l\u2019hydratation (\u2026) n\u2019ont pas \u00e9t\u00e9 arr\u00eat\u00e9es\u00a0\u00bb, tranche toutefois le magistrat dans son ordonnance au vu des \u00ab\u00a0explications pr\u00e9cises et circonstanci\u00e9es\u00a0\u00bb apport\u00e9es par le CHU de Lille \u00e0 l\u2019audience.<\/p>\n<p class=\" wall-content\">\u00ab\u00a0La br\u00e8ve interruption de celles-ci (\u2026) le 11 ao\u00fbt \u00e9tait justifi\u00e9e par la <b>n\u00e9cessit\u00e9 d\u2019administrer son traitement<\/b> en \u00e9vitant toute interaction m\u00e9dicamenteuse\u00a0\u00bb, explique-t-il. \u00ab\u00a0L\u2019oxyg\u00e9nation est d\u00e9sormais satisfaisante et il n\u2019a plus \u00e9t\u00e9 n\u00e9cessaire, depuis plusieurs jours, de recourir \u00e0 la ventilation m\u00e9canique.\u00a0\u00bb<\/p>\n<p class=\" wall-content\">\u00ab\u00a0En se bornant \u00e0 questionner les choix th\u00e9rapeutiques faits (\u2026) et \u00e0 \u00e9mettre des suspicions sur leur motivation, (\u2026) M. XXX n\u2019en formule aucune critique utile\u00a0\u00bb, ajoute le juge. \u00ab\u00a0Ces<b> soins correspondent par ailleurs \u00e0 sa demande initiale de maintien des th\u00e9rapeutiques actives<\/b>\u00ab\u00a0.<\/p>\n<p class=\" wall-content\">Le \u00ab\u00a0droit de visite\u00a0\u00bb du requ\u00e9rant a d\u2019ailleurs \u00e9t\u00e9 \u00ab\u00a0limit\u00e9\u00a0\u00bb en raison de \u00ab\u00a0l\u2019<b>attitude qu\u2019il adopte avec les membres de l\u2019\u00e9quipe m\u00e9dicale<\/b>\u00a0\u00bb et des \u00ab\u00a0difficult\u00e9s d\u2019organisation du service que celle-ci engendre\u00a0\u00bb, est-il not\u00e9.<\/p>\n<p class=\" wall-content\">Sa <b>demande de \u00ab\u00a0transfert imm\u00e9diat\u00a0\u00bb<\/b> de sa fille dans un autre \u00e9tablissement a aussi \u00e9t\u00e9 <b>rejet\u00e9e<\/b> : le CHU de Lille a fait des demandes en ce sens, mais elles se sont \u00ab\u00a0toutes heurt\u00e9es au <b>refus des services hospitaliers contact\u00e9s<\/b>\u00ab\u00a0.<\/p>\n<p class=\" wall-content\"><b>MJ (PressPepper)<\/b><\/p>\n<p aria-hidden=\"true\" class=\" wall-content\">\u00a0<\/p>\n<p class=\" wall-content\">Personnalisez votre actualit\u00e9 en ajoutant vos villes et m\u00e9dias en favori avec <a href=\"https:\/\/moncompte.actu.fr\" title=\"D\u00e9couvez Mon Actu\" rel=\"nofollow noopener\" data-trk=\"{&quot;cta&quot;:{&quot;action&quot;:&quot;https:\\\/\\\/moncompte.actu.fr&quot;,&quot;category&quot;:&quot;mon compte&quot;,&quot;from&quot;:&quot;article footer&quot;,&quot;name&quot;:&quot;Mon actu&quot;,&quot;type&quot;:&quot;cta&quot;}}\" target=\"_blank\">Mon Actu<\/a>.<\/p>\n","protected":false},"excerpt":{"rendered":"Par R\u00e9daction Lille Publi\u00e9 le 31 ao\u00fbt 2025 \u00e0 6h06 Le juge des r\u00e9f\u00e9r\u00e9s du tribunal administratif de&hellip;\n","protected":false},"author":2,"featured_media":355862,"comment_status":"","ping_status":"","sticky":false,"template":"","format":"standard","meta":{"footnotes":""},"categories":[2815],"tags":[1111,11,25689,1777,674,1011,27,811,303,1307,12,25,71,104],"class_list":{"0":"post-355861","1":"post","2":"type-post","3":"status-publish","4":"format-standard","5":"has-post-thumbnail","7":"category-lille","8":"tag-actu","9":"tag-actualites","10":"tag-chu-de-lille","11":"tag-eu","12":"tag-europe","13":"tag-fr","14":"tag-france","15":"tag-hauts-de-france","16":"tag-justice","17":"tag-lille","18":"tag-news","19":"tag-republique-francaise","20":"tag-sante","21":"tag-societe"},"share_on_mastodon":{"url":"https:\/\/pubeurope.com\/@fr\/115121592950133928","error":""},"_links":{"self":[{"href":"https:\/\/www.europesays.com\/fr\/wp-json\/wp\/v2\/posts\/355861","targetHints":{"allow":["GET"]}}],"collection":[{"href":"https:\/\/www.europesays.com\/fr\/wp-json\/wp\/v2\/posts"}],"about":[{"href":"https:\/\/www.europesays.com\/fr\/wp-json\/wp\/v2\/types\/post"}],"author":[{"embeddable":true,"href":"https:\/\/www.europesays.com\/fr\/wp-json\/wp\/v2\/users\/2"}],"replies":[{"embeddable":true,"href":"https:\/\/www.europesays.com\/fr\/wp-json\/wp\/v2\/comments?post=355861"}],"version-history":[{"count":0,"href":"https:\/\/www.europesays.com\/fr\/wp-json\/wp\/v2\/posts\/355861\/revisions"}],"wp:featuredmedia":[{"embeddable":true,"href":"https:\/\/www.europesays.com\/fr\/wp-json\/wp\/v2\/media\/355862"}],"wp:attachment":[{"href":"https:\/\/www.europesays.com\/fr\/wp-json\/wp\/v2\/media?parent=355861"}],"wp:term":[{"taxonomy":"category","embeddable":true,"href":"https:\/\/www.europesays.com\/fr\/wp-json\/wp\/v2\/categories?post=355861"},{"taxonomy":"post_tag","embeddable":true,"href":"https:\/\/www.europesays.com\/fr\/wp-json\/wp\/v2\/tags?post=355861"}],"curies":[{"name":"wp","href":"https:\/\/api.w.org\/{rel}","templated":true}]}}