{"id":355866,"date":"2025-08-31T04:56:10","date_gmt":"2025-08-31T04:56:10","guid":{"rendered":"https:\/\/www.europesays.com\/fr\/355866\/"},"modified":"2025-08-31T04:56:10","modified_gmt":"2025-08-31T04:56:10","slug":"le-mystere-rabiot-plane-sur-lolympique-de-marseille","status":"publish","type":"post","link":"https:\/\/www.europesays.com\/fr\/355866\/","title":{"rendered":"Le myst\u00e8re Rabiot plane sur l&rsquo;Olympique de Marseille"},"content":{"rendered":"<p>\u00c0 propos d&rsquo;Adrien Rabiot, <a href=\"https:\/\/www.latribune.fr\/la-tribune-dimanche\/sports\/football-la-pire-annee-de-l-ere-deschamps-1011600.html\" target=\"_blank\" rel=\"noopener\">Didier Deschamps<\/a> avait une certitude mercredi en annon\u00e7ant sa liste pour les matchs qualificatifs \u00e0 la Coupe du monde 2026 contre l&rsquo;Ukraine et l&rsquo;Islande\u2009 : sa situation serait \u00ab\u202fclaire\u202f\u00bb au moment de rejoindre <a href=\"https:\/\/www.latribune.fr\/la-tribune-dimanche\/sports\/football-le-public-est-il-injuste-avec-les-bleus-1021204.html\" target=\"_blank\" rel=\"noopener\">l&rsquo;\u00e9quipe de France<\/a> \u00e0 Clairefontaine, demain.<\/p>\n<p>Hier, \u00e0 l&rsquo;heure o\u00f9 nous bouclions, elle ne l&rsquo;\u00e9tait toujours pas et la possibilit\u00e9 que le feuilleton s&rsquo;\u00e9tire un peu -\u202fjusqu&rsquo;\u00e0 la fermeture du <a href=\"https:\/\/www.latribune.fr\/supplement\/napoli-un-debut-de-saison-passionnant-entre-mercato-et-grands-rendez-vous-1029219.html\" target=\"_blank\" rel=\"noopener\">march\u00e9 des transferts<\/a> \u00e0 20 heures -, voire beaucoup d&rsquo;autres pays prolongent le plaisir jusqu&rsquo;\u00e0 mi-septembre -, existait encore. Fou et flou jusqu&rsquo;au bout\u2009 ?<\/p>\n<p>Plac\u00e9 sur la liste des transferts, le milieu international ne disputera pas l&rsquo;Olympico ce soir (20 \u2009h \u200945, Ligue1+), mais cela n&rsquo;acte pas \u00e0 100\u202f% que la d\u00e9faite \u00e0 <a href=\"https:\/\/www.latribune.fr\/la-tribune-dimanche\/sports\/football-ce-qui-pousse-les-milliardaires-francais-a-investir-enfin-1025211.html\" target=\"_blank\" rel=\"noopener\">Rennes<\/a>, d\u00e9clencheur d&rsquo;une crise de nerfs d\u00e8s la premi\u00e8re journ\u00e9e, est sa derni\u00e8re apparition marseillaise.<\/p>\n","protected":false},"excerpt":{"rendered":"\u00c0 propos d&rsquo;Adrien Rabiot, Didier Deschamps avait une certitude mercredi en annon\u00e7ant sa liste pour les matchs qualificatifs&hellip;\n","protected":false},"author":2,"featured_media":355867,"comment_status":"","ping_status":"","sticky":false,"template":"","format":"standard","meta":{"footnotes":""},"categories":[2814],"tags":[17,1111,11,1777,674,1011,27,49201,884,17282,12,49200,882,4029,25,60,3356],"class_list":{"0":"post-355866","1":"post","2":"type-post","3":"status-publish","4":"format-standard","5":"has-post-thumbnail","7":"category-marseille","8":"tag-17","9":"tag-actu","10":"tag-actualites","11":"tag-eu","12":"tag-europe","13":"tag-fr","14":"tag-france","15":"tag-lolympique","16":"tag-marseille","17":"tag-mystere","18":"tag-news","19":"tag-plane","20":"tag-provence-alpes-cote-dazur","21":"tag-rabiot","22":"tag-republique-francaise","23":"tag-sports","24":"tag-sur"},"share_on_mastodon":{"url":"https:\/\/pubeurope.com\/@fr\/115121604826313876","error":""},"_links":{"self":[{"href":"https:\/\/www.europesays.com\/fr\/wp-json\/wp\/v2\/posts\/355866","targetHints":{"allow":["GET"]}}],"collection":[{"href":"https:\/\/www.europesays.com\/fr\/wp-json\/wp\/v2\/posts"}],"about":[{"href":"https:\/\/www.europesays.com\/fr\/wp-json\/wp\/v2\/types\/post"}],"author":[{"embeddable":true,"href":"https:\/\/www.europesays.com\/fr\/wp-json\/wp\/v2\/users\/2"}],"replies":[{"embeddable":true,"href":"https:\/\/www.europesays.com\/fr\/wp-json\/wp\/v2\/comments?post=355866"}],"version-history":[{"count":0,"href":"https:\/\/www.europesays.com\/fr\/wp-json\/wp\/v2\/posts\/355866\/revisions"}],"wp:featuredmedia":[{"embeddable":true,"href":"https:\/\/www.europesays.com\/fr\/wp-json\/wp\/v2\/media\/355867"}],"wp:attachment":[{"href":"https:\/\/www.europesays.com\/fr\/wp-json\/wp\/v2\/media?parent=355866"}],"wp:term":[{"taxonomy":"category","embeddable":true,"href":"https:\/\/www.europesays.com\/fr\/wp-json\/wp\/v2\/categories?post=355866"},{"taxonomy":"post_tag","embeddable":true,"href":"https:\/\/www.europesays.com\/fr\/wp-json\/wp\/v2\/tags?post=355866"}],"curies":[{"name":"wp","href":"https:\/\/api.w.org\/{rel}","templated":true}]}}