{"id":355868,"date":"2025-08-31T04:57:10","date_gmt":"2025-08-31T04:57:10","guid":{"rendered":"https:\/\/www.europesays.com\/fr\/355868\/"},"modified":"2025-08-31T04:57:10","modified_gmt":"2025-08-31T04:57:10","slug":"des-logements-a-378-euros-par-mois-pour-ces-etudiants","status":"publish","type":"post","link":"https:\/\/www.europesays.com\/fr\/355868\/","title":{"rendered":"des logements \u00e0 378 euros\u00a0par mois pour ces \u00e9tudiants"},"content":{"rendered":"<p>            Par<br \/>\n        <strong><br \/>\n            <a href=\"https:\/\/actu.fr\/auteur\/theo-zuili\" title=\"Consulter tous les articles de Th\u00e9o Zuili\" target=\"_blank\" rel=\"noopener\">Th\u00e9o Zuili<\/a><br \/>\n        <\/strong><\/p>\n<p>        Publi\u00e9 le<\/p>\n<p>            31 ao\u00fbt 2025 \u00e0 6h04        <\/p>\n<p>Des appartements neufs de pr\u00e8s de 20 m\u00b2, meubl\u00e9s et tout \u00e9quip\u00e9s, dans le 7e arrondissement de <a href=\"https:\/\/actu.fr\/auvergne-rhone-alpes\/lyon_69123\" target=\"_blank\" rel=\"noopener\">Lyon<\/a>\u2026 pour <strong>moins de 400\u20ac par mois<\/strong> toutes charges comprises. Bien en dessous de la moyenne du quartier, et m\u00eame de la ville de Lyon, o\u00f9 <a href=\"https:\/\/actu.fr\/auvergne-rhone-alpes\/lyon_69123\/lyon-logement-des-signes-positifs-mais-il-est-trop-tot-pour-se-rejouir-voici-pourquoi_62978983.html\" target=\"_blank\" rel=\"noopener\">la p\u00e9nurie de logements<\/a> est accompagn\u00e9e d\u2019une hausse des loyers.<br \/>Cinquante-quatre chanceux ont pu signer leur bail jeudi 28 ao\u00fbt : \u00e0 quelques jours de la rentr\u00e9e scolaire, Lyon M\u00e9tropole habitat inaugurait une nouvelle <strong>r\u00e9sidence \u00e9tudiante<\/strong> pas comme les autres.<\/p>\n<p>54 heureux pour des centaines de d\u00e9\u00e7us<\/p>\n<p class=\" wall-content\">Fini les longues recherches, pas besoin de garant, et des <strong>loyers plafonn\u00e9s<\/strong>. Accompagn\u00e9s par leurs parents pour la plupart, plus d\u2019une cinquantaine de jeunes se r\u00e9jouissait jeudi, devant la presse invit\u00e9e sur place, \u00e0 l\u2019id\u00e9e d\u2019emm\u00e9nager dans ces logements \u00e9ligibles aux APL (Aides pour le logement).<\/p>\n<p class=\" wall-content\">\u00ab\u00a0Une affaire\u00a0\u00bb, admet Fay\u00e7an, venu de Paris pour une deuxi\u00e8me ann\u00e9e de master \u00e0 Lyon. \u00ab\u00a0Je pensais que ce serait plus simple de trouver ici qu\u2019\u00e0 Paris, mais non ! M\u00eame les prix, c\u2019est pareil. J\u2019ai eu <strong>de la chance<\/strong> de trouver \u00e7a\u00a0\u00bb, souffle-t-il au moment de signer.<\/p>\n<p>    <img   decoding=\"async\" loading=\"lazy\" src=\"https:\/\/www.europesays.com\/fr\/wp-content\/uploads\/2025\/08\/lyon-metropole-habitat-signature-bail-logement-etudiants-960x640.png\" alt=\"Fay\u00e7an et une cinquantaine de jeunes avaient rendez-vous jeudi 28 ao\u00fbt pour signer leur bail avant d'emm\u00e9nager dans cette nouvelle r\u00e9sidence du 7e arrondissement.\" width=\"960\" height=\"640\"\/><br \/>\n    Fay\u00e7an et une cinquantaine de jeunes avaient rendez-vous jeudi 28 ao\u00fbt pour signer leur bail avant d\u2019emm\u00e9nager dans cette nouvelle r\u00e9sidence du 7e arrondissement. (\u00a9Th\u00e9o Zuili \/ actu Lyon)<\/p>\n<p class=\" wall-content\">Les boursiers sont prioritaires sur les listes d\u2019admission (avec plusieurs crit\u00e8res, entre \u00e9loignement et ressources financi\u00e8res). Sur les <strong>1 400 dossiers re\u00e7us pour cette r\u00e9sidence<\/strong>, 100% des admis sont boursiers.<\/p>\n<p>Tout \u00e9quip\u00e9 pour r\u00e9ussir l\u2019ann\u00e9e<\/p>\n<p class=\" wall-content\">Des studios tout \u00e9quip\u00e9s, avec bureau, lit, kitchenette, salle de bain s\u00e9par\u00e9e\u2026 \u00ab\u00a0C\u2019est le grand luxe\u00a0\u00bb, r\u00e9sume Mo\u00efra, 18 ans, sur le point d\u2019entrer \u00e0 la Fac. \u00ab\u00a0C\u2019est une vraie chance, je n\u2019aurais pas pu trouver moins cher, m\u00eame en coloc.\u00a0\u00bb<\/p>\n<p>Votre r\u00e9gion, votre actu !<\/p>\n<p>Recevez chaque jour les infos qui comptent pour vous.<\/p>\n<p>\t<a href=\"https:\/\/actu.fr\/newsletter\" class=\"ac-btn ac-btn--corner ac-btn--medium ac-btn--blue800\" target=\"_blank\" rel=\"noopener\">S&rsquo;incrire<\/a><\/p>\n<p class=\" wall-content\">\u00ab\u00a0On a fait beaucoup de visites, il y avait <strong>toujours un autre dossier<\/strong> qui \u00e9tait pris parce que la liste est immense. Tous les \u00e9tudiants n\u2019ont pas cette chance\u00a0\u00bb, regrette la jeune \u00e9tudiante.<\/p>\n<p class=\" wall-content\">La m\u00e9tropole de Lyon compte pr\u00e8s de 191 000 \u00e9tudiants en 2025 : alors que le march\u00e9 de l\u2019immobilier est encore et toujours en tension, de nombreux jeunes gal\u00e8rent \u00e0 mettre la main sur un logement pour la rentr\u00e9e.<\/p>\n<p class=\" wall-content\">Salle commune, laverie, local \u00e0 v\u00e9lo, espaces verts et vid\u00e9osurveillance\u2026 Certaines chambres offrent m\u00eame<strong> une vue sur Fourvi\u00e8re<\/strong>. \u00ab\u00a0Tout le n\u00e9cessaire pour r\u00e9ussir son ann\u00e9e scolaire\u00a0\u00bb, sourit Vincent Cristia, directeur de Lyon M\u00e9tropole habitat.<\/p>\n<p>Une r\u00e9sidence pas comme les autres<\/p>\n<p class=\" wall-content\">Propri\u00e9taire de plus de 3 000 logements \u00e9tudiants, Lyon M\u00e9tropole habitat d\u00e9l\u00e9guait jusqu\u2019ici leur gestion au Crous, \u00e0 l\u2019Insa ou encore l\u2019\u00e9cole Centrale. Mais le bailleur social indique faire le choix de <strong>g\u00e9rer en direct<\/strong> les futures r\u00e9sidences, permettant ainsi d\u2019avoir des prix encore plus bas.<\/p>\n<p class=\" wall-content\">\u00ab\u00a0C\u2019est une demande de la M\u00e9tropole de Lyon, qui finance la construction (ici \u00e0 hauteur de 5,5 millions d\u2019euros, ndlr). En contrepartie, on doit assurer des niveaux de loyers inf\u00e9rieurs \u00e0 400\u20ac charges comprises\u00a0\u00bb, explique Vincent Cristia.<\/p>\n<p class=\" wall-content\">Lyon M\u00e9tropole habitat vise \u00e0 ouvrir <strong>entre 600 et 660 nouveaux logements<\/strong> sociaux \u00e9tudiants d\u2019ici 2028, dans le centre de Lyon et autour des campus scolaires p\u00e9riph\u00e9riques.<\/p>\n<p class=\" wall-content\">Une deuxi\u00e8me r\u00e9sidence ouvre \u00e0 la rentr\u00e9e, et il est <strong>encore possible de candidater<\/strong> pour une admission via <a href=\"https:\/\/www.lmhabitat.fr\/home.html\" target=\"_blank\" rel=\"noopener\">le site de Lyon M\u00e9tropole habitat<\/a>.<\/p>\n<p>Pas de succ\u00e8s dans vos recherches d\u2019appartements \u00e0 Lyon et vous souhaitez t\u00e9moigner ? \u00c9crivez-nous \u00e0 l\u2019adresse <a href=\"https:\/\/actu.fr\/cdn-cgi\/l\/email-protection\" class=\"__cf_email__\" data-cfemail=\"b8cadddcd9dbccd1d7d696d4c1d7d6f8d9dbcccd96deca\" target=\"_blank\" rel=\"noopener\">[email\u00a0protected]<\/a><\/p>\n<p class=\" wall-content\">Personnalisez votre actualit\u00e9 en ajoutant vos villes et m\u00e9dias en favori avec <a href=\"https:\/\/moncompte.actu.fr\" title=\"D\u00e9couvez Mon Actu\" rel=\"nofollow noopener\" data-trk=\"{&quot;cta&quot;:{&quot;action&quot;:&quot;https:\\\/\\\/moncompte.actu.fr&quot;,&quot;category&quot;:&quot;mon compte&quot;,&quot;from&quot;:&quot;article footer&quot;,&quot;name&quot;:&quot;Mon actu&quot;,&quot;type&quot;:&quot;cta&quot;}}\" target=\"_blank\">Mon Actu<\/a>.<\/p>\n","protected":false},"excerpt":{"rendered":"Par Th\u00e9o Zuili Publi\u00e9 le 31 ao\u00fbt 2025 \u00e0 6h04 Des appartements neufs de pr\u00e8s de 20 m\u00b2,&hellip;\n","protected":false},"author":2,"featured_media":355869,"comment_status":"","ping_status":"","sticky":false,"template":"","format":"standard","meta":{"footnotes":""},"categories":[1889],"tags":[1111,11,2430,1064,1777,674,1011,27,1116,1908,2428,12,25,104],"class_list":{"0":"post-355868","1":"post","2":"type-post","3":"status-publish","4":"format-standard","5":"has-post-thumbnail","7":"category-lyon","8":"tag-actu","9":"tag-actualites","10":"tag-auvergne-rhone-alpes","11":"tag-etudiantses","12":"tag-eu","13":"tag-europe","14":"tag-fr","15":"tag-france","16":"tag-immobilier","17":"tag-logement","18":"tag-lyon","19":"tag-news","20":"tag-republique-francaise","21":"tag-societe"},"share_on_mastodon":{"url":"https:\/\/pubeurope.com\/@fr\/115121609035363061","error":""},"_links":{"self":[{"href":"https:\/\/www.europesays.com\/fr\/wp-json\/wp\/v2\/posts\/355868","targetHints":{"allow":["GET"]}}],"collection":[{"href":"https:\/\/www.europesays.com\/fr\/wp-json\/wp\/v2\/posts"}],"about":[{"href":"https:\/\/www.europesays.com\/fr\/wp-json\/wp\/v2\/types\/post"}],"author":[{"embeddable":true,"href":"https:\/\/www.europesays.com\/fr\/wp-json\/wp\/v2\/users\/2"}],"replies":[{"embeddable":true,"href":"https:\/\/www.europesays.com\/fr\/wp-json\/wp\/v2\/comments?post=355868"}],"version-history":[{"count":0,"href":"https:\/\/www.europesays.com\/fr\/wp-json\/wp\/v2\/posts\/355868\/revisions"}],"wp:featuredmedia":[{"embeddable":true,"href":"https:\/\/www.europesays.com\/fr\/wp-json\/wp\/v2\/media\/355869"}],"wp:attachment":[{"href":"https:\/\/www.europesays.com\/fr\/wp-json\/wp\/v2\/media?parent=355868"}],"wp:term":[{"taxonomy":"category","embeddable":true,"href":"https:\/\/www.europesays.com\/fr\/wp-json\/wp\/v2\/categories?post=355868"},{"taxonomy":"post_tag","embeddable":true,"href":"https:\/\/www.europesays.com\/fr\/wp-json\/wp\/v2\/tags?post=355868"}],"curies":[{"name":"wp","href":"https:\/\/api.w.org\/{rel}","templated":true}]}}