{"id":355878,"date":"2025-08-31T05:05:12","date_gmt":"2025-08-31T05:05:12","guid":{"rendered":"https:\/\/www.europesays.com\/fr\/355878\/"},"modified":"2025-08-31T05:05:12","modified_gmt":"2025-08-31T05:05:12","slug":"ou-en-est-le-service-velib-en-deroute-pendant-lete","status":"publish","type":"post","link":"https:\/\/www.europesays.com\/fr\/355878\/","title":{"rendered":"o\u00f9 en est le service V\u00e9lib&rsquo;, en d\u00e9route pendant l&rsquo;\u00e9t\u00e9\u00a0?"},"content":{"rendered":"<p>            Par<br \/>\n        <strong><br \/>\n            <a href=\"https:\/\/actu.fr\/auteur\/emilie-salabelle\" title=\"Consulter tous les articles de Emilie Salabelle\" target=\"_blank\" rel=\"noopener\">Emilie Salabelle<\/a><br \/>\n        <\/strong><\/p>\n<p>        Publi\u00e9 le<\/p>\n<p>            31 ao\u00fbt 2025 \u00e0 6h54        <\/p>\n<p>C\u2019\u00e9tait le sujet de grogne des usagers rest\u00e9s \u00e0 <a href=\"https:\/\/actu.fr\/paris\/\" target=\"_blank\" rel=\"noopener\">Paris<\/a> cet \u00e9t\u00e9. Le service de v\u00e9los partag\u00e9s <a href=\"https:\/\/actu.fr\/tag\/velib\" target=\"_blank\" rel=\"noopener\"><strong>V\u00e9lib<\/strong>\u2018<\/a> a connu d\u2019importantes turbulences \u00e0 partir du mois de juin\u00a02025. Au plus fort de la crise, <a href=\"https:\/\/actu.fr\/ile-de-france\/paris_75056\/paris-cette-technique-toute-simple-est-a-l-origine-de-centaines-de-vols-de-velib-s-par-semaine_62871439.html\" target=\"_blank\" rel=\"noopener\">3\u2009000 bicyclettes manquaient \u00e0 l\u2019appel<\/a> sur une flotte totale de 20\u2009000, et les exemplaires encore en service encha\u00eenaient les <strong>dysfonctionnements<\/strong>. De quoi rendre fou les utilisateurs du service,<a href=\"https:\/\/actu.fr\/ile-de-france\/villeneuve-la-garenne_92078\/y-a-t-il-vraiment-un-cimetiere-de-velib-en-panne-aux-portes-de-paris_62927513.html\" target=\"_blank\" rel=\"noopener\"> alimenter les rumeurs farfelues<\/a> et stimuler l\u2019imagination de certains pour <a href=\"https:\/\/actu.fr\/ile-de-france\/paris_75056\/quel-est-le-meilleur-velib-a-paris-une-application-sonde-l-etat-de-sante-des-velos-en-libre-service_62975203.html\" target=\"_blank\" rel=\"noopener\">d\u00e9nicher une p\u00e9pite roulante<\/a> encore fonctionnelle dans les rangs clairsem\u00e9s des stations bleues et vertes. Sollicit\u00e9 par actu Paris, Sylvain Raifaud, pr\u00e9sident de l\u2019Agemob (ex-SAVM), agence en charge de la gestion de V\u00e9lib\u2019, a point\u00e9 les deux grands responsables de cette d\u00e9route\u2009: <strong>le vandalisme et la fraude<\/strong>. \u00c0 quelques jours de la rentr\u00e9e, il assure que le service est revenu \u00e0 son \u00e9tat de fonctionnement normal, et d\u00e9taille les actions mises en \u0153uvre pour se pr\u00e9munir de ces comportements.<\/p>\n<p>Une flotte reconstitu\u00e9e<\/p>\n<p class=\" wall-content\">\u00ab\u2009Le trou d\u2019air observ\u00e9 \u00e0 la fin du mois de juin est totalement r\u00e9sorb\u00e9, \u00e7a fait quinze jours qu<strong>\u2019on est revenus \u00e0 20\u2009000 v\u00e9los<\/strong>\u2009\u00bb, a assur\u00e9 Sylvain Raifaud mardi 26\u00a0ao\u00fbt 2025, lors d\u2019une conf\u00e9rence de presse sur le Plan v\u00e9lo m\u00e9tropolitain de la <a href=\"https:\/\/actu.fr\/tag\/metropole-du-grand-paris\" target=\"_blank\" rel=\"noopener\">M\u00e9tropole du Grand Paris<\/a>. Il aura donc fallu pr\u00e8s de deux mois pour remonter la pente et reconstituer la totalit\u00e9 de la flotte \u2013 pass\u00e9e de 17\u2009000\u00a0\u00e0 20\u2009000 V\u00e9lib\u2019 depuis d\u00e9but de 2024, sur demande de l\u2019Agemob \u00e0 Smovengo, l\u2019op\u00e9rateur du service de v\u00e9los partag\u00e9s du Grand Paris.<\/p>\n<p class=\" wall-content\">Un double ph\u00e9nom\u00e8ne a \u00e9t\u00e9 constat\u00e9, poursuit le pr\u00e9sident de l\u2019agence\u2009: d\u2019abord une <strong>recrudescence de la fraude<\/strong>, caus\u00e9e \u00ab\u2009par des personnes qui utilisaient une faille du syst\u00e8me d\u2019abonnement\u2009\u00bb. La nouvelle grille tarifaire effective depuis le 12\u00a0ao\u00fbt 2025, qui a au passage <a href=\"https:\/\/actu.fr\/ile-de-france\/paris_75056\/la-coupe-est-pleine-je-quitterai-velib-a-paris-la-hausse-des-tarifs-des-velos-en-libre-service-irrite_63028890.html\" target=\"_blank\" rel=\"noopener\">augment\u00e9 ses tarifs, au grand dam des abonn\u00e9s<\/a>, a permis de r\u00e9gler ce probl\u00e8me, indique Sylvain Raifaud. \u00ab\u2009On va avoir nettement moins de fraudes de ce type, la cause principale a \u00e9t\u00e9 identifi\u00e9e\u2009\u00bb, a-t-il promis.<\/p>\n<p>Un \u00e9t\u00e9 en alerte<\/p>\n<p class=\" wall-content\">Sur les r\u00e9seaux sociaux, les utilisateurs de V\u00e9lib\u2019 se plaignent r\u00e9guli\u00e8rement, et particuli\u00e8rement cet \u00e9t\u00e9, de<strong> l\u2019\u00e9tat de fonctionnement des v\u00e9los<\/strong>. Vitesses d\u00e9faillantes, p\u00e9dalier endommag\u00e9, bornes d\u2019accrochage dysfonctionnelles\u2026 Les v\u00e9los bleus et verts manqueraient-ils de robustesse\u2009? Sylvain Raifaud d\u00e9ment. \u00ab\u2009On ne peut pas dire que le mat\u00e9riel est particuli\u00e8rement fragile\u2009\u00bb. La d\u00e9t\u00e9rioration de la flotte est \u00e0 corr\u00e9ler avec une augmentation nette des <strong>actes de vandalisme<\/strong> durant l\u2019\u00e9t\u00e9 2025, juge le patron de l\u2019Agemob. \u00ab\u2009On a sonn\u00e9 l\u2019alerte au d\u00e9but de l\u2019\u00e9t\u00e9, parce que tout \u00e0 coup, on a vu une augmentation significative de vandalisme. Ce n\u2019est pas le sujet du mat\u00e9riel, mais du comportement des personnes\u2009\u00bb.<\/p>\n<p class=\" wall-content\">Et de contextualiser\u2009: \u00ab<a href=\"https:\/\/actu.fr\/ile-de-france\/paris_75056\/le-velib-a-15-ans-l-evolution-de-ces-velos-partages-a-paris-et-en-ile-de-france_52479545.html\" target=\"_blank\" rel=\"noopener\">\u2009Depuis le d\u00e9but de V\u00e9lib\u2019 2<\/a> [en 2018, la Ville de Paris choisit <a href=\"https:\/\/actu.fr\/societe\/larrivee-nouveau-velib-paris-tourne-cauchemar_15010393.html\" target=\"_blank\" rel=\"noopener\">un nouveau prestataire, la Smovengo<\/a>, pour mettre en place et exploiter la deuxi\u00e8me g\u00e9n\u00e9ration de V\u00e9lib\u2019], on a environ 1\u2009% du budget qui est consacr\u00e9 chaque ann\u00e9e au vandalisme. C\u2019est beaucoup trop \u00e9videmment, mais c\u2019est un montant qui est stable depuis 2018, et surtout, qui est nettement inf\u00e9rieur \u00e0 ce qu\u2019on observait entre\u00a02016 et\u00a02017 avec [<a href=\"https:\/\/actu.fr\/ile-de-france\/paris_75056\/video-quand-les-velib-sont-apparus-dans-les-rues-de-paris_43383323.html\" target=\"_blank\" rel=\"noopener\">le premier op\u00e9rateur<\/a>] <a href=\"https:\/\/actu.fr\/societe\/qui-etait-jean-claude-decaux-pere-de-labribus-et-roi-de-laffichage-publicitaire_707904.html\" target=\"_blank\" rel=\"noopener\">JC Decaux<\/a>, o\u00f9, \u00e0 un moment, 30\u2009% du budget de V\u00e9lib\u2019 \u00e9tait consacr\u00e9 au vandalisme\u2009\u00bb.<\/p>\n<p class=\" wall-content\">Pour tenter d\u2019endiguer ce ph\u00e9nom\u00e8ne, l\u2019Agemob a \u00ab\u2009travaill\u00e9 \u00e9norm\u00e9ment tout l\u2019\u00e9t\u00e9 avec les <strong>polices municipales<\/strong> et les services de s\u00e9curit\u00e9\u2009\u00bb des communes sur les stations les plus touch\u00e9es par la d\u00e9gradation de mat\u00e9riel. \u00ab\u2009Il y a tout un travail qui est fait pour fiabiliser les stations en questions. On a beaucoup de bornettes qui sont en cours de remplacement pour ne plus \u00eatre confront\u00e9 \u00e0 une telle hausse du vandalisme\u2009\u00bb, a-t-il ajout\u00e9.<\/p>\n<p class=\" wall-content\">Personnalisez votre actualit\u00e9 en ajoutant vos villes et m\u00e9dias en favori avec <a href=\"https:\/\/moncompte.actu.fr\" title=\"D\u00e9couvez Mon Actu\" rel=\"nofollow noopener\" data-trk=\"{&quot;cta&quot;:{&quot;action&quot;:&quot;https:\\\/\\\/moncompte.actu.fr&quot;,&quot;category&quot;:&quot;mon compte&quot;,&quot;from&quot;:&quot;article footer&quot;,&quot;name&quot;:&quot;Mon actu&quot;,&quot;type&quot;:&quot;cta&quot;}}\" target=\"_blank\">Mon Actu<\/a>.<\/p>\n","protected":false},"excerpt":{"rendered":"Par Emilie Salabelle Publi\u00e9 le 31 ao\u00fbt 2025 \u00e0 6h54 C\u2019\u00e9tait le sujet de grogne des usagers rest\u00e9s&hellip;\n","protected":false},"author":2,"featured_media":355879,"comment_status":"","ping_status":"","sticky":false,"template":"","format":"standard","meta":{"footnotes":""},"categories":[1888],"tags":[11,1777,674,1011,27,12,626,25,104,2803,36253,208],"class_list":{"0":"post-355878","1":"post","2":"type-post","3":"status-publish","4":"format-standard","5":"has-post-thumbnail","7":"category-paris","8":"tag-actualites","9":"tag-eu","10":"tag-europe","11":"tag-fr","12":"tag-france","13":"tag-news","14":"tag-paris","15":"tag-republique-francaise","16":"tag-societe","17":"tag-transport","18":"tag-velib","19":"tag-velo"},"share_on_mastodon":{"url":"https:\/\/pubeurope.com\/@fr\/115121640120417252","error":""},"_links":{"self":[{"href":"https:\/\/www.europesays.com\/fr\/wp-json\/wp\/v2\/posts\/355878","targetHints":{"allow":["GET"]}}],"collection":[{"href":"https:\/\/www.europesays.com\/fr\/wp-json\/wp\/v2\/posts"}],"about":[{"href":"https:\/\/www.europesays.com\/fr\/wp-json\/wp\/v2\/types\/post"}],"author":[{"embeddable":true,"href":"https:\/\/www.europesays.com\/fr\/wp-json\/wp\/v2\/users\/2"}],"replies":[{"embeddable":true,"href":"https:\/\/www.europesays.com\/fr\/wp-json\/wp\/v2\/comments?post=355878"}],"version-history":[{"count":0,"href":"https:\/\/www.europesays.com\/fr\/wp-json\/wp\/v2\/posts\/355878\/revisions"}],"wp:featuredmedia":[{"embeddable":true,"href":"https:\/\/www.europesays.com\/fr\/wp-json\/wp\/v2\/media\/355879"}],"wp:attachment":[{"href":"https:\/\/www.europesays.com\/fr\/wp-json\/wp\/v2\/media?parent=355878"}],"wp:term":[{"taxonomy":"category","embeddable":true,"href":"https:\/\/www.europesays.com\/fr\/wp-json\/wp\/v2\/categories?post=355878"},{"taxonomy":"post_tag","embeddable":true,"href":"https:\/\/www.europesays.com\/fr\/wp-json\/wp\/v2\/tags?post=355878"}],"curies":[{"name":"wp","href":"https:\/\/api.w.org\/{rel}","templated":true}]}}