{"id":355882,"date":"2025-08-31T05:07:10","date_gmt":"2025-08-31T05:07:10","guid":{"rendered":"https:\/\/www.europesays.com\/fr\/355882\/"},"modified":"2025-08-31T05:07:10","modified_gmt":"2025-08-31T05:07:10","slug":"guerre-en-ukraine-un-drone-secrase-pres-du-palais-de-poutine-et-provoque-un-incendie","status":"publish","type":"post","link":"https:\/\/www.europesays.com\/fr\/355882\/","title":{"rendered":"Guerre en Ukraine\u00a0: un drone s\u2019\u00e9crase pr\u00e8s du \u00ab\u00a0palais de Poutine\u00a0\u00bb et provoque un incendie"},"content":{"rendered":"<p class=\"paragraph text_align_left lp-f-body-02\">Le \u00ab palais de Poutine \u00bb cibl\u00e9 ? Des pompiers russes continuaient de lutter ce samedi 30 ao\u00fbt contre un incendie, caus\u00e9 <a href=\"https:\/\/www.leparisien.fr\/international\/ukraine\/guerre-en-ukraine-cest-quoi-le-drone-vector-ai-dote-de-detecteurs-acoustiques-capables-de-determiner-la-direction-et-la-distance-des-tirs-ennemis-13-08-2025-NC77J3WSPFAYPJ5L6VD52HMEYE.php\" target=\"_blank\" rel=\"noreferrer nofollow noopener\">par les d\u00e9bris d\u2019un drone ukrainien<\/a> plus t\u00f4t dans la semaine, pr\u00e8s de l\u2019immense \u00ab palais \u00bb qui serait la propri\u00e9t\u00e9 du <a href=\"https:\/\/www.leparisien.fr\/international\/vladimir-poutine\/\" target=\"_blank\" rel=\"noreferrer nofollow noopener\">pr\u00e9sident russe Vladimir Poutine<\/a> sur les bords de la mer Noire. Le minist\u00e8re russe des Situations d\u2019urgence a affirm\u00e9 que plus de 400 pompiers continuaient de combattre l\u2019incendie pr\u00e8s de Gu\u00e9lendjik.<\/p>\n<p class=\"paragraph text_align_left lp-f-body-02\">Les autorit\u00e9s de la r\u00e9gion de Krasnodar, dans le sud de la Russie, ont annonc\u00e9 ce jeudi <a href=\"https:\/\/www.leparisien.fr\/international\/ukraine\/guerre-en-ukraine-le-retour-du-vieux-cauchemar-des-russes-cest-quoi-le-drone-bayraktar-tb2-qui-a-coule-un-navire-en-mer-noire-23-08-2025-MN5IYFFUZ5HBRMLPFBC5GCLMAM.php\" target=\"_blank\" rel=\"noreferrer nofollow noopener\">que la chute d\u2019un drone avait provoqu\u00e9 un incendie<\/a> dans une \u00ab zone foresti\u00e8re \u00bb \u00e0 proximit\u00e9 de la ville de Gu\u00e9lendjik. C\u2019est dans cette zone que se situe une luxueuse r\u00e9sidence surnomm\u00e9e \u00ab le palais de Poutine \u00bb, avec laquelle le pr\u00e9sident russe nie tout lien.<\/p>\n<p class=\"paragraph text_align_left lp-f-body-02\">Des vid\u00e9os, publi\u00e9es ce vendredi par le minist\u00e8re des Situations d\u2019urgence, montraient des flammes d\u00e9vorant des arbres, un sol recouvert de cendres et un h\u00e9licopt\u00e8re transportant de l\u2019eau. Rien n\u2019indique pour l\u2019heure que l\u2019incendie menace directement le \u00ab palais de Poutine \u00bb, que les autorit\u00e9s russes n\u2019ont jamais mentionn\u00e9 dans leurs diff\u00e9rents communiqu\u00e9s.<\/p>\n<p>Un \u00ab palais \u00bb dont l\u2019existence a \u00e9t\u00e9 r\u00e9v\u00e9l\u00e9e par Alexe\u00ef Navalny<\/p>\n<p class=\"paragraph text_align_left lp-f-body-02\">C\u2019est <a href=\"https:\/\/www.leparisien.fr\/international\/un-milliardaire-russe-assure-etre-le-proprietaire-du-palais-de-poutine-denonce-par-navalny-30-01-2021-8422166.php\" target=\"_blank\" rel=\"noreferrer nofollow noopener\">l\u2019opposant russe Alexe\u00ef Navalny qui avait publi\u00e9 en janvier 2021<\/a> une longue enqu\u00eate accusant Vladimir Poutine d\u2019\u00eatre le propri\u00e9taire <a href=\"https:\/\/www.leparisien.fr\/international\/residences-deplacements-testeurs-dhabits-comment-vladimir-poutine-organise-sa-securite-07-05-2023-LWKFPTDRJFEAHOZUTNLKBPDXQE.php\" target=\"_blank\" rel=\"noreferrer nofollow noopener\">de cet immense domaine situ\u00e9 dans une zone touristique<\/a> des bords de la mer Noire. L\u2019avocat, emprisonn\u00e9 depuis janvier 2021, <a href=\"https:\/\/www.leparisien.fr\/international\/mort-dalexei-navalny-qui-etait-lennemi-numero-1-de-vladimir-poutine-16-02-2024-PQKWPA7DDRBOHCSW3RIJNJIRWY.php\" target=\"_blank\" rel=\"noreferrer nofollow noopener\">est d\u00e9c\u00e9d\u00e9 dans des circonstances troubles<\/a> en f\u00e9vrier 2024 dans une colonie p\u00e9nitentiaire dans le nord de l\u2019Oural, r\u00e9put\u00e9e pour sa duret\u00e9.<\/p>\n<p class=\"paragraph text_align_left lp-f-body-02\">Cet ensemble immobilier fastueux, financ\u00e9 par la corruption, compterait en outre des vignobles, une enceinte de hockey sur glace ou encore un casino, selon cette enqu\u00eate. Vladimir Poutine <a href=\"https:\/\/www.leparisien.fr\/international\/suicides-crises-cardiaques-avec-prigojine-la-liste-des-morts-suspectes-des-elites-russes-sallonge-24-08-2023-NWOCA52M3VDQ3HRBB6T5YJ374U.php\" target=\"_blank\" rel=\"noreferrer nofollow noopener\">a toujours ni\u00e9 en \u00eatre le propri\u00e9taire<\/a>.<\/p>\n<p class=\"paragraph text_align_left lp-f-body-02\">Mais depuis le d\u00e9clenchement par le Kremlin <a href=\"https:\/\/www.leparisien.fr\/international\/ukraine\/\" target=\"_blank\" rel=\"noreferrer nofollow noopener\">de la guerre en Ukraine<\/a> en f\u00e9vrier 2022, le pays de <a href=\"https:\/\/www.leparisien.fr\/international\/volodymyr-zelensky\/\" target=\"_blank\" rel=\"noreferrer nofollow noopener\">Volodymyr Zelensky<\/a> se d\u00e9fend <a href=\"https:\/\/www.leparisien.fr\/international\/ukraine\/guerre-en-ukraine-deux-avions-bombardiers-su-24-a-7-millions-deuros-touches-mission-reussie-pour-kiev-sur-la-base-russe-de-baltimore-28-08-2025-LKHGNHI2URF2LPHLZDGJJFPLNQ.php\" target=\"_blank\" rel=\"noreferrer nofollow noopener\">en frappant la Russie avec des drones<\/a>. Ces attaques ont modifi\u00e9 les habitudes de Vladimir Poutine, selon le site russe d\u2019investigation en ligne Proekt. Craignant pour sa s\u00e9curit\u00e9, il aurait par exemple cess\u00e9 de se rendre dans la station baln\u00e9aire de Sotchi, d\u00e9sormais \u00e0 port\u00e9e de drones, a indiqu\u00e9 ce m\u00e9dia en citant une source anonyme.<\/p>\n","protected":false},"excerpt":{"rendered":"Le \u00ab palais de Poutine \u00bb cibl\u00e9 ? Des pompiers russes continuaient de lutter ce samedi 30 ao\u00fbt&hellip;\n","protected":false},"author":2,"featured_media":355883,"comment_status":"","ping_status":"","sticky":false,"template":"","format":"standard","meta":{"footnotes":""},"categories":[1590],"tags":[11,1777,674,14,12,220],"class_list":{"0":"post-355882","1":"post","2":"type-post","3":"status-publish","4":"format-standard","5":"has-post-thumbnail","7":"category-ukraine","8":"tag-actualites","9":"tag-eu","10":"tag-europe","11":"tag-international","12":"tag-news","13":"tag-ukraine"},"share_on_mastodon":{"url":"https:\/\/pubeurope.com\/@fr\/115121647991792034","error":""},"_links":{"self":[{"href":"https:\/\/www.europesays.com\/fr\/wp-json\/wp\/v2\/posts\/355882","targetHints":{"allow":["GET"]}}],"collection":[{"href":"https:\/\/www.europesays.com\/fr\/wp-json\/wp\/v2\/posts"}],"about":[{"href":"https:\/\/www.europesays.com\/fr\/wp-json\/wp\/v2\/types\/post"}],"author":[{"embeddable":true,"href":"https:\/\/www.europesays.com\/fr\/wp-json\/wp\/v2\/users\/2"}],"replies":[{"embeddable":true,"href":"https:\/\/www.europesays.com\/fr\/wp-json\/wp\/v2\/comments?post=355882"}],"version-history":[{"count":0,"href":"https:\/\/www.europesays.com\/fr\/wp-json\/wp\/v2\/posts\/355882\/revisions"}],"wp:featuredmedia":[{"embeddable":true,"href":"https:\/\/www.europesays.com\/fr\/wp-json\/wp\/v2\/media\/355883"}],"wp:attachment":[{"href":"https:\/\/www.europesays.com\/fr\/wp-json\/wp\/v2\/media?parent=355882"}],"wp:term":[{"taxonomy":"category","embeddable":true,"href":"https:\/\/www.europesays.com\/fr\/wp-json\/wp\/v2\/categories?post=355882"},{"taxonomy":"post_tag","embeddable":true,"href":"https:\/\/www.europesays.com\/fr\/wp-json\/wp\/v2\/tags?post=355882"}],"curies":[{"name":"wp","href":"https:\/\/api.w.org\/{rel}","templated":true}]}}