{"id":355884,"date":"2025-08-31T05:08:09","date_gmt":"2025-08-31T05:08:09","guid":{"rendered":"https:\/\/www.europesays.com\/fr\/355884\/"},"modified":"2025-08-31T05:08:09","modified_gmt":"2025-08-31T05:08:09","slug":"usa-lidentification-de-chaque-electeur-sera-exigee-a-chaque-scrutin-dit-trump","status":"publish","type":"post","link":"https:\/\/www.europesays.com\/fr\/355884\/","title":{"rendered":"USA-L&rsquo;identification de chaque \u00e9lecteur sera exig\u00e9e \u00e0 chaque scrutin, dit Trump"},"content":{"rendered":"<p>(Reuters) -Le pr\u00e9sident am\u00e9ricain Donald Trump a d\u00e9clar\u00e9 samedi qu&rsquo;il signerait un d\u00e9cret pr\u00e9voyant l&rsquo;identification de chaque \u00e9lecteur.<\/p>\n<p>\n              \u00ab\u00a0L&rsquo;identification des \u00e9lecteurs doit \u00eatre partie int\u00e9grante de chaque scrutin. Pas d&rsquo;exception! Je vais signer un d\u00e9cret \u00e0 cet effet\u00a0\u00bb, a \u00e9crit Donald Trump sur son r\u00e9seau, Truth Social.<\/p>\n<p>\n              \u00ab\u00a0Il n&rsquo;y aura pas non plus de vote par correspondance, sauf pour les personnes tr\u00e8s malades et les soldats bas\u00e9s \u00e0 l&rsquo;\u00e9tranger\u00a0\u00bb, a-t-il ajout\u00e9.<\/p>\n<p>\n              Donald Trump, qui n&rsquo;a jamais cess\u00e9 d&rsquo;affirmer sans preuve qu&rsquo;il s&rsquo;\u00e9tait fait voler la victoire lors de l&rsquo;\u00e9lection pr\u00e9sidentielle de 2020 aux Etats-Unis, remet en question depuis longtemps le syst\u00e8me \u00e9lectoral am\u00e9ricain.<\/p>\n<p>\n              Le locataire de la Maison blanche a affich\u00e9 plus t\u00f4t ce mois-ci sa volont\u00e9 de supprimer le vote par correspondance et les machines \u00e0 voter aux Etats-Unis dans la perspective des prochaines \u00e9lections de mi-mandat en novembre 2026.<\/p>\n<p>\n               (Ismail Shakil \u00e0 Ottawa; version fran\u00e7aise Camille Raynaud)<\/p>\n","protected":false},"excerpt":{"rendered":"(Reuters) -Le pr\u00e9sident am\u00e9ricain Donald Trump a d\u00e9clar\u00e9 samedi qu&rsquo;il signerait un d\u00e9cret pr\u00e9voyant l&rsquo;identification de chaque \u00e9lecteur.&hellip;\n","protected":false},"author":2,"featured_media":355885,"comment_status":"","ping_status":"","sticky":false,"template":"","format":"standard","meta":{"footnotes":""},"categories":[1589],"tags":[11,340,73,1866,12,1864,1865,1863,308],"class_list":{"0":"post-355884","1":"post","2":"type-post","3":"status-publish","4":"format-standard","5":"has-post-thumbnail","7":"category-etats-unis","8":"tag-actualites","9":"tag-bourse","10":"tag-etats-unis","11":"tag-etats-unis-damerique","12":"tag-news","13":"tag-united-states","14":"tag-united-states-of-america","15":"tag-us","16":"tag-usa"},"share_on_mastodon":{"url":"https:\/\/pubeurope.com\/@fr\/115121651919315039","error":""},"_links":{"self":[{"href":"https:\/\/www.europesays.com\/fr\/wp-json\/wp\/v2\/posts\/355884","targetHints":{"allow":["GET"]}}],"collection":[{"href":"https:\/\/www.europesays.com\/fr\/wp-json\/wp\/v2\/posts"}],"about":[{"href":"https:\/\/www.europesays.com\/fr\/wp-json\/wp\/v2\/types\/post"}],"author":[{"embeddable":true,"href":"https:\/\/www.europesays.com\/fr\/wp-json\/wp\/v2\/users\/2"}],"replies":[{"embeddable":true,"href":"https:\/\/www.europesays.com\/fr\/wp-json\/wp\/v2\/comments?post=355884"}],"version-history":[{"count":0,"href":"https:\/\/www.europesays.com\/fr\/wp-json\/wp\/v2\/posts\/355884\/revisions"}],"wp:featuredmedia":[{"embeddable":true,"href":"https:\/\/www.europesays.com\/fr\/wp-json\/wp\/v2\/media\/355885"}],"wp:attachment":[{"href":"https:\/\/www.europesays.com\/fr\/wp-json\/wp\/v2\/media?parent=355884"}],"wp:term":[{"taxonomy":"category","embeddable":true,"href":"https:\/\/www.europesays.com\/fr\/wp-json\/wp\/v2\/categories?post=355884"},{"taxonomy":"post_tag","embeddable":true,"href":"https:\/\/www.europesays.com\/fr\/wp-json\/wp\/v2\/tags?post=355884"}],"curies":[{"name":"wp","href":"https:\/\/api.w.org\/{rel}","templated":true}]}}