{"id":355888,"date":"2025-08-31T05:10:12","date_gmt":"2025-08-31T05:10:12","guid":{"rendered":"https:\/\/www.europesays.com\/fr\/355888\/"},"modified":"2025-08-31T05:10:12","modified_gmt":"2025-08-31T05:10:12","slug":"une-statue-pour-rendre-hommage-aux-victimes-de-lallemagne-nazie","status":"publish","type":"post","link":"https:\/\/www.europesays.com\/fr\/355888\/","title":{"rendered":"une statue pour rendre hommage aux victimes de l&rsquo;Allemagne nazie"},"content":{"rendered":"<p class=\"article__intro\">La ville de Yutz (Moselle) a inaugur\u00e9, samedi 30 ao\u00fbt, une statue en l&rsquo;honneur des victimes alsaciennes et mosellanes du r\u00e9gime nazi, dont les Malgr\u00e9-Nous.<\/p>\n<p>\n      L\u2019actu des r\u00e9gions\n    <\/p>\n<p>\n      Chaque jour, un tour d\u2019horizon des principales infos de toutes les r\u00e9gions.\n    <\/p>\n<p>    France T\u00e9l\u00e9visions utilise votre adresse e-mail afin de vous envoyer la newsletter \u00ab\u00a0L\u2019actu des r\u00e9gions\u00a0\u00bb. Vous pouvez vous d\u00e9sinscrire \u00e0 tout moment via le lien en bas de cette newsletter. <a target=\"_blank\" href=\"https:\/\/www.francetelevisions.fr\/groupe\/confidentialite\/politique-de-confidentialite\/politique-de-confidentialite-de-france-televisions-6503\" rel=\"nofollow noopener\">Notre politique de confidentialit\u00e9<\/a><\/p>\n<p>Install\u00e9e ce samedi 30 ao\u00fbt 2025 devant le cimeti\u00e8re de Yutz (Moselle), la statue r\u00e9alis\u00e9e par l&rsquo;artiste local Sylvain Divo tr\u00f4ne en majest\u00e9. Un homme en pierre de Jaumont, au regard d\u00e9chirant, pris dans un \u00e9tau sans possibilit\u00e9 d&rsquo;\u00e9chappatoire : la sculpture exprime sans un mot la souffrance de la population sous l&rsquo;Allemagne nazie. Sa r\u00e9alisation est due \u00e0 deux hommes originaires de la ville qui ont souhait\u00e9 mettre en lumi\u00e8re les atrocit\u00e9s commises durant la Seconde Guerre mondiale.<\/p>\n<p>Documents \u00e0 la main, Claude Thuillier et Jean-Fran\u00e7ois Tritschler retracent la vie de leurs parents \u00e0 l&rsquo;\u00e9poque du r\u00e9gime nazi. Lorsque la r\u00e9gion a \u00e9t\u00e9 envahie durant la guerre, le premier n&rsquo;\u00e9tait alors \u00e2g\u00e9 que de 5 ans et son p\u00e8re a \u00e9t\u00e9 arr\u00eat\u00e9 pour \u00ab\u00a0opinion antinazi\u00a0\u00bb. Pour le second, n\u00e9 apr\u00e8s la guerre, seul un carnet raconte l&rsquo;histoire de ses parents durant l&rsquo;Occupation.<\/p>\n<p>\u00ab\u00a0Mon p\u00e8re a fait en sorte que je trouve le cahier de ma m\u00e8re apr\u00e8s sa mort. C&rsquo;\u00e9tait quelque chose qu&rsquo;ils avaient \u00e9crit parce qu&rsquo;ils avaient certainement besoin de l&rsquo;exprimer de cette fa\u00e7on, faute de l&rsquo;exprimer oralement\u00a0\u00bb, confie Jean-Fran\u00e7ois Tritschler.<\/p>\n<p><a data-article-figure=\"\" href=\"https:\/\/france3-regions.franceinfo.fr\/image\/4riDCAvDLiKfResEwJqZAoMSQ3Y\/1920x1080\/regions\/2025\/08\/30\/m-v2-monument-m-moire-malgr-nous-yutz-2-00-00-01-17-68b329698f10c202018505.jpg\" data-pswp-width=\"1920\" data-pswp-height=\"1080\" target=\"_blank\" rel=\"nofollow noopener\"><\/p>\n<p>          <img width=\"600\" height=\"400\" class=\"article-image lazy\" data-src=\"https:\/\/www.europesays.com\/fr\/wp-content\/uploads\/2025\/08\/m-v2-monument-m-moire-malgr-nous-yutz-2-00-00-01-17-68b329698f10c202018505.jpg\" alt=\"La d\u00e9couverte de documents officiels et intimes ont permis \u00e0 Claude Thuillier et Jean-Fran\u00e7ois Tritschler d'en apprendre plus sur leurs histoires familiales.\" fetchpriority=\"high\" as=\"image\"\/><\/p>\n<p>\n            La d\u00e9couverte de documents officiels et intimes ont permis \u00e0 Claude Thuillier et Jean-Fran\u00e7ois Tritschler d&rsquo;en apprendre plus sur leurs histoires familiales.<br \/>\n                           \u2022<br \/>\n                                      \u00a9 FTV \/ Laurent Parisot, Wilfried Redonnet\n                      <\/p>\n<p><\/a><\/p>\n<p>Des histoires intimes marqu\u00e9es \u00e0 jamais par cette p\u00e9riode sombre et pass\u00e9es longtemps sous silence que les deux amis ont voulu r\u00e9v\u00e9ler au grand jour. \u00ab\u00a0On s&rsquo;est rendu compte qu&rsquo;il n&rsquo;y avait pas que des familles qui avaient souffert mais toute une population, tous les Yuztois ont souffert\u00a0\u00bb, rappelle Claude Thuillier.<\/p>\n<p>La ville a en effet \u00e9t\u00e9 particuli\u00e8rement victime de l&rsquo;occupant nazi. Entre 1939 et 1945, de nombreux habitants ont \u00e9t\u00e9 \u00e9vacu\u00e9s, expuls\u00e9s apr\u00e8s l&rsquo;annexion ou sont devenus des Malgr\u00e9-Nous, autrement dit des jeunes incorpor\u00e9s de force envoy\u00e9s sur le front de l&rsquo;Est et qui risquaient la d\u00e9portation de leur famille en cas de d\u00e9sertion.<\/p>\n<p>\u00ab\u00a0\u00c0 Yutz, il y a eu 800 enr\u00f4l\u00e9s de force et environ 170 d&rsquo;entre eux ne sont jamais rentr\u00e9s. 50 n&rsquo;ont m\u00eame pas de s\u00e9pulture, ils sont encore quelque part en Russie\u00a0\u00bb, souligne \u00e9mu Jean-Fran\u00e7ois Tritschler. Des vies bris\u00e9es auxquelles ils ont souhait\u00e9 rendre hommage par l&rsquo;\u00e9dification d&rsquo;une statue.<\/p>\n<p>Le travail de Sylvain Divo est pr\u00e9cis, m\u00e9ticuleux. \u00ab\u00a0Je donne l&rsquo;\u00e2me \u00e0 la pierre, je pars du visage et je construis le reste de la sculpture autour. Il faut qu&rsquo;il soit expressif par le regard et l\u00e0 on retrouve les deux mains emprisonn\u00e9es\u00a0\u00bb, explique-t-il en plein ouvrage.<\/p>\n<p>Manifester par la pierre ce qui a longtemps \u00e9t\u00e9 tu : un travail singulier dont les deux passionn\u00e9s d&rsquo;histoire se r\u00e9jouissent. \u00ab\u00a0C&rsquo;est leur lib\u00e9ration et c&rsquo;est aussi la n\u00f4tre parce que les g\u00e9n\u00e9rations suivantes portent le poids de ce qu&rsquo;il s&rsquo;est pass\u00e9\u00a0\u00bb, analyse Jean-Fran\u00e7ois Tritschler.<\/p>\n<p>Am\u00e9nag\u00e9e devant le cimeti\u00e8re de Yutz ce samedi 30 ao\u00fbt, elle sera d\u00e9sormais le t\u00e9moignage visible d&rsquo;une population disparue et qui aura connu l&rsquo;horreur.<\/p>\n","protected":false},"excerpt":{"rendered":"La ville de Yutz (Moselle) a inaugur\u00e9, samedi 30 ao\u00fbt, une statue en l&rsquo;honneur des victimes alsaciennes et&hellip;\n","protected":false},"author":2,"featured_media":355889,"comment_status":"","ping_status":"","sticky":false,"template":"","format":"standard","meta":{"footnotes":""},"categories":[1587],"tags":[11,672,1804,1805,1803,1777,674,1801,12,1802],"class_list":{"0":"post-355888","1":"post","2":"type-post","3":"status-publish","4":"format-standard","5":"has-post-thumbnail","7":"category-allemagne","8":"tag-actualites","9":"tag-allemagne","10":"tag-bundesrepublik-deutschland","11":"tag-de","12":"tag-deutschland","13":"tag-eu","14":"tag-europe","15":"tag-germany","16":"tag-news","17":"tag-republique-federale-dallemagne"},"share_on_mastodon":{"url":"https:\/\/pubeurope.com\/@fr\/115121659907837085","error":""},"_links":{"self":[{"href":"https:\/\/www.europesays.com\/fr\/wp-json\/wp\/v2\/posts\/355888","targetHints":{"allow":["GET"]}}],"collection":[{"href":"https:\/\/www.europesays.com\/fr\/wp-json\/wp\/v2\/posts"}],"about":[{"href":"https:\/\/www.europesays.com\/fr\/wp-json\/wp\/v2\/types\/post"}],"author":[{"embeddable":true,"href":"https:\/\/www.europesays.com\/fr\/wp-json\/wp\/v2\/users\/2"}],"replies":[{"embeddable":true,"href":"https:\/\/www.europesays.com\/fr\/wp-json\/wp\/v2\/comments?post=355888"}],"version-history":[{"count":0,"href":"https:\/\/www.europesays.com\/fr\/wp-json\/wp\/v2\/posts\/355888\/revisions"}],"wp:featuredmedia":[{"embeddable":true,"href":"https:\/\/www.europesays.com\/fr\/wp-json\/wp\/v2\/media\/355889"}],"wp:attachment":[{"href":"https:\/\/www.europesays.com\/fr\/wp-json\/wp\/v2\/media?parent=355888"}],"wp:term":[{"taxonomy":"category","embeddable":true,"href":"https:\/\/www.europesays.com\/fr\/wp-json\/wp\/v2\/categories?post=355888"},{"taxonomy":"post_tag","embeddable":true,"href":"https:\/\/www.europesays.com\/fr\/wp-json\/wp\/v2\/tags?post=355888"}],"curies":[{"name":"wp","href":"https:\/\/api.w.org\/{rel}","templated":true}]}}