{"id":355890,"date":"2025-08-31T05:11:17","date_gmt":"2025-08-31T05:11:17","guid":{"rendered":"https:\/\/www.europesays.com\/fr\/355890\/"},"modified":"2025-08-31T05:11:17","modified_gmt":"2025-08-31T05:11:17","slug":"%f0%9f%8f%94%ef%b8%8f-la-glace-du-mont-blanc-a-archive-les-aerosols-en-europe-depuis-la-derniere-deglaciation","status":"publish","type":"post","link":"https:\/\/www.europesays.com\/fr\/355890\/","title":{"rendered":"\ud83c\udfd4\ufe0f La glace du Mont Blanc a archiv\u00e9 les a\u00e9rosols en Europe depuis la derni\u00e8re d\u00e9glaciation"},"content":{"rendered":"<p><\/p>\n<p>Une \u00e9tude publi\u00e9e dans PNAS Nexus documente pour la premi\u00e8re fois l&rsquo;\u00e9volution en Europe de diff\u00e9rents a\u00e9rosols (sel de mer, poussi\u00e8res, particules biotiques) survenue depuis 12 000 ans.<\/p>\n<p>Ces mesures de 18O et de diff\u00e9rents compos\u00e9s chimiques proviennent d&rsquo;une <a href=\"https:\/\/www.techno-science.net\/glossaire-definition\/Carotte.html\" rel=\"nofollow noopener\" target=\"_blank\">carotte<\/a> de glace pr\u00e9lev\u00e9e \u00e0 4 300 m pr\u00e8s du sommet du Mont Blanc et dat\u00e9e, entre autres, au 14C. Cette archive unique permet de documenter le lien <a href=\"https:\/\/www.techno-science.net\/glossaire-definition\/Aerosol.html\" rel=\"nofollow noopener\" target=\"_blank\">a\u00e9rosol<\/a> et <a href=\"https:\/\/www.techno-science.net\/glossaire-definition\/Climat.html\" rel=\"nofollow noopener\" target=\"_blank\">climat<\/a> en dehors r\u00e9gions polaires, ici en <a href=\"https:\/\/www.techno-science.net\/glossaire-definition\/Europe.html\" rel=\"nofollow noopener\" target=\"_blank\">Europe<\/a> de l&rsquo;Ouest.<\/p>\n<p>\nL&rsquo;a\u00e9rosol atmosph\u00e9rique, fine particule liquide ou solide dans l&rsquo;atmosph\u00e8re, est un <a href=\"https:\/\/www.techno-science.net\/definition\/4786.html\" rel=\"nofollow noopener\" target=\"_blank\">acteur<\/a> cl\u00e9 du climat \u00e0 l&rsquo;\u00e9chelle r\u00e9gionale qui reste mal connu. La glace archive simultan\u00e9ment le climat <a href=\"https:\/\/www.techno-science.net\/glossaire-definition\/Passe.html\" rel=\"nofollow noopener\" target=\"_blank\">pass\u00e9<\/a> et l&rsquo;a\u00e9rosol. N\u00e9anmoins, jusqu&rsquo;\u00e0 aujourd&rsquo;hui, l&rsquo;\u00e9tude des enregistrements glaciaires n&rsquo;a pas permis l&rsquo;examen du lien a\u00e9rosol-climat depuis derni\u00e8re <a href=\"https:\/\/www.techno-science.net\/glossaire-definition\/Glaciation.html\" rel=\"nofollow noopener\" target=\"_blank\">glaciation<\/a>, sauf en r\u00e9gions polaires. Ce manque de <a href=\"https:\/\/www.techno-science.net\/definition\/222.html\" rel=\"nofollow noopener\" target=\"_blank\">donn\u00e9es<\/a> aux moyennes latitudes est crucial pour l&rsquo;Europe qui, en plus des fluctuations climatiques, a connu une <a href=\"https:\/\/www.techno-science.net\/glossaire-definition\/Pression.html\" rel=\"nofollow noopener\" target=\"_blank\">pression<\/a> anthropique bien avant le d\u00e9but de l&rsquo;\u00e8re industrielle, avec la modification de l&rsquo;<a href=\"https:\/\/www.techno-science.net\/definition\/10881.html\" rel=\"nofollow noopener\" target=\"_blank\">usage<\/a> des sols au cours des derniers mill\u00e9naires de l&rsquo;<a href=\"https:\/\/www.techno-science.net\/glossaire-definition\/Holocene.html\" rel=\"nofollow noopener\" target=\"_blank\">Holoc\u00e8ne<\/a> par les premi\u00e8res soci\u00e9t\u00e9s agricoles.Mesure du Carbone 14 et profil des temp\u00e9ratures du pass\u00e9<\/p>\n<p><\/p>\n<p>Des scientifiques provenant de 3 pays et de 2 laboratoires fran\u00e7ais (voir encadr\u00e9), ont identifi\u00e9 un site de forage sur un glacier des Alpes fran\u00e7aises qui a archiv\u00e9 l&rsquo;\u00e9volution de l&rsquo;a\u00e9rosol en Europe depuis ~12 000 ans.<\/p>\n<p>Contrairement aux sites glaciaires souvent situ\u00e9s dans un col, ce nouveau forage est situ\u00e9 sur un sommet plat, ce qui minimise les fortes contraintes dues \u00e0 l&rsquo;\u00e9coulement du glacier sur la glace situ\u00e9e pr\u00e8s du socle rocheux, ph\u00e9nom\u00e8ne perturbant l&rsquo;enregistrement climatique au-del\u00e0 de quelques milliers d&rsquo;ann\u00e9es. Cette nouvelle carotte de glace a \u00e9t\u00e9 dat\u00e9e avec l&rsquo;argon des bulles d&rsquo;air et l&rsquo;identification de la pollution au Plomb durant l&rsquo;Antiquit\u00e9 romaine pour la partie la plus r\u00e9cente, par mesure de 14C sur la <a href=\"https:\/\/www.techno-science.net\/glossaire-definition\/Matiere-organique.html\" rel=\"nofollow noopener\" target=\"_blank\">mati\u00e8re organique<\/a> et le profil de 18O pour le d\u00e9but de l&rsquo;Holoc\u00e8ne.<\/p>\n<p>    <img decoding=\"async\" src=\"https:\/\/www.europesays.com\/fr\/wp-content\/uploads\/2025\/08\/FIG1.png\" alt=\"\" width=\"800\" height=\"778\" layout=\"responsive\" loading=\"lazy\"\/><br \/>\n<br \/>\nDatation de la carotte extraite pr\u00e8s du Mont Blanc. En haut: partie basse du profil de \uf06418O attestant de la pr\u00e9sence de glace datant de la derni\u00e8re glaciation. En bas: Relation Age-Profondeur de la carotte essentiellement bas\u00e9e sur les mesures de 39Aret 14C.<br \/>\u00a9 R\u00e9f\u00e9renceForte augmentation des a\u00e9rosols marins et diminution des concentrations de particules biog\u00e9niques<\/p>\n<p>\nL&rsquo;analyse chimique de cette glace montre une augmentation des concentrations de sel marin et de poussi\u00e8re au-dessus de l&rsquo;Europe occidentale pendant les p\u00e9riodes climatiques froides, ce qui correspond \u00e0 un renforcement des vents d&rsquo;ouest et \u00e0 des \u00e9missions de poussi\u00e8re plus importantes provenant probablement du Sahara.<\/p>\n<p>Elle indique aussi une diminution des concentrations de particules biog\u00e9niques pendant les p\u00e9riodes climatiques froides, ce qui implique une r\u00e9duction notable de la couverture v\u00e9g\u00e9tale europ\u00e9enne.<\/p>\n","protected":false},"excerpt":{"rendered":"Une \u00e9tude publi\u00e9e dans PNAS Nexus documente pour la premi\u00e8re fois l&rsquo;\u00e9volution en Europe de diff\u00e9rents a\u00e9rosols (sel&hellip;\n","protected":false},"author":2,"featured_media":355891,"comment_status":"","ping_status":"","sticky":false,"template":"","format":"standard","meta":{"footnotes":""},"categories":[1586],"tags":[11,1777,674,1011,27,12,25],"class_list":{"0":"post-355890","1":"post","2":"type-post","3":"status-publish","4":"format-standard","5":"has-post-thumbnail","7":"category-europe","8":"tag-actualites","9":"tag-eu","10":"tag-europe","11":"tag-fr","12":"tag-france","13":"tag-news","14":"tag-republique-francaise"},"share_on_mastodon":{"url":"https:\/\/pubeurope.com\/@fr\/115121664039036564","error":""},"_links":{"self":[{"href":"https:\/\/www.europesays.com\/fr\/wp-json\/wp\/v2\/posts\/355890","targetHints":{"allow":["GET"]}}],"collection":[{"href":"https:\/\/www.europesays.com\/fr\/wp-json\/wp\/v2\/posts"}],"about":[{"href":"https:\/\/www.europesays.com\/fr\/wp-json\/wp\/v2\/types\/post"}],"author":[{"embeddable":true,"href":"https:\/\/www.europesays.com\/fr\/wp-json\/wp\/v2\/users\/2"}],"replies":[{"embeddable":true,"href":"https:\/\/www.europesays.com\/fr\/wp-json\/wp\/v2\/comments?post=355890"}],"version-history":[{"count":0,"href":"https:\/\/www.europesays.com\/fr\/wp-json\/wp\/v2\/posts\/355890\/revisions"}],"wp:featuredmedia":[{"embeddable":true,"href":"https:\/\/www.europesays.com\/fr\/wp-json\/wp\/v2\/media\/355891"}],"wp:attachment":[{"href":"https:\/\/www.europesays.com\/fr\/wp-json\/wp\/v2\/media?parent=355890"}],"wp:term":[{"taxonomy":"category","embeddable":true,"href":"https:\/\/www.europesays.com\/fr\/wp-json\/wp\/v2\/categories?post=355890"},{"taxonomy":"post_tag","embeddable":true,"href":"https:\/\/www.europesays.com\/fr\/wp-json\/wp\/v2\/tags?post=355890"}],"curies":[{"name":"wp","href":"https:\/\/api.w.org\/{rel}","templated":true}]}}