{"id":355892,"date":"2025-08-31T05:12:14","date_gmt":"2025-08-31T05:12:14","guid":{"rendered":"https:\/\/www.europesays.com\/fr\/355892\/"},"modified":"2025-08-31T05:12:14","modified_gmt":"2025-08-31T05:12:14","slug":"en-pleine-tension-avec-lue-les-craintes-dun-retour-du-systeme-de-visas","status":"publish","type":"post","link":"https:\/\/www.europesays.com\/fr\/355892\/","title":{"rendered":"en pleine tension avec l\u2019UE, les craintes d\u2019un retour du syst\u00e8me de visas"},"content":{"rendered":"<p class=\"mb-4 text-lg md:leading-8 break-words\">Le divorce entre l\u2019Union europ\u00e9enne et la G\u00e9orgie est-il irr\u00e9m\u00e9diable ? Le gouvernement g\u00e9orgien, sous influence russe, a jusqu\u2019\u00e0 dimanche 31 ao\u00fbt pour donner des gages sur la protection de l\u2019\u00c9tat de droit \u00e0 la Commission europ\u00e9enne. Mais Tbilissi a fait le choix d\u2019ignorer Bruxelles, rendant le risque de sanctions plus r\u00e9el que jamais. Le retour de visas courte dur\u00e9e entre l\u2019Union europ\u00e9enne (UE) et la G\u00e9orgie, option favoris\u00e9e par les pays membres, serait lourde de cons\u00e9quences.<\/p>\n<p class=\"mb-4 text-lg md:leading-8 break-words\">Avec notre correspondant \u00e0 Tbilissi, <strong>Th\u00e9o Bourgery Gonse <\/strong><\/p>\n<p class=\"mb-4 text-lg md:leading-8 break-words\">En 2020, Nika apprend qu\u2019il souffre d\u2019une maladie rare du cerveau, que seule une clinique allemande peut op\u00e9rer. L\u2019absence de visas entre la <strong><a href=\"https:\/\/www.rfi.fr\/fr\/tag\/g\u00e9orgie\/\" class=\"link \" rel=\"nofollow noopener\" target=\"_blank\" data-ylk=\"slk:G\u00e9orgie;elm:context_link;itc:0;sec:content-canvas\">G\u00e9orgie<\/a><\/strong> et l\u2019<strong><a href=\"https:\/\/www.rfi.fr\/fr\/tag\/union-europ\u00e9enne\/\" class=\"link \" rel=\"nofollow noopener\" target=\"_blank\" data-ylk=\"slk:Union europ\u00e9enne;elm:context_link;itc:0;sec:content-canvas\">Union europ\u00e9enne<\/a><\/strong> lui permet de sauter dans le premier avion. \u00ab Personne ne pouvait faire cette op\u00e9ration en G\u00e9orgie. Si j\u2019avais eu besoin d\u2019un visa en 2020, peut-\u00eatre que je ne serais plus en vie \u00bb, explique-t-il.<\/p>\n<p class=\"mb-4 text-lg md:leading-8 break-words\">L&rsquo;abolition du syst\u00e8me de visas en 2017 avait suscit\u00e9 beaucoup d&rsquo;espoirs. \u00c0 l\u2019image de Nika, 300 000 G\u00e9orgiens voyagent en Europe chaque ann\u00e9e pour des vacances, des soins m\u00e9dicaux ou du travail saisonnier. Mais cela pourrait bient\u00f4t prendre fin.<\/p>\n<p class=\"mb-4 text-lg md:leading-8 break-words\">Car le gouvernement g\u00e9orgien fait adopter des r\u00e9formes anti-europ\u00e9ennes \u00e0 tour de bras et l\u2019Union europ\u00e9enne est aujourd&rsquo;hui contrainte de s\u00e9vir.<\/p>\n<p class=\"mb-4 text-lg md:leading-8 break-words\">Un retour \u00e0 un syst\u00e8me de visas isolerait Tbilissi sur la sc\u00e8ne internationale, mais prouverait que Bruxelles ne se laisse pas faire, affirme le chercheur et diplomate Gia Japaridze : \u00ab L\u2019absence de visas est un signal envoy\u00e9 \u00e0 notre voisin du nord, la Russie, que la G\u00e9orgie est sur le chemin europ\u00e9en. Je crois que c\u2019est le moment pour l\u2019UE de dire : c\u2019en est assez \u00bb.<\/p>\n<p class=\"mb-4 text-lg md:leading-8 break-words\">De nouvelles manifestations sont d\u00e9j\u00e0 pr\u00e9vues le 13 septembre.<\/p>\n<p class=\"mb-4 text-lg md:leading-8 break-words\">\u00c0 lire aussi<a href=\"https:\/\/www.rfi.fr\/fr\/europe\/20241227-g\u00e9orgie-le-dilemme-de-l-union-europ\u00e9enne-face-aux-divisions-du-pays\" class=\"link \" rel=\"nofollow noopener\" target=\"_blank\" data-ylk=\"slk:G\u00e9orgie: le dilemme de l&#039;Union europ\u00e9enne face aux divisions du pays;elm:context_link;itc:0;sec:content-canvas\">G\u00e9orgie: le dilemme de l&rsquo;Union europ\u00e9enne face aux divisions du pays<\/a><\/p>\n","protected":false},"excerpt":{"rendered":"Le divorce entre l\u2019Union europ\u00e9enne et la G\u00e9orgie est-il irr\u00e9m\u00e9diable ? Le gouvernement g\u00e9orgien, sous influence russe, a&hellip;\n","protected":false},"author":2,"featured_media":5539,"comment_status":"","ping_status":"","sticky":false,"template":"","format":"standard","meta":{"footnotes":""},"categories":[1586],"tags":[11,1777,674,1779,1011,27,12337,7738,12,25,49204,1778,364],"class_list":{"0":"post-355892","1":"post","2":"type-post","3":"status-publish","4":"format-standard","5":"has-post-thumbnail","7":"category-europe","8":"tag-actualites","9":"tag-eu","10":"tag-europe","11":"tag-european-union","12":"tag-fr","13":"tag-france","14":"tag-georgie","15":"tag-lunion-europeenne","16":"tag-news","17":"tag-republique-francaise","18":"tag-tour-de-bras","19":"tag-ue","20":"tag-union-europeenne"},"share_on_mastodon":{"url":"https:\/\/pubeurope.com\/@fr\/115121667648913013","error":""},"_links":{"self":[{"href":"https:\/\/www.europesays.com\/fr\/wp-json\/wp\/v2\/posts\/355892","targetHints":{"allow":["GET"]}}],"collection":[{"href":"https:\/\/www.europesays.com\/fr\/wp-json\/wp\/v2\/posts"}],"about":[{"href":"https:\/\/www.europesays.com\/fr\/wp-json\/wp\/v2\/types\/post"}],"author":[{"embeddable":true,"href":"https:\/\/www.europesays.com\/fr\/wp-json\/wp\/v2\/users\/2"}],"replies":[{"embeddable":true,"href":"https:\/\/www.europesays.com\/fr\/wp-json\/wp\/v2\/comments?post=355892"}],"version-history":[{"count":0,"href":"https:\/\/www.europesays.com\/fr\/wp-json\/wp\/v2\/posts\/355892\/revisions"}],"wp:featuredmedia":[{"embeddable":true,"href":"https:\/\/www.europesays.com\/fr\/wp-json\/wp\/v2\/media\/5539"}],"wp:attachment":[{"href":"https:\/\/www.europesays.com\/fr\/wp-json\/wp\/v2\/media?parent=355892"}],"wp:term":[{"taxonomy":"category","embeddable":true,"href":"https:\/\/www.europesays.com\/fr\/wp-json\/wp\/v2\/categories?post=355892"},{"taxonomy":"post_tag","embeddable":true,"href":"https:\/\/www.europesays.com\/fr\/wp-json\/wp\/v2\/tags?post=355892"}],"curies":[{"name":"wp","href":"https:\/\/api.w.org\/{rel}","templated":true}]}}