{"id":355903,"date":"2025-08-31T05:22:14","date_gmt":"2025-08-31T05:22:14","guid":{"rendered":"https:\/\/www.europesays.com\/fr\/355903\/"},"modified":"2025-08-31T05:22:14","modified_gmt":"2025-08-31T05:22:14","slug":"wolff-prefere-etre-celebre-et-subir-deepfakes-et-ia-plutot-quetre-ignore","status":"publish","type":"post","link":"https:\/\/www.europesays.com\/fr\/355903\/","title":{"rendered":"Wolff pr\u00e9f\u00e8re \u00eatre c\u00e9l\u00e8bre et subir &lsquo;deepfakes et IA&rsquo; plut\u00f4t qu&rsquo;\u00eatre ignor\u00e9"},"content":{"rendered":"<p class=\"mt-5\">Avec la mont\u00e9e en popularit\u00e9 de la Formule 1, Toto Wolff est devenu une figure publique sur internet. Le directeur et actionnaire de Mercedes F1 en est parfaitement conscient, dans un monde o\u00f9 l\u2019image publique est rapidement utilis\u00e9e en toutes circonstances.<\/p>\n<p class=\"mt-5\">En 2019, des manifestants au Liban avaient utilis\u00e9 sa t\u00eate sur une banderole en marquant\u00a0: \u00ab\u00a0Je veux Toto Wolff comme Premier ministre car il a les meilleures strat\u00e9gies\u00a0\u00bb. Depuis, il est devenu un \u2019meme internet\u2019 avec ses fac\u00e9ties, notamment en 2021, et il en est conscient, m\u00eame s\u2019il n\u2019y pr\u00eate pas trop attention.<\/p>\n<p class=\"mt-5\">\u00ab\u00a0Mon public cible n\u2019est pas constitu\u00e9 d\u2019utilisateurs des r\u00e9seaux sociaux\u00a0\u00bb a d\u00e9clar\u00e9 Wolff. \u00ab\u00a0Mon public cible est plut\u00f4t constitu\u00e9 d\u2019adultes. Mais de temps en temps, je jette un \u0153il \u00e0 ce qui se fait ailleurs. Parfois m\u00eame \u00e0 des photos retouch\u00e9es par l\u2019IA. Mais j\u2019ai tendance \u00e0 trouver cela amusant.\u00a0\u00bb<\/p>\n<p class=\"mt-5\">\u00ab\u00a0Avec les deepfakes, on peut tout falsifier. Je pense qu\u2019il existe m\u00eame quelques vid\u00e9os pornographiques o\u00f9 mon visage est superpos\u00e9 \u00e0 celui d\u2019un autre corps\u00a0!\u00a0\u00bb  Interrog\u00e9 sur le fait que \u00e7a le g\u00eane, l\u2019Autrichien pr\u00e9f\u00e8re s\u2019en amuser\u00a0: \u00ab\u00a0Tant que le corps est beau et que je suis convaincant dans les sc\u00e8nes.\u00a0\u00bb<\/p>\n<p class=\"mt-5\">Face \u00e0 l\u2019afflux de critiques \u00e9manant des m\u00e9dias comme des fans, Wolff a appris \u00e0 prendre de la distance avec ce contenu\u00a0: \u00ab\u00a0Il y a aujourd\u2019hui une telle surcharge d\u2019informations. Et \u00e0 chaque fois qu\u2019une histoire est racont\u00e9e, elle s\u2019\u00e9loigne davantage de sa source.\u00a0\u00bb<\/p>\n<p class=\"mt-5\">\u00ab\u00a0Vous lisez quelque chose un jour, et le lendemain, elle est d\u00e9j\u00e0 interpr\u00e9t\u00e9e diff\u00e9remment. Tout cela pour un titre sensationnel. Et quand vous lisez l\u2019article, il est g\u00e9n\u00e9ralement beaucoup moins spectaculaire ou controvers\u00e9 que ne le sugg\u00e8re le titre. J\u2019ai appris \u00e0 ne pas le prendre trop \u00e0 c\u0153ur.\u00a0\u00bb<\/p>\n<p class=\"mt-5\">\u00ab\u00a0\u00c0 un moment donn\u00e9, j\u2019ai demand\u00e9 \u00e0 Bradley, notre responsable de la communication, de ne me montrer que les pires exemples \u00e0 la fin de chaque journ\u00e9e. Et s\u2019il voulait me flatter, peut-\u00eatre aussi les meilleurs. Finalement, il a arr\u00eat\u00e9 de me montrer les meilleurs. Soit il n\u2019y en a plus de bons, soit il pense que je ne devrais pas prendre la grosse t\u00eate.\u00a0\u00bb<\/p>\n<p class=\"mt-5\">Mais malgr\u00e9 certains buzz n\u00e9gatifs, l\u2019Autrichien part du principe que \u00e7a vaut mieux qu\u2019un manque de popularit\u00e9, et il explique que cela montre la popularit\u00e9 gagn\u00e9e par la cat\u00e9gorie reine du sport automobile\u00a0: \u00ab\u00a0C\u2019est bon pour la Formule 1.\u00a0\u00bb<\/p>\n<p class=\"mt-5\">\u00ab\u00a0Cela prouve la force de notre sport et l\u2019ampleur de son audience aupr\u00e8s de nouveaux publics. Le buzz sur les r\u00e9seaux sociaux a pris d\u2019assaut la Formule 1\u00a0\u00bb ajoute Wolff, qui admet regarder les r\u00e9seaux \u00ab\u00a0de temps en temps, juste pour rire. Mais cela ne fait pas partie de ma routine quotidienne.\u00a0\u00bb<\/p>\n<p class=\"mt-5\">Selon lui, le c\u00f4t\u00e9 positif est que \u00ab\u00a0notre public rajeunit et compte de plus en plus de femmes. Je pr\u00e9f\u00e8re que quelqu\u2019un publie des vid\u00e9os porno deepfake \u00e0 mon sujet plut\u00f4t que personne ne s\u2019int\u00e9resse \u00e0 moi. Car il fut un temps o\u00f9 personne ne s\u2019int\u00e9ressait \u00e0 nous, et je m\u2019en souviens tr\u00e8s bien.\u00a0\u00bb<\/p>\n<p><strong>Nouveau\u00a0: comment suivre au mieux l\u2019actualit\u00e9 de notre site\u00a0?<\/strong><\/p>\n<p class=\"mt-5\">Via <a class=\"text-red-600 hover:underline hover:text-red-800 dark:text-inherit dark:underline dark:hover:text-red-500\" href=\"https:\/\/whatsapp.com\/channel\/0029Vb6LABJ3WHTfGY1tUv1q\" rel=\"external nofollow noopener\" target=\"_blank\">notre nouvelle cha\u00eene WhatsApp Nextgen-Auto.com<\/a>\u00a0!<\/p>\n<p class=\"mt-5\">Devenez follower sur WhatsApp pour recevoir des informations en avant-premi\u00e8re sur l\u2019actualit\u00e9 F1, des coulisses du paddock et, bien entendu, les liens des articles les plus importants d\u00e8s leur parution.<\/p>\n<p class=\"mt-5\">N\u2019oubliez pas que vous pouvez aussi <a class=\"text-red-600 hover:underline hover:text-red-800 dark:text-inherit dark:underline dark:hover:text-red-500\" href=\"https:\/\/news.google.com\/publications\/CAAqOggKIjRDQklTSVFnTWFoMEtHMjF2ZEc5eWMzQnZjblF1Ym1WNGRHZGxiaTFoZFhSdkxtTnZiU2dBUAE?hl=fr&amp;gl=FR&amp;ceid=FR:fr\" rel=\"external nofollow noopener\" target=\"_blank\">vous abonner (cliquez sur l\u2019\u00e9toile pour mettre en favori) \u00e0 notre Google News<\/a> si vous utilisez l\u2019appli Google Actualit\u00e9s sur votre smartphone.<\/p>\n<p class=\"mt-5\">Petit rappel aussi\u00a0: par d\u00e9faut le mode clair est activ\u00e9, n\u2019h\u00e9sitez pas \u00e0 tester <strong>le mode sombre<\/strong> en cliquant sur l\u2019ic\u00f4ne \u00ab\u00a0lune\u00a0\u00bb dans le menu en haut du site.<\/p>\n","protected":false},"excerpt":{"rendered":"Avec la mont\u00e9e en popularit\u00e9 de la Formule 1, Toto Wolff est devenu une figure publique sur internet.&hellip;\n","protected":false},"author":2,"featured_media":355904,"comment_status":"","ping_status":"","sticky":false,"template":"","format":"standard","meta":{"footnotes":""},"categories":[1412],"tags":[1451,1452,1453,1454,1455,1011,27,60],"class_list":{"0":"post-355903","1":"post","2":"type-post","3":"status-publish","4":"format-standard","5":"has-post-thumbnail","7":"category-f1","8":"tag-f1","9":"tag-formula-1","10":"tag-formula1","11":"tag-formule-1","12":"tag-formule1","13":"tag-fr","14":"tag-france","15":"tag-sports"},"share_on_mastodon":{"url":"https:\/\/pubeurope.com\/@fr\/115121707113928807","error":""},"_links":{"self":[{"href":"https:\/\/www.europesays.com\/fr\/wp-json\/wp\/v2\/posts\/355903","targetHints":{"allow":["GET"]}}],"collection":[{"href":"https:\/\/www.europesays.com\/fr\/wp-json\/wp\/v2\/posts"}],"about":[{"href":"https:\/\/www.europesays.com\/fr\/wp-json\/wp\/v2\/types\/post"}],"author":[{"embeddable":true,"href":"https:\/\/www.europesays.com\/fr\/wp-json\/wp\/v2\/users\/2"}],"replies":[{"embeddable":true,"href":"https:\/\/www.europesays.com\/fr\/wp-json\/wp\/v2\/comments?post=355903"}],"version-history":[{"count":0,"href":"https:\/\/www.europesays.com\/fr\/wp-json\/wp\/v2\/posts\/355903\/revisions"}],"wp:featuredmedia":[{"embeddable":true,"href":"https:\/\/www.europesays.com\/fr\/wp-json\/wp\/v2\/media\/355904"}],"wp:attachment":[{"href":"https:\/\/www.europesays.com\/fr\/wp-json\/wp\/v2\/media?parent=355903"}],"wp:term":[{"taxonomy":"category","embeddable":true,"href":"https:\/\/www.europesays.com\/fr\/wp-json\/wp\/v2\/categories?post=355903"},{"taxonomy":"post_tag","embeddable":true,"href":"https:\/\/www.europesays.com\/fr\/wp-json\/wp\/v2\/tags?post=355903"}],"curies":[{"name":"wp","href":"https:\/\/api.w.org\/{rel}","templated":true}]}}