{"id":355905,"date":"2025-08-31T05:23:16","date_gmt":"2025-08-31T05:23:16","guid":{"rendered":"https:\/\/www.europesays.com\/fr\/355905\/"},"modified":"2025-08-31T05:23:16","modified_gmt":"2025-08-31T05:23:16","slug":"mischa-bredewold-encore-gagnante-cedrine-kerbaol-5e-a-plouay","status":"publish","type":"post","link":"https:\/\/www.europesays.com\/fr\/355905\/","title":{"rendered":"Mischa Bredewold encore gagnante, Cedrine Kerbaol 5e \u00e0 Plouay"},"content":{"rendered":"<p class=\"article__intro\">C&rsquo;est la Hollandaise Mischa Bredewold (SD Worx), d\u00e9j\u00e0 victorieuse en 2023 et 2024, qui a remport\u00e9 ce samedi 30 ao\u00fbt la Classic Lorient Agglom\u00e9ration \u00e0 Plouay, dans le Morbihan. La premi\u00e8re Fran\u00e7aise est bretonne, il s&rsquo;agit de C\u00e9drine Kerbaol. La Finist\u00e9rienne a termin\u00e9 \u00e0 la cinqui\u00e8me place. Acclam\u00e9e par la foule au d\u00e9part, Pauline Ferrand-Pr\u00e9v\u00f4t (Visma-Lease a Bike), victorieuse et h\u00e9ro\u00efne du dernier Tour de France, a sembl\u00e9 en forme.<\/p>\n<p>\n      L\u2019actu des r\u00e9gions\n    <\/p>\n<p>\n      Chaque jour, un tour d\u2019horizon des principales infos de toutes les r\u00e9gions.\n    <\/p>\n<p>    France T\u00e9l\u00e9visions utilise votre adresse e-mail afin de vous envoyer la newsletter \u00ab\u00a0L\u2019actu des r\u00e9gions\u00a0\u00bb. Vous pouvez vous d\u00e9sinscrire \u00e0 tout moment via le lien en bas de cette newsletter. <a target=\"_blank\" href=\"https:\/\/www.francetelevisions.fr\/groupe\/confidentialite\/politique-de-confidentialite\/politique-de-confidentialite-de-france-televisions-6503\" rel=\"nofollow noopener\">Notre politique de confidentialit\u00e9<\/a><\/p>\n<p>Qui pourra d\u00e9tr\u00f4ner un jour Mischa Bredewold ? La Hollandaise de la SD Worx s\u2019est impos\u00e9e pour la troisi\u00e8me fois cons\u00e9cutive sur les routes mouill\u00e9es de Plouay, ce samedi apr\u00e8s-midi (30 ao\u00fbt).<\/p>\n<p>Elle s\u2019est impos\u00e9e au sprint et en puissance devant deux compatriotes, Marianne Vos (Visma-Lease a bike) et Eline Jansen (VolkerWessels).<br \/>La coureuse de 25 ans Bredewold s&rsquo;offre un nouveau succ\u00e8s de prestige apr\u00e8s sa victoire \u00e0 l\u2019Amstel Gold Race en avril.<\/p>\n<p>Championne \u00e0 l\u2019applaudim\u00e8tre, un mois apr\u00e8s\u00a0<a href=\"https:\/\/www.lequipe.fr\/Cyclisme-sur-route\/Actualites\/Le-triomphe-de-pauline-ferrand-prevot-vainqueure-du-tour-de-france-femmes-et-intraitable-sur-la-derniere-etape\/1582905\" rel=\"nofollow noopener\" target=\"_blank\">sa victoire sur le Tour de France femmes<\/a>, Pauline Ferrand-Pr\u00e9v\u00f4t a sembl\u00e9 en forme, mais ne s\u2019est pas battue pour la victoire.<\/p>\n<p>La Fran\u00e7aise termine 20e mais a bien lanc\u00e9 sa pr\u00e9paration pour les Mondiaux, le 27\u00a0septembre.<\/p>\n<p><a data-article-figure=\"\" href=\"https:\/\/france3-regions.franceinfo.fr\/image\/1emizJfdKhungBASb73qUBfWydU\/6000x4000\/regions\/2025\/06\/26\/dpaphotoseight318711-685d5581c3465704809925.jpg\" data-pswp-width=\"6000\" data-pswp-height=\"4000\" target=\"_blank\" rel=\"nofollow noopener\"><\/p>\n<p>          <img width=\"600\" height=\"400\" class=\"article-image lazy\" data-src=\"https:\/\/www.europesays.com\/fr\/wp-content\/uploads\/2025\/08\/dpaphotoseight318711-685d5581c3465704809925.jpg\" alt=\"KERBAOL C\u00e9drine: Tour de Suisse - Women 2025 - 4. Stage\" fetchpriority=\"high\" as=\"image\"\/><\/p>\n<p>\n            KERBAOL C\u00e9drine: Tour de Suisse &#8211; Women 2025 &#8211; 4. Stage<br \/>\n                           \u2022<br \/>\n                                      \u00a9 Arne Mill \/ frontalvision.com \/ Arne Mill\n                      <\/p>\n<p><\/a><\/p>\n<p>Deux coureuses tricolores ont int\u00e9gr\u00e9 le top 10\u00a0: la Finist\u00e9rienne C\u00e9drine Kerbaol (EF Education-Oatly), 5e, et Juliette Labous (FDJ-Suez), 10e.<\/p>\n<p>Cette ann\u00e9e, la Classic Lorient Agglom\u00e9ration Ceratizit se courrait sur 165 km pour un d\u00e9nivel\u00e9 de 2 500m, en terminant par un circuit de 11,7 km, parcouru \u00e0 deux reprises.<\/p>\n<p><a data-article-figure=\"\" href=\"https:\/\/france3-regions.franceinfo.fr\/image\/KA8xXXnSC_qwR28xTRV_L4G-6WY\/1678x1119\/regions\/2024\/08\/25\/maxnewsspecial930659-66cb4d53b355a358058459.jpg\" data-pswp-width=\"1678\" data-pswp-height=\"1119\" target=\"_blank\" rel=\"nofollow noopener\"><\/p>\n<p>          <img width=\"600\" height=\"400\" class=\"article-image lazy\" data-src=\"https:\/\/www.europesays.com\/fr\/wp-content\/uploads\/2025\/08\/maxnewsspecial930659-66cb4d53b355a358058459.jpg\" alt=\"\u00c0 Plouay, Marc Hirschi d\u00e9croche sa troisi\u00e8me grande victoire apr\u00e8s la Fl\u00e8che wallonne 2020 et la Clasica San-Sebastian 2024.\" fetchpriority=\"high\" as=\"image\"\/><\/p>\n<p>\n            \u00c0 Plouay, Marc Hirschi d\u00e9croche sa troisi\u00e8me grande victoire apr\u00e8s la Fl\u00e8che wallonne 2020 et la Clasica San-Sebastian 2024.<br \/>\n                           \u2022<br \/>\n                                      \u00a9 MARC OLLIVIER \/ MAXPPP\n                      <\/p>\n<p><\/a><\/p>\n<p>La 94 Bretagne Classic de Plouay se disputera sur 261 kilom\u00e8tres. Qui pour d\u00e9tr\u00f4ner Marc Hirshi, le Suisse de l\u2019\u00e9quipe Tudor, qui avait gagn\u00e9 sous les couleurs d\u2019UAE en 2024\u00a0? M\u00eame si l\u2019\u00e9v\u00e9nement cycliste breton doit faire face \u00e0 la concurrence notamment de la vuelta et du Tour de l\u2019Avenir, qui vient de s\u2019achever, beaucoup de grands noms peuvent pr\u00e9tendre \u00e0 une victoire. <br \/>Marc Hirshi sera l\u00e0 en personne pour d\u00e9fendre son titre. Les sprinters Wout Van\u00a0Aert, Biniam Girmay et Jonathan Milan seront \u00e0 l\u2019aff\u00fbt. \u00a0<\/p>\n<p>C\u00f4t\u00e9 fran\u00e7ais Julian Alaphilippe et Christophe Laporte tenteront de tirer leur \u00e9pingle du jeu. Ce sera s\u00fbrement un peu plus difficile encore pour les Bretons, mais Warren Barguil et Valentin Madouas voudront montrer le maillot, \u00e0 domicile.<\/p>\n<p>D\u00e9part \u00e0 10\u00a0h\u00a045.<\/p>\n<p>Une course \u00e0 suivre sur France3 \u00e0 partir<strong> <\/strong>de 15\u00a0h\u00a010.<\/p>\n<p>                    Tour de France 2025<\/p>\n<p>                        Du 5 juillet<br \/>\n                        au 3 ao\u00fbt 2025<\/p>\n<p>Le Tour de France 2025 se d\u00e9roulera du 5 au 27 juillet, avec un Grand D\u00e9part depuis Lille et une arriv\u00e9e traditionnelle sur les Champs-\u00c9lys\u00e9es \u00e0 Paris. Le parcours de cette 112e \u00e9dition, enti\u00e8rement trac\u00e9 en France, totalise 3\u202f320 km r\u00e9partis sur 21 \u00e9tapes, incluant deux contre-la-montre individuels et cinq arriv\u00e9es au sommet. Les \u00e9tapes cl\u00e9s comprennent l&rsquo;ascension du Mont Ventoux le 22 juillet, suivie des arriv\u00e9es en altitude \u00e0 Courchevel (Col de la Loze) le 24 juillet et \u00e0 La Plagne le 25 juillet, promettant un final spectaculaire dans les Alpes.<br \/>\nPour sa 4\u00e8me \u00e9dition, le Tour de France Femmes 2025 emm\u00e8nera les coureuses de Vannes le 26 juillet \u00e0 Ch\u00e2tel, le 3 ao\u00fbt.<br \/>\nPHOTO : Fr\u00e9d\u00e9ric P\u00e9try \/ Hans Lucas \/ Hans Lucas via AFP<\/p>\n<p>                voir plus<\/p>\n<p>\t\t\t\t\t\t\t\t\t\t\t\t\t\t\t\t\t\t\t\t\t\t\t\t\t<a class=\"btn btn--primary btn--large event_redirect btn--on-white\" href=\"https:\/\/france3-regions.franceinfo.fr\/sport\/cyclisme\/tour-de-france\" aria-label=\"Tour de France 2025. Voir la page de l\u2019\u00e9v\u00e9nement\" rel=\"nofollow noopener\" target=\"_blank\"><\/p>\n<p>              Voir la page de l\u2019\u00e9v\u00e9nement<\/p>\n<p>\t<\/a><\/p>\n","protected":false},"excerpt":{"rendered":"C&rsquo;est la Hollandaise Mischa Bredewold (SD Worx), d\u00e9j\u00e0 victorieuse en 2023 et 2024, qui a remport\u00e9 ce samedi&hellip;\n","protected":false},"author":2,"featured_media":355906,"comment_status":"","ping_status":"","sticky":false,"template":"","format":"standard","meta":{"footnotes":""},"categories":[1411],"tags":[1154,207,1011,27,60],"class_list":{"0":"post-355905","1":"post","2":"type-post","3":"status-publish","4":"format-standard","5":"has-post-thumbnail","7":"category-cyclisme","8":"tag-cycling","9":"tag-cyclisme","10":"tag-fr","11":"tag-france","12":"tag-sports"},"share_on_mastodon":{"url":"https:\/\/pubeurope.com\/@fr\/115121710926678817","error":""},"_links":{"self":[{"href":"https:\/\/www.europesays.com\/fr\/wp-json\/wp\/v2\/posts\/355905","targetHints":{"allow":["GET"]}}],"collection":[{"href":"https:\/\/www.europesays.com\/fr\/wp-json\/wp\/v2\/posts"}],"about":[{"href":"https:\/\/www.europesays.com\/fr\/wp-json\/wp\/v2\/types\/post"}],"author":[{"embeddable":true,"href":"https:\/\/www.europesays.com\/fr\/wp-json\/wp\/v2\/users\/2"}],"replies":[{"embeddable":true,"href":"https:\/\/www.europesays.com\/fr\/wp-json\/wp\/v2\/comments?post=355905"}],"version-history":[{"count":0,"href":"https:\/\/www.europesays.com\/fr\/wp-json\/wp\/v2\/posts\/355905\/revisions"}],"wp:featuredmedia":[{"embeddable":true,"href":"https:\/\/www.europesays.com\/fr\/wp-json\/wp\/v2\/media\/355906"}],"wp:attachment":[{"href":"https:\/\/www.europesays.com\/fr\/wp-json\/wp\/v2\/media?parent=355905"}],"wp:term":[{"taxonomy":"category","embeddable":true,"href":"https:\/\/www.europesays.com\/fr\/wp-json\/wp\/v2\/categories?post=355905"},{"taxonomy":"post_tag","embeddable":true,"href":"https:\/\/www.europesays.com\/fr\/wp-json\/wp\/v2\/tags?post=355905"}],"curies":[{"name":"wp","href":"https:\/\/api.w.org\/{rel}","templated":true}]}}