{"id":355911,"date":"2025-08-31T05:26:30","date_gmt":"2025-08-31T05:26:30","guid":{"rendered":"https:\/\/www.europesays.com\/fr\/355911\/"},"modified":"2025-08-31T05:26:30","modified_gmt":"2025-08-31T05:26:30","slug":"le-creusot-elisabeth-guinot-devient-la-premiere-femme-presidente-du-photo-club-du-creusot","status":"publish","type":"post","link":"https:\/\/www.europesays.com\/fr\/355911\/","title":{"rendered":"LE CREUSOT : \u00c9lisabeth Guinot devient la premi\u00e8re femme pr\u00e9sidente du Photo Club du Creusot"},"content":{"rendered":"<p><img decoding=\"async\" class=\"newsFullImg  newsFullImgReduced  type:primaryImage\" src=\"https:\/\/www.europesays.com\/fr\/wp-content\/uploads\/2025\/08\/96846_1_full.jpg\"\/><\/p>\n<p>Elle succ\u00e8de \u00e0 Thierry Martinet \u00e0 la pr\u00e9sidence du club et devient la premi\u00e8re femme \u00e0 occuper ce poste depuis la cr\u00e9ation de l\u2019association il y a\u2026 125 ans.<\/p>\n<p><img decoding=\"async\" class=\"newsFullImg\" newsfullimgreduced=\"\" src=\"https:\/\/www.europesays.com\/fr\/wp-content\/uploads\/2025\/08\/96846_2_full.jpg\"\/><a href=\"https:\/\/www.elanchalon.com\/la-campagne-dabonnement-2025-2026-est-lancee\/\" target=\"_blank\" rel=\"nofollow noopener\"><img decoding=\"async\" border=\"0\" class=\"adImgWide\" src=\"https:\/\/www.europesays.com\/fr\/wp-content\/uploads\/2025\/07\/ad_innews_1_1_creusot.jpg\"\/><\/a>Le Photo Club du Creusot a tenu son assembl\u00e9e g\u00e9n\u00e9rale ce samedi 30 ao\u00fbt dans ses locaux de la rue Jouffroy.<br \/>Le pr\u00e9sident Thierry Martinet a ouvert la s\u00e9ance par une pens\u00e9e \u00e9mue pour Alain Grebot, r\u00e9cemment disparu, et pour le fils de Philippe Le Ray, victime d\u2019un grave accident de montagne.<\/p>\n<p>Le rapport moral a mis en lumi\u00e8re une ann\u00e9e particuli\u00e8rement riche, avec entre autres : expositions r\u00e9ussies \u00e0 la halle patrimoniale du Creusot (265 visiteurs sur le weekend) et \u00e0 la galerie d&rsquo;art du ch\u00e2teau de la Verrerie (710 entr\u00e9es), participation \u00e0 celle du COMDEP d\u2019Autun, ainsi que deux sorties photographiques (au ch\u00e2teau d\u2019\u00c9piry, au Pont du Roi et au lavoir de Bondeluze, puis une s\u00e9ance nocturne d\u00e9di\u00e9e aux \u00e9toiles, \u00e0 la Lune et au lightpainting).<\/p>\n<p>Gilles Guillet a \u00e9galement rappel\u00e9 la participation du club \u00e0 l\u2019ouvrage des Nouvelles \u00c9ditions du Creusot consacr\u00e9 au Creusot pendant la guerre, tandis que Laurent Milliet a d\u00e9taill\u00e9 les tr\u00e8s bons r\u00e9sultats aux concours nationaux (le club est pr\u00e9sent en National 2 et en National 1) :\n\t\t\t\t\t\t\t<\/p>\n<ul>\n<li>Roger Bourdeau et \u00c9lisabeth Guinot, 3e ex aequo en National 1 Auteur, qualifi\u00e9s pour la Coupe de France ;<\/li>\n<li>Bernard Lamboeuf, 2e sur 1 331 participants aux Super Challenges ;<\/li>\n<li>Cinq membres avec photos accept\u00e9es dans des salons, dont Thierry Martinet distingu\u00e9 par le Ruban PSA.<\/li>\n<\/ul>\n<p>La section a\u00e9rienne du club a r\u00e9alis\u00e9 des clich\u00e9s de ch\u00e2teaux de Sa\u00f4ne et Loire. Une exposition de ces photos, install\u00e9e au ch\u00e2teau de Cormatin, a touch\u00e9 un public international avec 30 000 visiteurs, ce qui permet au photo club d&rsquo;avoir un rayonnement mondial.<\/p>\n<p>C\u00f4t\u00e9 jeunes, six enfants ont profit\u00e9 du stage de Creusot Vacances Jeunes, d\u00e9couvrant avec plaisir le studio photo dans une ambiance calme et studieuse.<\/p>\n<p>Le rapport moral et le rapport financier \u2013 pr\u00e9sent\u00e9 par Gilbert Guinot, avec un solde exc\u00e9dentaire de 341 \u20ac sur l&rsquo;exercice \u2013 ont \u00e9t\u00e9 adopt\u00e9s \u00e0 l\u2019unanimit\u00e9.<\/p>\n<p>Apr\u00e8s avoir salu\u00e9 le travail de l\u2019\u00e9quipe sortante, J\u00e9r\u00e9my Pinto, adjoint au maire du Creusot, a f\u00e9licit\u00e9 le club :<br \/>\u00ab Vous avez su faire des choix, innover. Le club photo, c\u2019est le partage d\u2019une pratique individuelle au service du collectif. Je salue aussi votre implication dans la vie communale. \u00c0 chaque manifestation, on voit des membres du photo Club. \u00bb<\/p>\n<p>Thierry Martinet et Gilbert Guinot ne souhaitant pas poursuivre leurs mandats respectifs de pr\u00e9sident et tr\u00e9sorier, un nouveau bureau a \u00e9t\u00e9 \u00e9lu \u00a0:\n\t\t\t\t\t\t\t<\/p>\n<ul>\n<li>Pr\u00e9sidente : \u00c9lisabeth Guinot<\/li>\n<li>Vice-pr\u00e9sidents : Anne-Marie Labonde et Alain Fiault<\/li>\n<li>Tr\u00e9sorier : Daniel Deley<\/li>\n<li>Secr\u00e9taire : Alain Bornet<\/li>\n<\/ul>\n<p>Cette \u00e9lection \u00e0 la pr\u00e9sidence du Photo Club est un petit \u00e9v\u00e8nement : pour la premi\u00e8re fois depuis sa fondation, une femme prend la t\u00eate de cette institution plus que centenaire. \u00c9lisabeth Guinot, d\u00e9j\u00e0 impliqu\u00e9e dans les activit\u00e9s du club et aur\u00e9ol\u00e9e de succ\u00e8s en concours, aura pour mission de poursuivre cette dynamique d\u2019innovation et de rayonnement.<br \/>C.B.<br \/><img decoding=\"async\" src=\"https:\/\/www.europesays.com\/fr\/wp-content\/uploads\/2025\/08\/le-creusot-elisabeth-guinot-devient-la-premiere-femme-presidente-du-photo-club-du-creusot-187488.jpg\"\/><img decoding=\"async\" src=\"https:\/\/www.europesays.com\/fr\/wp-content\/uploads\/2025\/08\/le-creusot-elisabeth-guinot-devient-la-premiere-femme-presidente-du-photo-club-du-creusot-177070.jpg\"\/><img decoding=\"async\" src=\"https:\/\/www.europesays.com\/fr\/wp-content\/uploads\/2025\/08\/le-creusot-elisabeth-guinot-devient-la-premiere-femme-presidente-du-photo-club-du-creusot-343584.jpg\"\/><img decoding=\"async\" src=\"https:\/\/www.europesays.com\/fr\/wp-content\/uploads\/2025\/08\/le-creusot-elisabeth-guinot-devient-la-premiere-femme-presidente-du-photo-club-du-creusot-68642.jpg\"\/><br \/>\n<img decoding=\"async\" src=\"https:\/\/www.europesays.com\/fr\/wp-content\/uploads\/2025\/08\/le-creusot-elisabeth-guinot-devient-la-premiere-femme-presidente-du-photo-club-du-creusot-89267.jpg\"\/><img decoding=\"async\" src=\"https:\/\/www.europesays.com\/fr\/wp-content\/uploads\/2025\/08\/le-creusot-elisabeth-guinot-devient-la-premiere-femme-presidente-du-photo-club-du-creusot-224613.jpg\"\/><img decoding=\"async\" src=\"https:\/\/www.europesays.com\/fr\/wp-content\/uploads\/2025\/08\/le-creusot-elisabeth-guinot-devient-la-premiere-femme-presidente-du-photo-club-du-creusot-221195.jpg\"\/><img decoding=\"async\" src=\"https:\/\/www.europesays.com\/fr\/wp-content\/uploads\/2025\/08\/le-creusot-elisabeth-guinot-devient-la-premiere-femme-presidente-du-photo-club-du-creusot-194088.jpg\"\/><img decoding=\"async\" src=\"https:\/\/www.europesays.com\/fr\/wp-content\/uploads\/2025\/08\/le-creusot-elisabeth-guinot-devient-la-premiere-femme-presidente-du-photo-club-du-creusot-309621.jpg\"\/><br \/>\n<img decoding=\"async\" src=\"https:\/\/www.europesays.com\/fr\/wp-content\/uploads\/2025\/08\/le-creusot-elisabeth-guinot-devient-la-premiere-femme-presidente-du-photo-club-du-creusot-128677.jpg\"\/><img decoding=\"async\" src=\"https:\/\/www.europesays.com\/fr\/wp-content\/uploads\/2025\/08\/le-creusot-elisabeth-guinot-devient-la-premiere-femme-presidente-du-photo-club-du-creusot-393582.jpg\"\/><img decoding=\"async\" src=\"https:\/\/www.europesays.com\/fr\/wp-content\/uploads\/2025\/08\/le-creusot-elisabeth-guinot-devient-la-premiere-femme-presidente-du-photo-club-du-creusot-236220.jpg\"\/><img decoding=\"async\" src=\"https:\/\/www.europesays.com\/fr\/wp-content\/uploads\/2025\/08\/le-creusot-elisabeth-guinot-devient-la-premiere-femme-presidente-du-photo-club-du-creusot-314849.jpg\"\/><img decoding=\"async\" src=\"https:\/\/www.europesays.com\/fr\/wp-content\/uploads\/2025\/08\/le-creusot-elisabeth-guinot-devient-la-premiere-femme-presidente-du-photo-club-du-creusot-350900.jpg\"\/><\/p>\n","protected":false},"excerpt":{"rendered":"Elle succ\u00e8de \u00e0 Thierry Martinet \u00e0 la pr\u00e9sidence du club et devient la premi\u00e8re femme \u00e0 occuper ce&hellip;\n","protected":false},"author":2,"featured_media":355912,"comment_status":"","ping_status":"","sticky":false,"template":"","format":"standard","meta":{"footnotes":""},"categories":[1358],"tags":[1348,1384,1385,1386,58,59,1011,27],"class_list":{"0":"post-355911","1":"post","2":"type-post","3":"status-publish","4":"format-standard","5":"has-post-thumbnail","7":"category-arts-et-design","8":"tag-arts","9":"tag-arts-and-design","10":"tag-arts-et-design","11":"tag-design","12":"tag-divertissement","13":"tag-entertainment","14":"tag-fr","15":"tag-france"},"share_on_mastodon":{"url":"https:\/\/pubeurope.com\/@fr\/115121723515549282","error":""},"_links":{"self":[{"href":"https:\/\/www.europesays.com\/fr\/wp-json\/wp\/v2\/posts\/355911","targetHints":{"allow":["GET"]}}],"collection":[{"href":"https:\/\/www.europesays.com\/fr\/wp-json\/wp\/v2\/posts"}],"about":[{"href":"https:\/\/www.europesays.com\/fr\/wp-json\/wp\/v2\/types\/post"}],"author":[{"embeddable":true,"href":"https:\/\/www.europesays.com\/fr\/wp-json\/wp\/v2\/users\/2"}],"replies":[{"embeddable":true,"href":"https:\/\/www.europesays.com\/fr\/wp-json\/wp\/v2\/comments?post=355911"}],"version-history":[{"count":0,"href":"https:\/\/www.europesays.com\/fr\/wp-json\/wp\/v2\/posts\/355911\/revisions"}],"wp:featuredmedia":[{"embeddable":true,"href":"https:\/\/www.europesays.com\/fr\/wp-json\/wp\/v2\/media\/355912"}],"wp:attachment":[{"href":"https:\/\/www.europesays.com\/fr\/wp-json\/wp\/v2\/media?parent=355911"}],"wp:term":[{"taxonomy":"category","embeddable":true,"href":"https:\/\/www.europesays.com\/fr\/wp-json\/wp\/v2\/categories?post=355911"},{"taxonomy":"post_tag","embeddable":true,"href":"https:\/\/www.europesays.com\/fr\/wp-json\/wp\/v2\/tags?post=355911"}],"curies":[{"name":"wp","href":"https:\/\/api.w.org\/{rel}","templated":true}]}}