{"id":355913,"date":"2025-08-31T05:27:11","date_gmt":"2025-08-31T05:27:11","guid":{"rendered":"https:\/\/www.europesays.com\/fr\/355913\/"},"modified":"2025-08-31T05:27:11","modified_gmt":"2025-08-31T05:27:11","slug":"catherine-nabokov-lart-de-debusquer-les-plumes-indociles","status":"publish","type":"post","link":"https:\/\/www.europesays.com\/fr\/355913\/","title":{"rendered":"Catherine Nabokov, l\u2019art de d\u00e9busquer les plumes indociles"},"content":{"rendered":"<p>                        <img viewbox=\"0 0 664 443\"   width=\"664\" height=\"443\" alt=\"Catherine Nabokov, \u00e0 Paris, en juin 2025.\"\/>    Catherine Nabokov, \u00e0 Paris, en juin 2025.  L\u00c9A BOEGLIN POUR M LE MAGAZINE DU MONDE                      <\/p>\n<p class=\"article__paragraph article__paragraph--lf \">Au milieu de la d\u00e9ferlante de la rentr\u00e9e litt\u00e9raire <a href=\"https:\/\/www.lemonde.fr\/livres\/article\/2025\/08\/15\/rentree-litteraire-2025-emmanuel-carrere-catherine-millet-alain-mabanckou-audur-ava-olafsdottir-lectures-prometteuses_6629686_3260.html\" rel=\"nofollow noopener\" target=\"_blank\">(485 romans annonc\u00e9s cette ann\u00e9e)<\/a>, quelques-uns porteront la signature discr\u00e8te de Catherine Nabokov. Ancienne \u00e9ditrice chez Christian Bourgois, Stock et Seuil, elle a fond\u00e9 en\u00a02020 l\u2019agence qui porte son nom, mue par un besoin de libert\u00e9 apr\u00e8s vingt ans pass\u00e9s dans les rouages feutr\u00e9s mais contraignants de l\u2019\u00e9dition traditionnelle.<\/p>\n<p class=\"article__paragraph article__paragraph--lf \">Le statut d\u2019agent, qui sert d\u2019interm\u00e9diaire entre la maison d\u2019\u00e9dition et l\u2019auteur, lui semble plus en phase avec son d\u00e9sir \u00ab\u00a0d\u2019\u00eatre totalement au service des \u00e9crivains et de leurs textes\u00a0\u00bb, explique-t-elle. Elle n\u2019a pas abandonn\u00e9 ce qui faisait le sel de son travail d\u2019\u00e9ditrice pour autant\u00a0: Catherine Nabokov, en plus de repr\u00e9senter ses auteurs, les accompagne dans l\u2019int\u00e9gralit\u00e9 du processus de cr\u00e9ation litt\u00e9raire.<\/p>\n<p class=\"reading-mode-only \"><strong>Il vous reste 84.34% de cet article \u00e0 lire. La suite est r\u00e9serv\u00e9e aux abonn\u00e9s.<\/strong><\/p>\n","protected":false},"excerpt":{"rendered":"Catherine Nabokov, \u00e0 Paris, en juin 2025. L\u00c9A BOEGLIN POUR M LE MAGAZINE DU MONDE Au milieu de&hellip;\n","protected":false},"author":2,"featured_media":355914,"comment_status":"","ping_status":"","sticky":false,"template":"","format":"standard","meta":{"footnotes":""},"categories":[1357],"tags":[1379,58,59,1011,27,1380],"class_list":{"0":"post-355913","1":"post","2":"type-post","3":"status-publish","4":"format-standard","5":"has-post-thumbnail","7":"category-livres","8":"tag-books","9":"tag-divertissement","10":"tag-entertainment","11":"tag-fr","12":"tag-france","13":"tag-livres"},"share_on_mastodon":{"url":"https:\/\/pubeurope.com\/@fr\/115121726986415896","error":""},"_links":{"self":[{"href":"https:\/\/www.europesays.com\/fr\/wp-json\/wp\/v2\/posts\/355913","targetHints":{"allow":["GET"]}}],"collection":[{"href":"https:\/\/www.europesays.com\/fr\/wp-json\/wp\/v2\/posts"}],"about":[{"href":"https:\/\/www.europesays.com\/fr\/wp-json\/wp\/v2\/types\/post"}],"author":[{"embeddable":true,"href":"https:\/\/www.europesays.com\/fr\/wp-json\/wp\/v2\/users\/2"}],"replies":[{"embeddable":true,"href":"https:\/\/www.europesays.com\/fr\/wp-json\/wp\/v2\/comments?post=355913"}],"version-history":[{"count":0,"href":"https:\/\/www.europesays.com\/fr\/wp-json\/wp\/v2\/posts\/355913\/revisions"}],"wp:featuredmedia":[{"embeddable":true,"href":"https:\/\/www.europesays.com\/fr\/wp-json\/wp\/v2\/media\/355914"}],"wp:attachment":[{"href":"https:\/\/www.europesays.com\/fr\/wp-json\/wp\/v2\/media?parent=355913"}],"wp:term":[{"taxonomy":"category","embeddable":true,"href":"https:\/\/www.europesays.com\/fr\/wp-json\/wp\/v2\/categories?post=355913"},{"taxonomy":"post_tag","embeddable":true,"href":"https:\/\/www.europesays.com\/fr\/wp-json\/wp\/v2\/tags?post=355913"}],"curies":[{"name":"wp","href":"https:\/\/api.w.org\/{rel}","templated":true}]}}