{"id":355915,"date":"2025-08-31T05:28:18","date_gmt":"2025-08-31T05:28:18","guid":{"rendered":"https:\/\/www.europesays.com\/fr\/355915\/"},"modified":"2025-08-31T05:28:18","modified_gmt":"2025-08-31T05:28:18","slug":"long-story-short-canis-familiaris-sausage-party-que-valent-les-series-de-la-semaine","status":"publish","type":"post","link":"https:\/\/www.europesays.com\/fr\/355915\/","title":{"rendered":"\u201cLong Story Short\u201d, \u201cCanis Familiaris\u201d, \u201cSausage Party\u201d\u2026 Que valent les s\u00e9ries de la semaine\u00a0?"},"content":{"rendered":"<p>      Une belle s\u00e9rie d\u2019animation sur la famille, la crise existentielle d\u2019un labrador d\u00e9pressif, des aubergines, brioches et autres saucisses anthropomorphes (un peu) moins obs\u00e9d\u00e9es\u2026 On vous dit tout sur les nouveaut\u00e9s de la semaine.              <a href=\"https:\/\/www.europesays.com\/fr\/wp-content\/uploads\/2025\/08\/c729c96_upload-1-rn7srcqcc2fg-long-story-short-n-s1-e5-00-02-42-16.jpg\" data-pswp-width=\"\" data-pswp-height=\"\" class=\"media__hd\" target=\"_blank\">      <img decoding=\"async\" fetchpriority=\"high\" src=\"https:\/\/www.europesays.com\/fr\/wp-content\/uploads\/2025\/08\/c729c96_upload-1-rn7srcqcc2fg-long-story-short-n-s1-e5-00-02-42-16.jpg\" class=\"media__picture js-media-zoom-main \" alt=\"\u00ab\u00a0Long Story Short\u00a0\u00bb, avec Michaela Dietz et Ben Feldman.\" title=\"Courtesy of Netflix \"\/>      <\/p>\n<p class=\"media__legend\"> \u00ab\u00a0Long Story Short\u00a0\u00bb, avec Michaela Dietz et Ben Feldman.  Courtesy of Netflix   <\/p>\n<p>     <\/a>                    <\/p>\n<p class=\"author author--simple\">Par  <a class=\"author author--link\" href=\"https:\/\/www.telerama.fr\/recherche\/articles?q=Le+service+S%C3%A9ries\" rel=\"nofollow noopener\" target=\"_blank\"> Le service S\u00e9ries <\/a>    <\/p>\n<p class=\"publication__date\">Publi\u00e9 le 30 ao\u00fbt 2025 \u00e0 18h00<\/p>\n<p>   Partager   <\/p>\n<ul class=\"sharing-popin--results\">\n<li class=\"sharing-popin--item sharing-popin--item-container\"> Partage  <\/li>\n<li data-share=\"linkedin\" class=\"sharing-popin--item\">  LinkedIn <\/li>\n<li data-share=\"facebook\" class=\"sharing-popin--item\">  Facebook <\/li>\n<li data-share=\"mail\" data-social=\"mail\" class=\"sharing-popin--item\">  Envoyer par email <\/li>\n<li data-share=\"copy\" class=\"sharing-popin--item\">  Copier le lien <\/li>\n<\/ul>\n<p>        Favoris       <\/p>\n<p>                <a class=\"openapp__link\" data-event=\"click-open-app\" data-deep-link=\"tlrm:\/\/element?id=\/series-tv\/long-story-short-canis-familiaris-sausage-party-que-valent-les-series-de-la-semaine-7027126.php&amp;source=deeplink_site\">  Lire dans l&rsquo;application<br \/>\n  <\/a>                                                     \u201cLong Story Short\u201d, saison 1 (Netflix)                      <\/p>\n<p class=\"paragraph\">Raphael Bob-Waksberg, cr\u00e9ateur de BoJack Horseman, revient avec une nouvelle s\u00e9rie encore plus profonde et pleine de bons mots. L\u2019histoire d\u2019une famille californienne juive, o\u00f9 toute ressemblance avec la r\u00e9alit\u00e9\u2026 ne serait pas fortuite.<\/p>\n<p class=\"edito__prefixe\">   D\u00e9couvrir la note et la critique   <\/p>\n<p class=\"edito__text-container\">       <a alt=\"Lire aussi\" href=\"https:\/\/www.telerama.fr\/series-tv\/long-story-short-sur-netflix-bienvenue-chez-les-schwoopers-une-famille-aussi-sensible-qu-hilarante_cri-7040303.php\" class=\"article__title--edito\" rel=\"nofollow noopener\" target=\"_blank\">\u201cLong Story Short\u201d, sur Netflix\u00a0: bienvenue chez les Schwoopers, une famille aussi sensible qu\u2019hilarante<\/a>  <\/p>\n<p>                                        \u201cCanis Familiaris\u201d, minis\u00e9rie (Arte.tv)                      <\/p>\n<p class=\"paragraph\">La d\u00e9prime d\u2019un labrador de 7\u00a0ans\u2026 Avec ce drame loufoque de\u00a02023, Joris Goulenok signe une r\u00e9flexion atypique sur la qu\u00eate de sens.<\/p>\n<p class=\"edito__prefixe\">   D\u00e9couvrir la note et la critique   <\/p>\n<p class=\"edito__text-container\">       <a alt=\"Lire aussi\" href=\"https:\/\/www.telerama.fr\/series-tv\/canis-familiaris-sur-arte-tv-la-serie-courte-qui-ne-demande-qu-a-etre-adoptee_cri-7040300.php\" class=\"article__title--edito\" rel=\"nofollow noopener\" target=\"_blank\">\u201cCanis Familiaris\u201d sur arte.tv, la s\u00e9rie courte qui ne demande qu\u2019\u00e0 \u00eatre adopt\u00e9e<\/a>  <\/p>\n<p>                                        \u201cPeacemaker\u201d, saison 2 (HBO Max)                      <\/p>\n<p class=\"paragraph\">Un justicier pas tr\u00e8s fut\u00e9 fait la d\u00e9couverte d\u2019un univers parall\u00e8le. Apr\u00e8s un premier volet r\u00e9jouissant de b\u00eatise, la s\u00e9rie de DC Comics semble \u00e0 court d\u2019inspiration dans ce retour tout juste divertissant.<\/p>\n<p class=\"edito__prefixe\">   D\u00e9couvrir la note et la critique   <\/p>\n<p class=\"edito__text-container\">       <a alt=\"Lire aussi\" href=\"https:\/\/www.telerama.fr\/series-tv\/peacemaker-saison-2-sur-hbo-max-le-superheros-cretin-et-bodybuilde-se-degonfle_cri-7040281.php\" class=\"article__title--edito\" rel=\"nofollow noopener\" target=\"_blank\">\u201cPeacemaker\u201d, saison 2, sur HBO Max\u00a0: le superh\u00e9ros cr\u00e9tin et bodybuild\u00e9 se d\u00e9gonfle<\/a>  <\/p>\n<p>                                        \u201cSausage Party\u201d, saison 2 (Prime Video)                      <\/p>\n<p class=\"paragraph\">Dans la premi\u00e8re saison, les aliments h\u00e9ros de cette s\u00e9rie d\u00e9conseill\u00e9e aux moins de 16\u00a0ans encha\u00eenaient r\u00e9volution et orgie. Que deviennent-ils sans les humains\u00a0? R\u00e9ponse dans une saison plus sage, porteuse d\u2019interrogations philosophiques.<\/p>\n<p class=\"edito__prefixe\">   D\u00e9couvrir la note et la critique   <\/p>\n<p class=\"edito__text-container\">       <a alt=\"Lire aussi\" href=\"https:\/\/www.telerama.fr\/series-tv\/sausage-party-saison-2-sur-prime-video-quand-des-aliments-obsedes-par-le-sexe-decouvrent-la-politique_cri-7040304.php\" class=\"article__title--edito\" rel=\"nofollow noopener\" target=\"_blank\">\u201cSausage Party\u201d, saison 2, sur Prime Video\u00a0: quand des aliments obs\u00e9d\u00e9s par le sexe d\u00e9couvrent la politique<\/a>  <\/p>\n<p>                                        \u201cRien ne t\u2019efface\u201d, saison 1 (MyTF1)                      <\/p>\n<p class=\"paragraph\">Maddi, une m\u00e8re qui a perdu son enfant dix ans plus t\u00f4t, croise Tom, un jeune gar\u00e7on qui ressemble comme deux gouttes d\u2019eau \u00e0 son fils. Des meurtres et des r\u00e9v\u00e9lations chocs qui tiennent en haleine.<\/p>\n<p class=\"edito__prefixe\">   D\u00e9couvrir la note et la critique   <\/p>\n<p class=\"edito__text-container\">       <a alt=\"Lire aussi\" href=\"https:\/\/www.telerama.fr\/series-tv\/rien-ne-t-efface-sur-tf1-une-saga-de-l-ete-plutot-haletante_cri-7040293.php\" class=\"article__title--edito\" rel=\"nofollow noopener\" target=\"_blank\">\u201cRien ne t\u2019efface\u201d, sur TF1\u00a0: une saga de l\u2019\u00e9t\u00e9 plut\u00f4t haletante<\/a>  <\/p>\n<p>                                        \u201cPoker Face\u201d, saison 2 (MyCanal)                      <\/p>\n<p class=\"paragraph\">Une femme capable de d\u00e9tecter si ses interlocuteurs mentent sillonne les \u00c9tats-Unis en r\u00e9solvant des crimes. Cette descendante de Columbo, r\u00e9solument comique, revient pour douze intrigues improbables et toujours fun.<\/p>\n<p class=\"edito__prefixe\">   D\u00e9couvrir la note et la critique   <\/p>\n<p class=\"edito__text-container\">       <a alt=\"Lire aussi\" href=\"https:\/\/www.telerama.fr\/series-tv\/poker-face-saison-2-un-polar-toujours-joyeusement-capillotracte-porte-par-le-flegme-de-natasha-lyonne_cri-7040384.php\" class=\"article__title--edito\" rel=\"nofollow noopener\" target=\"_blank\">\u201cPoker Face\u201d, saison 2\u00a0: un polar toujours joyeusement capillotract\u00e9, port\u00e9 par le flegme de Natasha Lyonne<\/a>  <\/p>\n<p>                                        \u201cWomen Wearing Shoulder Pads\u201d, saison 1 (HBO Max)                      <\/p>\n<p class=\"paragraph\">La premi\u00e8re s\u00e9rie hispanophone d\u00e9velopp\u00e9e par la cha\u00eene am\u00e9ricaine Adult Swim raconte la trajectoire, r\u00e9solument absurde, d\u2019une riche Espagnole dans le Quito des ann\u00e9es\u00a01980. Huit \u00e9pisodes en stop-motion, \u00e0 mi-chemin entre le cin\u00e9ma d\u2019Almod\u00f3var et les telenovelas.<\/p>\n<p class=\"edito__prefixe\">   D\u00e9couvrir la note et la critique   <\/p>\n<p class=\"edito__text-container\">       <a alt=\"Lire aussi\" href=\"https:\/\/www.telerama.fr\/series-tv\/women-wearing-shoulder-pads-sur-hbo-max-la-lutte-insolite-d-une-espagnole-pour-sauver-des-cochons-d-inde-geants_cri-7040386.php\" class=\"article__title--edito\" rel=\"nofollow noopener\" target=\"_blank\">\u201cWomen Wearing Shoulder Pads\u201d, sur HBO Max\u00a0: la lutte insolite d\u2019une Espagnole pour sauver des cochons d\u2019Inde g\u00e9ants<\/a>  <\/p>\n<p>                                        \u201cLa Famille Weasy\u201d, saison 1\u00a0(France.tv)                      <\/p>\n<p class=\"paragraph\">Antoine Rodelet et Josselin Charier, \u00e0 qui l\u2019on doit\u00a0Grizzy et les Lemmings,\u00a0ont concoct\u00e9 une nouvelle p\u00e9pite d\u2019animation animali\u00e8re suivant les p\u00e9rip\u00e9ties de\u00a0Weasy\u00a0la Fouine et des deux canetons qu\u2019elle a pris sous sa protection. Comme tout bon parent, le mammif\u00e8re est souvent \u00e0 c\u00f4t\u00e9 de la plaque, tourn\u00e9 en bourrique par sa prog\u00e9niture, mais redouble d\u2019ing\u00e9niosit\u00e9, qu\u2019il s\u2019agisse d\u2019adopter un animal de compagnie ou de leur d\u00e9nicher quelque sucrerie. Un programme\u00a0feel good,\u00a0et qui s\u2019\u00e9rige en joli exemple de l\u2019expression \u00ab\u00a0faire\u00a0famille\u00a0\u00bb. <strong>\u2014 Chlo\u00e9 Delos-Eray<\/strong><\/p>\n<p>rCr\u00e9\u00e9e par Antoine Rodelet et Josselin Charier (78 x 7 mn).<\/p>\n<p class=\"edito__prefixe\">   \u00c0 lire aussi :   <\/p>\n<p class=\"edito__text-container\">     <a alt=\"Lire aussi\" href=\"https:\/\/www.telerama.fr\/series-tv\/fin-de-and-just-like-that-la-serie-n-a-jamais-cherche-a-etre-realiste-mais-la-le-fosse-est-trop-grand-7027104.php\" class=\"article__title--edito\" rel=\"nofollow noopener\" target=\"_blank\">Fin de \u201cAnd Just Like That\u2026\u201d\u00a0: \u201cLa s\u00e9rie n\u2019a jamais cherch\u00e9 \u00e0 \u00eatre r\u00e9aliste, mais l\u00e0, le foss\u00e9 est trop grand\u201d<\/a>  <\/p>\n<p class=\"edito__prefixe\">   \u00c0 lire aussi :   <\/p>\n<p class=\"edito__text-container\">     <a alt=\"Lire aussi\" href=\"https:\/\/www.telerama.fr\/television\/a-voir-a-la-tele-douze-documentaires-qui-vont-marquer-l-automne-7027110.php\" class=\"article__title--edito\" rel=\"nofollow noopener\" target=\"_blank\">\u00c0 voir \u00e0 la t\u00e9l\u00e9\u00a0: douze documentaires qui vont marquer l\u2019automne<\/a>  <\/p>\n<p class=\"paragraph\">Et pour ne rien manquer de nos derni\u00e8res recommandations sur les s\u00e9ries, films et documentaires disponibles sur Netflix, Arte.tv, MyCanal, Max\u2026 et gagner du temps dans vos recherches, rendez-vous sur notre guide Plateformes.<\/p>\n<p>        <img decoding=\"async\" class=\"snippet-generic__img\" src=\"https:\/\/www.europesays.com\/fr\/wp-content\/uploads\/2025\/04\/e7b7817_1729070628687-2.png\"\/><\/p>\n<p class=\"snippet-generic__title\">Enfin un guide Plateformes<\/p>\n<p class=\"snippet-generic__text\">Arr\u00eatez de perdre du temps \u00e0 chercher et d\u00e9couvrez les films, les s\u00e9ries et les documentaires recommand\u00e9s par T\u00e9l\u00e9rama sur toutes les plateformes SVOD. <\/p>\n<p>    <a href=\"https:\/\/www.telerama.fr\/plateformes\/\" rel=\"nofollow noopener\" target=\"_blank\"><\/p>\n<p>            Je d\u00e9couvre<\/p>\n<p>    <\/a><\/p>\n","protected":false},"excerpt":{"rendered":"Une belle s\u00e9rie d\u2019animation sur la famille, la crise existentielle d\u2019un labrador d\u00e9pressif, des aubergines, brioches et autres&hellip;\n","protected":false},"author":2,"featured_media":355916,"comment_status":"","ping_status":"","sticky":false,"template":"","format":"standard","meta":{"footnotes":""},"categories":[1356],"tags":[58,59,1011,27,252,1364],"class_list":{"0":"post-355915","1":"post","2":"type-post","3":"status-publish","4":"format-standard","5":"has-post-thumbnail","7":"category-television","8":"tag-divertissement","9":"tag-entertainment","10":"tag-fr","11":"tag-france","12":"tag-television","13":"tag-tv"},"share_on_mastodon":{"url":"https:\/\/pubeurope.com\/@fr\/115121730964318783","error":""},"_links":{"self":[{"href":"https:\/\/www.europesays.com\/fr\/wp-json\/wp\/v2\/posts\/355915","targetHints":{"allow":["GET"]}}],"collection":[{"href":"https:\/\/www.europesays.com\/fr\/wp-json\/wp\/v2\/posts"}],"about":[{"href":"https:\/\/www.europesays.com\/fr\/wp-json\/wp\/v2\/types\/post"}],"author":[{"embeddable":true,"href":"https:\/\/www.europesays.com\/fr\/wp-json\/wp\/v2\/users\/2"}],"replies":[{"embeddable":true,"href":"https:\/\/www.europesays.com\/fr\/wp-json\/wp\/v2\/comments?post=355915"}],"version-history":[{"count":0,"href":"https:\/\/www.europesays.com\/fr\/wp-json\/wp\/v2\/posts\/355915\/revisions"}],"wp:featuredmedia":[{"embeddable":true,"href":"https:\/\/www.europesays.com\/fr\/wp-json\/wp\/v2\/media\/355916"}],"wp:attachment":[{"href":"https:\/\/www.europesays.com\/fr\/wp-json\/wp\/v2\/media?parent=355915"}],"wp:term":[{"taxonomy":"category","embeddable":true,"href":"https:\/\/www.europesays.com\/fr\/wp-json\/wp\/v2\/categories?post=355915"},{"taxonomy":"post_tag","embeddable":true,"href":"https:\/\/www.europesays.com\/fr\/wp-json\/wp\/v2\/tags?post=355915"}],"curies":[{"name":"wp","href":"https:\/\/api.w.org\/{rel}","templated":true}]}}