{"id":355919,"date":"2025-08-31T05:30:30","date_gmt":"2025-08-31T05:30:30","guid":{"rendered":"https:\/\/www.europesays.com\/fr\/355919\/"},"modified":"2025-08-31T05:30:30","modified_gmt":"2025-08-31T05:30:30","slug":"ces-5-personnages-viennent-ils-des-visiteurs-des-trois-freres-ou-du-diner-de-cons","status":"publish","type":"post","link":"https:\/\/www.europesays.com\/fr\/355919\/","title":{"rendered":"ces 5 personnages viennent-ils des Visiteurs, des Trois Fr\u00e8res ou du D\u00eener de Cons ?"},"content":{"rendered":"<p><p><a href=\"https:\/\/www.serieously.com\" rel=\"nofollow noopener\" target=\"_blank\">Accueil<\/a> &gt; <a href=\"https:\/\/www.serieously.com\/quiz\/\" rel=\"nofollow noopener\" target=\"_blank\">Quiz<\/a> &gt; Quiz : ces 5 personnages viennent-ils des Visiteurs, des Trois Fr\u00e8res ou du D\u00eener de Cons ?<\/p>\n<\/p>\n<p class=\"o-article__published-by o-article__bullets\">\n            Publi\u00e9 le<br \/>\n                        30 ao\u00fbt 2025 \u00e0 22 h 00<\/p>\n<p>             Par<br \/>\n                <a href=\"https:\/\/www.serieously.com\/author\/alexis\/\" rel=\"nofollow noopener\" target=\"_blank\">Alexis<br \/>\n                    Savona<\/a><\/p>\n<p>    <img loading=\"lazy\" decoding=\"async\" src=\"https:\/\/www.europesays.com\/fr\/wp-content\/uploads\/2025\/08\/les-visiteurs-les-trois-freres-le-diner-de-cons-image-de-une-quiz.jpg\" alt=\"\" width=\"768\" height=\"432\"\/><\/p>\n<p><strong>Si tu es ici, c\u2019est parce que tu es un grand fan des Visiteurs, Trois Fr\u00e8res et du D\u00eener de Cons. Serieously a mis ces trois com\u00e9dies culte \u00e0 l\u2019honneur avec un quiz sp\u00e9cial, o\u00f9 tu dois te souvenir \u00e0 quel film appartiennent les 5 personnages mentionn\u00e9s.<\/strong><\/p>\n<p>Dans quel film peux-tu retrouver ce personnage ?<\/p>\n<p>\t\t\t\t\t<img decoding=\"async\" src=\"https:\/\/www.europesays.com\/fr\/wp-content\/uploads\/2025\/08\/christine-rossignol-personnage-les-trois-freres.jpg\" alt=\"\u00a9 Walt Disney Studios Motion Pictures International (ex-Buena Vista International France) \/ Path\u00e9 Films \/ Walt Disney Studios Motion Pictures International\" width=\"400\" height=\"225\" loading=\"lazy\" style=\"aspect-ratio: 16\/9; object-fit: cover;\"\/><\/p>\n<p>\u00a9 Walt Disney Studios Motion Pictures International (ex-Buena Vista International France) \/ Path\u00e9 Films \/ Walt Disney Studios Motion Pictures International<\/p>\n<p>\t\t\t\t\t\t\t\t\t<img decoding=\"async\" src=\"https:\/\/www.europesays.com\/fr\/wp-content\/uploads\/2025\/05\/visiteurs-galerie.jpg\" alt=\"Les Visiteurs\" width=\"150\" height=\"150\" loading=\"lazy\"\/><\/p>\n<p>\n\t\t\t\t\t\t\t\t\tLes Visiteurs\n\t\t\t\t\t\t\t\t<\/p>\n<p>\t\t\t\t\t\t\t\t\t<img decoding=\"async\" src=\"https:\/\/www.europesays.com\/fr\/wp-content\/uploads\/2025\/04\/7-les-trois-freres-galerie.jpg\" alt=\"Les Trois Fr\u00e8res\" width=\"150\" height=\"150\" loading=\"lazy\"\/><\/p>\n<p>\n\t\t\t\t\t\t\t\t\tLes Trois Fr\u00e8res\n\t\t\t\t\t\t\t\t<\/p>\n<p>\t\t\t\t\t\t\t\t\t<img decoding=\"async\" src=\"https:\/\/www.europesays.com\/fr\/wp-content\/uploads\/2025\/04\/6-diner-de-cons-galerie.jpg\" alt=\"Le D\u00eener de Cons\" width=\"150\" height=\"150\" loading=\"lazy\"\/><\/p>\n<p>\n\t\t\t\t\t\t\t\t\tLe D\u00eener de Cons\n\t\t\t\t\t\t\t\t<\/p>\n<p>Christine Rossignol est la m\u00e8re du petit Micha\u00ebl dans\u00a0Les Trois Fr\u00e8res.<\/p>\n<p>Dans quel film peux-tu retrouver ce personnage ?<\/p>\n<p>\t\t\t\t\t<img decoding=\"async\" src=\"https:\/\/www.europesays.com\/fr\/wp-content\/uploads\/2025\/08\/florian-goulard-personnage-les-visiteurs.jpg\" alt=\"\u00a9 Walt Disney Studios Motion Pictures International (ex-Buena Vista International France) \/ Path\u00e9 Films \/ Walt Disney Studios Motion Pictures International\" width=\"400\" height=\"225\" loading=\"lazy\" style=\"aspect-ratio: 16\/9; object-fit: cover;\"\/><\/p>\n<p>\u00a9 Walt Disney Studios Motion Pictures International (ex-Buena Vista International France) \/ Path\u00e9 Films \/ Walt Disney Studios Motion Pictures International<\/p>\n<p>\t\t\t\t\t\t\t\t\t<img decoding=\"async\" src=\"https:\/\/www.europesays.com\/fr\/wp-content\/uploads\/2025\/05\/visiteurs-galerie.jpg\" alt=\"Les Visiteurs\" width=\"150\" height=\"150\" loading=\"lazy\"\/><\/p>\n<p>\n\t\t\t\t\t\t\t\t\tLes Visiteurs\n\t\t\t\t\t\t\t\t<\/p>\n<p>\t\t\t\t\t\t\t\t\t<img decoding=\"async\" src=\"https:\/\/www.europesays.com\/fr\/wp-content\/uploads\/2025\/04\/7-les-trois-freres-galerie.jpg\" alt=\"Les Trois Fr\u00e8res\" width=\"150\" height=\"150\" loading=\"lazy\"\/><\/p>\n<p>\n\t\t\t\t\t\t\t\t\tLes Trois Fr\u00e8res\n\t\t\t\t\t\t\t\t<\/p>\n<p>\t\t\t\t\t\t\t\t\t<img decoding=\"async\" src=\"https:\/\/www.europesays.com\/fr\/wp-content\/uploads\/2025\/04\/6-diner-de-cons-galerie.jpg\" alt=\"Le D\u00eener de Cons\" width=\"150\" height=\"150\" loading=\"lazy\"\/><\/p>\n<p>\n\t\t\t\t\t\t\t\t\tLe D\u00eener de Cons\n\t\t\t\t\t\t\t\t<\/p>\n<p>Florian Goulard est le fils de Jean-Pierre dans\u00a0Les Visiteurs.<\/p>\n<p>Dans quel film peux-tu retrouver ce personnage ?<\/p>\n<p>\t\t\t\t\t<img decoding=\"async\" src=\"https:\/\/www.europesays.com\/fr\/wp-content\/uploads\/2025\/08\/louisette-blond-collegue-de-francois-le-diner-de-cons.jpg\" alt=\"\u00a9 Walt Disney Studios Motion Pictures International (ex-Buena Vista International France) \/ Path\u00e9 Films \/ Walt Disney Studios Motion Pictures International\" width=\"400\" height=\"225\" loading=\"lazy\" style=\"aspect-ratio: 16\/9; object-fit: cover;\"\/><\/p>\n<p>\u00a9 Walt Disney Studios Motion Pictures International (ex-Buena Vista International France) \/ Path\u00e9 Films \/ Walt Disney Studios Motion Pictures International<\/p>\n<p>\t\t\t\t\t\t\t\t\t<img decoding=\"async\" src=\"https:\/\/www.europesays.com\/fr\/wp-content\/uploads\/2025\/05\/visiteurs-galerie.jpg\" alt=\"Les Visiteurs\" width=\"150\" height=\"150\" loading=\"lazy\"\/><\/p>\n<p>\n\t\t\t\t\t\t\t\t\tLes Visiteurs\n\t\t\t\t\t\t\t\t<\/p>\n<p>\t\t\t\t\t\t\t\t\t<img decoding=\"async\" src=\"https:\/\/www.europesays.com\/fr\/wp-content\/uploads\/2025\/04\/7-les-trois-freres-galerie.jpg\" alt=\"Les Trois Fr\u00e8res\" width=\"150\" height=\"150\" loading=\"lazy\"\/><\/p>\n<p>\n\t\t\t\t\t\t\t\t\tLes Trois Fr\u00e8res\n\t\t\t\t\t\t\t\t<\/p>\n<p>\t\t\t\t\t\t\t\t\t<img decoding=\"async\" src=\"https:\/\/www.europesays.com\/fr\/wp-content\/uploads\/2025\/04\/6-diner-de-cons-galerie.jpg\" alt=\"Le D\u00eener de Cons\" width=\"150\" height=\"150\" loading=\"lazy\"\/><\/p>\n<p>\n\t\t\t\t\t\t\t\t\tLe D\u00eener de Cons\n\t\t\t\t\t\t\t\t<\/p>\n<p>Louisette Blond est une coll\u00e8gue de Fran\u00e7ois dans Le D\u00eener de Cons.<\/p>\n<p>Dans quel film peux-tu retrouver ce personnage ?<\/p>\n<p>\t\t\t\t\t<img decoding=\"async\" src=\"https:\/\/www.europesays.com\/fr\/wp-content\/uploads\/2025\/08\/fabienne-morlot-personnage-les-visiteurs-nom.jpg\" alt=\"\u00a9 Walt Disney Studios Motion Pictures International (ex-Buena Vista International France) \/ Path\u00e9 Films \/ Walt Disney Studios Motion Pictures International\" width=\"400\" height=\"225\" loading=\"lazy\" style=\"aspect-ratio: 16\/9; object-fit: cover;\"\/><\/p>\n<p>\u00a9 Walt Disney Studios Motion Pictures International (ex-Buena Vista International France) \/ Path\u00e9 Films \/ Walt Disney Studios Motion Pictures International<\/p>\n<p>\t\t\t\t\t\t\t\t\t<img decoding=\"async\" src=\"https:\/\/www.europesays.com\/fr\/wp-content\/uploads\/2025\/05\/visiteurs-galerie.jpg\" alt=\"Les Visiteurs\" width=\"150\" height=\"150\" loading=\"lazy\"\/><\/p>\n<p>\n\t\t\t\t\t\t\t\t\tLes Visiteurs\n\t\t\t\t\t\t\t\t<\/p>\n<p>\t\t\t\t\t\t\t\t\t<img decoding=\"async\" src=\"https:\/\/www.europesays.com\/fr\/wp-content\/uploads\/2025\/04\/7-les-trois-freres-galerie.jpg\" alt=\"Les Trois Fr\u00e8res\" width=\"150\" height=\"150\" loading=\"lazy\"\/><\/p>\n<p>\n\t\t\t\t\t\t\t\t\tLes Trois Fr\u00e8res\n\t\t\t\t\t\t\t\t<\/p>\n<p>\t\t\t\t\t\t\t\t\t<img decoding=\"async\" src=\"https:\/\/www.europesays.com\/fr\/wp-content\/uploads\/2025\/04\/6-diner-de-cons-galerie.jpg\" alt=\"Le D\u00eener de Cons\" width=\"150\" height=\"150\" loading=\"lazy\"\/><\/p>\n<p>\n\t\t\t\t\t\t\t\t\tLe D\u00eener de Cons\n\t\t\t\t\t\t\t\t<\/p>\n<p>Fabienne Morlot est le personnage d\u2019Isabelle Nanty dans Les Visiteurs.<\/p>\n<p>Dans quel film peux-tu retrouver ce personnage ?<\/p>\n<p>\t\t\t\t\t<img decoding=\"async\" src=\"https:\/\/www.europesays.com\/fr\/wp-content\/uploads\/2025\/08\/mademoiselle-pereire-voisine-pascal-les-trois-freres.jpg\" alt=\"\u00a9 Walt Disney Studios Motion Pictures International (ex-Buena Vista International France) \/ Path\u00e9 Films \/ Walt Disney Studios Motion Pictures International\" width=\"400\" height=\"225\" loading=\"lazy\" style=\"aspect-ratio: 16\/9; object-fit: cover;\"\/><\/p>\n<p>\u00a9 Walt Disney Studios Motion Pictures International (ex-Buena Vista International France) \/ Path\u00e9 Films \/ Walt Disney Studios Motion Pictures International<\/p>\n<p>\t\t\t\t\t\t\t\t\t<img decoding=\"async\" src=\"https:\/\/www.europesays.com\/fr\/wp-content\/uploads\/2025\/05\/visiteurs-galerie.jpg\" alt=\"Les Visiteurs\" width=\"150\" height=\"150\" loading=\"lazy\"\/><\/p>\n<p>\n\t\t\t\t\t\t\t\t\tLes Visiteurs\n\t\t\t\t\t\t\t\t<\/p>\n<p>\t\t\t\t\t\t\t\t\t<img decoding=\"async\" src=\"https:\/\/www.europesays.com\/fr\/wp-content\/uploads\/2025\/04\/7-les-trois-freres-galerie.jpg\" alt=\"Les Trois Fr\u00e8res\" width=\"150\" height=\"150\" loading=\"lazy\"\/><\/p>\n<p>\n\t\t\t\t\t\t\t\t\tLes Trois Fr\u00e8res\n\t\t\t\t\t\t\t\t<\/p>\n<p>\t\t\t\t\t\t\t\t\t<img decoding=\"async\" src=\"https:\/\/www.europesays.com\/fr\/wp-content\/uploads\/2025\/04\/6-diner-de-cons-galerie.jpg\" alt=\"Le D\u00eener de Cons\" width=\"150\" height=\"150\" loading=\"lazy\"\/><\/p>\n<p>\n\t\t\t\t\t\t\t\t\tLe D\u00eener de Cons\n\t\t\t\t\t\t\t\t<\/p>\n<p>Mademoiselle Pereire est la voisine de Pascal dans Les Trois Fr\u00e8res.<\/p>\n<p class=\"o-quiz__result-title\">Tes com\u00e9dies pr\u00e9f\u00e9r\u00e9es<\/p>\n<p class=\"o-quiz__result-subtitle\">Tu as obtenu un score de [[ score ]]\/[[ questions ]]<\/p>\n<p>\t\t\t\t\t\t\t\t\t<img decoding=\"async\" src=\"https:\/\/www.europesays.com\/fr\/wp-content\/uploads\/2025\/04\/resultat-quiz-bravo.jpg\" alt=\"Tes com\u00e9dies pr\u00e9f\u00e9r\u00e9es\" width=\"768\" height=\"432\" loading=\"lazy\"\/><\/p>\n<p>Les Visiteurs, Les Trois Fr\u00e8res et Le D\u00eener de Cons sont, ind\u00e9niablement, tes com\u00e9dies pr\u00e9f\u00e9r\u00e9es. Tu les connais par coeur et les personnages font comme partie de ta propre famille, tant tu as vu ces films des centaines de fois !<\/p>\n<p>On te propose maintenant de faire nos autres quiz <a href=\"https:\/\/www.serieously.com\/films\/les-visiteurs\/\" target=\"_blank\" rel=\"noopener nofollow\" aria-label=\"\">sur Les Visiteurs<\/a>, <a href=\"https:\/\/www.serieously.com\/films\/les-trois-freres\/\" target=\"_blank\" rel=\"noopener nofollow\" aria-label=\"\">sur Les Trois Fr\u00e8res<\/a> et <a href=\"https:\/\/www.serieously.com\/films\/le-diner-de-cons\/\" target=\"_blank\" rel=\"noopener nofollow\" aria-label=\"\">sur Le D\u00eener de Cons<\/a>.<\/p>\n<p class=\"o-quiz__result-title\">Tu adores ces com\u00e9dies<\/p>\n<p class=\"o-quiz__result-subtitle\">Tu as obtenu un score de [[ score ]]\/[[ questions ]]<\/p>\n<p>\t\t\t\t\t\t\t\t\t<img decoding=\"async\" src=\"https:\/\/www.europesays.com\/fr\/wp-content\/uploads\/2025\/04\/resultat-quiz-pas-mal.jpg\" alt=\"Tu adores ces com\u00e9dies\" width=\"768\" height=\"432\" loading=\"lazy\"\/><\/p>\n<p>Tu adooooores Les Visiteurs, Les Trois Fr\u00e8res et Le D\u00eener de Cons\u00a0! Il y a certes une ou deux com\u00e9die(s) que tu pr\u00e9f\u00e8res plus que les autres, mais tu les connais assez bien pour reconna\u00eetre les personnages.<\/p>\n<p>On te propose maintenant de faire nos autres quiz <a href=\"https:\/\/www.serieously.com\/films\/les-visiteurs\/\" target=\"_blank\" rel=\"noopener nofollow\" aria-label=\"\">sur Les Visiteurs<\/a>, <a href=\"https:\/\/www.serieously.com\/films\/les-trois-freres\/\" target=\"_blank\" rel=\"noopener nofollow\" aria-label=\"\">sur Les Trois Fr\u00e8res<\/a> et <a href=\"https:\/\/www.serieously.com\/films\/le-diner-de-cons\/\" target=\"_blank\" rel=\"noopener nofollow\" aria-label=\"\">sur Le D\u00eener de Cons<\/a>.<\/p>\n<p class=\"o-quiz__result-title\">Tu devrais les revoir&#8230;<\/p>\n<p class=\"o-quiz__result-subtitle\">Tu as obtenu un score de [[ score ]]\/[[ questions ]]<\/p>\n<p>\t\t\t\t\t\t\t\t\t<img decoding=\"async\" src=\"https:\/\/www.europesays.com\/fr\/wp-content\/uploads\/2025\/04\/resultat-quiz-rate.jpg\" alt=\"Tu devrais les revoir...\" width=\"768\" height=\"432\" loading=\"lazy\"\/><\/p>\n<p>Il est grand temps de (re)voir Les Visiteurs, Les Trois Fr\u00e8res et Le D\u00eener de Cons. Ce sont des com\u00e9dies que tu connais, mais pas assez pour les reconna\u00eetre gr\u00e2ce aux personnages.<\/p>\n<p>On te propose maintenant de faire nos autres quiz <a href=\"https:\/\/www.serieously.com\/films\/les-visiteurs\/\" target=\"_blank\" rel=\"noopener nofollow\" aria-label=\"\">sur Les Visiteurs<\/a>, <a href=\"https:\/\/www.serieously.com\/films\/les-trois-freres\/\" target=\"_blank\" rel=\"noopener nofollow\" aria-label=\"\">sur Les Trois Fr\u00e8res<\/a> et <a href=\"https:\/\/www.serieously.com\/films\/le-diner-de-cons\/\" target=\"_blank\" rel=\"noopener nofollow\" aria-label=\"\">sur Le D\u00eener de Cons<\/a>.<\/p>\n<p>\t\tRecommencer le quiz<\/p>\n<p>\t\t\t<img decoding=\"async\" src=\"https:\/\/www.europesays.com\/fr\/wp-content\/uploads\/2025\/08\/1756618230_464_alexis-savona-serieously.jpg\" alt=\"Alexis Savona\" width=\"70\" height=\"70\" loading=\"lazy\"\/><\/p>\n<p class=\"m-user__name\">Alexis Savona<\/p>\n<p class=\"m-user__job\">R\u00e9dacteur en chef adjoint <\/p>\n<p class=\"m-user__description\">R\u00e9dacteur en chef adjoint chez Serieously, je suis un tr\u00e8s grand fan de films et s\u00e9ries depuis mon plus jeune \u00e2ge. J&rsquo;ai grandi avec Retour Vers le Futur, qui est aujourd&rsquo;hui mon film pr\u00e9f\u00e9r\u00e9, mais aussi les Disney et Jumanji. Je voue aussi une grande passion pour How I Met Your Mother.<\/p>\n<p>\n\t\t\t\t\t\t\t\t\t\t\t\t@alexisanovas<br \/>\n\t\t\t\t\t\t\t\t\t\t\t\t\t\t\t\t\t\t\tContacter<br \/>\n\t\t\t\t\t\tAlexis\n\t\t\t\t\t\t\t\t\t<\/p>\n<p>Lundi&rsquo;spensable<\/p>\n<p class=\"mt-4 mb-4 text-xl text-center\">Le meilleur de <\/p>\n<p> dans ta boite mail<\/p>\n","protected":false},"excerpt":{"rendered":"Accueil &gt; Quiz &gt; Quiz : ces 5 personnages viennent-ils des Visiteurs, des Trois Fr\u00e8res ou du D\u00eener&hellip;\n","protected":false},"author":2,"featured_media":355920,"comment_status":"","ping_status":"","sticky":false,"template":"","format":"standard","meta":{"footnotes":""},"categories":[1354],"tags":[58,59,1346,1011,27,1360],"class_list":{"0":"post-355919","1":"post","2":"type-post","3":"status-publish","4":"format-standard","5":"has-post-thumbnail","7":"category-films","8":"tag-divertissement","9":"tag-entertainment","10":"tag-films","11":"tag-fr","12":"tag-france","13":"tag-movies"},"share_on_mastodon":{"url":"https:\/\/pubeurope.com\/@fr\/115121739044808008","error":""},"_links":{"self":[{"href":"https:\/\/www.europesays.com\/fr\/wp-json\/wp\/v2\/posts\/355919","targetHints":{"allow":["GET"]}}],"collection":[{"href":"https:\/\/www.europesays.com\/fr\/wp-json\/wp\/v2\/posts"}],"about":[{"href":"https:\/\/www.europesays.com\/fr\/wp-json\/wp\/v2\/types\/post"}],"author":[{"embeddable":true,"href":"https:\/\/www.europesays.com\/fr\/wp-json\/wp\/v2\/users\/2"}],"replies":[{"embeddable":true,"href":"https:\/\/www.europesays.com\/fr\/wp-json\/wp\/v2\/comments?post=355919"}],"version-history":[{"count":0,"href":"https:\/\/www.europesays.com\/fr\/wp-json\/wp\/v2\/posts\/355919\/revisions"}],"wp:featuredmedia":[{"embeddable":true,"href":"https:\/\/www.europesays.com\/fr\/wp-json\/wp\/v2\/media\/355920"}],"wp:attachment":[{"href":"https:\/\/www.europesays.com\/fr\/wp-json\/wp\/v2\/media?parent=355919"}],"wp:term":[{"taxonomy":"category","embeddable":true,"href":"https:\/\/www.europesays.com\/fr\/wp-json\/wp\/v2\/categories?post=355919"},{"taxonomy":"post_tag","embeddable":true,"href":"https:\/\/www.europesays.com\/fr\/wp-json\/wp\/v2\/tags?post=355919"}],"curies":[{"name":"wp","href":"https:\/\/api.w.org\/{rel}","templated":true}]}}