{"id":355921,"date":"2025-08-31T05:32:20","date_gmt":"2025-08-31T05:32:20","guid":{"rendered":"https:\/\/www.europesays.com\/fr\/355921\/"},"modified":"2025-08-31T05:32:20","modified_gmt":"2025-08-31T05:32:20","slug":"om-mercato-olivier-letang-fait-une-tres-grosse-annonce-sur-lavenir-dedon-zhegrova-losc","status":"publish","type":"post","link":"https:\/\/www.europesays.com\/fr\/355921\/","title":{"rendered":"OM Mercato : Olivier L\u00e9tang fait une tr\u00e8s grosse annonce sur l&rsquo;avenir d&rsquo;Edon Zhegrova (LOSC)"},"content":{"rendered":"<p><strong>Interrog\u00e9 sur l\u2019avenir d\u2019Edon Zhegrova, le pr\u00e9sident du LOSC Olivier L\u00e9tang a d\u00e9clar\u00e9 que l\u2019attaquant n\u2019ira probablement pas \u00e0 l\u2019OM.<\/strong><\/p>\n<p><a href=\"http:\/\/butfootballclub.fr\/ligue-1\/om\/om-losc-mercato-le-poker-menteur-continue-autour-du-transfert-de-zhegrova\/\" rel=\"noreferrer noopener\" target=\"_blank\">Le feuilleton Edon Zhegrova<\/a> conna\u00eet un nouveau rebondissement \u00e0 quelques heures de la fin du mercato. Alors que l\u2019international kosovar \u00e9tait la priorit\u00e9 offensive de l\u2019OM, il s\u2019\u00e9tait mis d\u2019accord avec le club phoc\u00e9en, une nouvelle qui a surpris le pr\u00e9sident lillois Olivier L\u00e9tang. <a href=\"http:\/\/butfootballclub.fr\/ligue-1\/om\/om-mercato-zhegrova-a-marseille-letang-losc-menace-longoria-et-benatia\/\" rel=\"noreferrer noopener\" target=\"_blank\">Ce dernier avait d\u2019ailleurs critiqu\u00e9 l\u2019OM<\/a> lors du tirage au sort de la Ligue Europa.<\/p>\n<p>\u00ab\u00a0On a pens\u00e9 qu\u2019il n\u2019\u00e9tait pas en bonne condition\u00a0\u00bb<\/p>\n<p>Apr\u00e8s la large victoire du LOSC \u00e0 Lorient (7-1), Olivier L\u00e9tang s\u2019est exprim\u00e9 au micro de beIN Sports sur l\u2019avenir de son ailier, annon\u00e7ant qu\u2019il s\u2019\u00e9loignait de Marseille : \u00ab\u202fJe pense qu\u2019il n\u2019ira pas \u00e0 l\u2019OM. Pour un certain nombre de raisons. Est-ce qu\u2019il sera Lillois ? R\u00e9ponse mardi. Ce qu\u2019il s\u2019est pass\u00e9 doit rester entre Pablo Longoria et moi. Je l\u2019ai contact\u00e9 apr\u00e8s avoir vu des informations dans la presse en lui disant \u00ab\u00a0si vous \u00eates int\u00e9ress\u00e9, venez maintenant parce qu\u2019il y aura d\u2019autres clubs apr\u00e8s et des conditions\u00a0\u00bb. On n\u2019a pas eu d\u2019\u00e9change sur le sujet.\u202f\u00bb<\/p>\n<p>Le pr\u00e9sident lillois a \u00e9galement expliqu\u00e9 l\u2019absence de Zhegrova du groupe face \u00e0 Lorient : \u00ab\u202fLe joueur n\u2019est pas dans le groupe, car psychologiquement, on a d\u00e9cid\u00e9 qu\u2019il n\u2019\u00e9tait pas en capacit\u00e9 de jouer aujourd\u2019hui. Il est arriv\u00e9 dix minutes avant l\u2019entra\u00eenement hier, alors qu\u2019il devait jouer aujourd\u2019hui. Il nous a dit \u00ab\u00a0j\u2019ai re\u00e7u une proposition de l\u2019OM, je suis tomb\u00e9 d\u2019accord avec eux apr\u00e8s avoir discut\u00e9, j\u2019ai eu l\u2019entra\u00eeneur, il me veut\u00a0\u00bb. On a pens\u00e9 qu\u2019il n\u2019\u00e9tait pas en bonne condition. Cela aurait \u00e9t\u00e9 bien de se parler entre clubs avant pour savoir si c\u2019\u00e9tait possible avant et ne pas mettre dans la t\u00eate du joueur la possibilit\u00e9 d\u2019aller l\u00e0-bas, mais aujourd\u2019hui, c\u2019est derri\u00e8re nous.\u202f\u00bb<\/p>\n<p>Zhegrova sur le d\u00e9part malgr\u00e9 tout ?<\/p>\n<p>Malgr\u00e9 sa r\u00e9ticence \u00e0 le vendre \u00e0 Marseille, L\u00e9tang n\u2019exclut pas un d\u00e9part de Zhegrova vers un autre club : \u00ab\u202fS\u2019il sera lillois ? j\u2019ai dit qu\u2019\u00e0 mon avis, il n\u2019ira pas \u00e0 l\u2019OM. On veut le garder, mais je lui ai dit qu\u2019il avait une porte de sortie en cas d\u2019offre int\u00e9ressante, je lui avais donn\u00e9 ma parole. Il a beaucoup donn\u00e9 chez nous, il lui reste moins onze mois de contrat. La volont\u00e9 du joueur est de jouer la Ligue des Champions dans un grand club. Si tout le monde s\u2019y retrouve, je n\u2019ai pas l\u2019intention de le bloquer.\u202f\u00bb<\/p>\n<p>Les supporters de l\u2019OM et du LOSC peuvent donc s\u2019attendre \u00e0 un suspense jusqu\u2019au bout du mercato.<\/p>\n","protected":false},"excerpt":{"rendered":"Interrog\u00e9 sur l\u2019avenir d\u2019Edon Zhegrova, le pr\u00e9sident du LOSC Olivier L\u00e9tang a d\u00e9clar\u00e9 que l\u2019attaquant n\u2019ira probablement pas&hellip;\n","protected":false},"author":2,"featured_media":355922,"comment_status":"","ping_status":"","sticky":false,"template":"","format":"standard","meta":{"footnotes":""},"categories":[9],"tags":[11,448,63,1011,27,66,3388,12,60,10662],"class_list":{"0":"post-355921","1":"post","2":"type-post","3":"status-publish","4":"format-standard","5":"has-post-thumbnail","7":"category-sports","8":"tag-actualites","9":"tag-champions-league","10":"tag-football","11":"tag-fr","12":"tag-france","13":"tag-ligue-1","14":"tag-matchs","15":"tag-news","16":"tag-sports","17":"tag-transferts"},"share_on_mastodon":{"url":"https:\/\/pubeurope.com\/@fr\/115121746555036085","error":""},"_links":{"self":[{"href":"https:\/\/www.europesays.com\/fr\/wp-json\/wp\/v2\/posts\/355921","targetHints":{"allow":["GET"]}}],"collection":[{"href":"https:\/\/www.europesays.com\/fr\/wp-json\/wp\/v2\/posts"}],"about":[{"href":"https:\/\/www.europesays.com\/fr\/wp-json\/wp\/v2\/types\/post"}],"author":[{"embeddable":true,"href":"https:\/\/www.europesays.com\/fr\/wp-json\/wp\/v2\/users\/2"}],"replies":[{"embeddable":true,"href":"https:\/\/www.europesays.com\/fr\/wp-json\/wp\/v2\/comments?post=355921"}],"version-history":[{"count":0,"href":"https:\/\/www.europesays.com\/fr\/wp-json\/wp\/v2\/posts\/355921\/revisions"}],"wp:featuredmedia":[{"embeddable":true,"href":"https:\/\/www.europesays.com\/fr\/wp-json\/wp\/v2\/media\/355922"}],"wp:attachment":[{"href":"https:\/\/www.europesays.com\/fr\/wp-json\/wp\/v2\/media?parent=355921"}],"wp:term":[{"taxonomy":"category","embeddable":true,"href":"https:\/\/www.europesays.com\/fr\/wp-json\/wp\/v2\/categories?post=355921"},{"taxonomy":"post_tag","embeddable":true,"href":"https:\/\/www.europesays.com\/fr\/wp-json\/wp\/v2\/tags?post=355921"}],"curies":[{"name":"wp","href":"https:\/\/api.w.org\/{rel}","templated":true}]}}