{"id":355927,"date":"2025-08-31T05:35:10","date_gmt":"2025-08-31T05:35:10","guid":{"rendered":"https:\/\/www.europesays.com\/fr\/355927\/"},"modified":"2025-08-31T05:35:10","modified_gmt":"2025-08-31T05:35:10","slug":"mepris-total-delon-musk-tesla-conteste-une-sanction-judiciaire-de-243-millions-de-dollars-voici-ses-arguments-scandaleux","status":"publish","type":"post","link":"https:\/\/www.europesays.com\/fr\/355927\/","title":{"rendered":"\u00ab\u00a0M\u00e9pris total d&rsquo;Elon Musk\u00a0\u00bb : Tesla conteste une sanction judiciaire de 243 millions de dollars, voici ses arguments scandaleux"},"content":{"rendered":"<p class=\"ed__a-p ed__bdy__l\"><img loading=\"lazy\" decoding=\"async\" src=\"data:image\/svg+xml,%3Csvg xmlns='http:\/\/www.w3.org\/2000\/svg'%3E%3C\/svg%3E\" draggable=\"false\" width=\"3000\" height=\"1974\" class=\"ed__title-xxs\" alt=\"Tesla\" style=\"background-color: #f2f2f2; aspect-ratio:3000\/1974;\"\/><\/p>\n<p class=\"ed__a-p ed__bdy__l\">Nous sommes en 2019, en Floride. George McGee est au volant de sa Tesla Model S qui grille un stop puis percute un SUV gar\u00e9 perpendiculairement \u00e0 la route. Nebel Benavides Leon, 20 ans, meurt lors de l&rsquo;accident. Son petit ami Dillon Angulo est gri\u00e8vement bless\u00e9. George McGee utilisait alors l&rsquo;Autopilot de Tesla qui demande pourtant de garder les mains sur le volant. L&rsquo;homme avait essay\u00e9 d&rsquo;atteindre son smartphone quand son v\u00e9hicule \u00e9lectrique a provoqu\u00e9 cet accident mortel.<\/p>\n<p>            Publicit\u00e9, votre contenu continue ci-dessous<\/p>\n<p>        Publicit\u00e9<\/p>\n<p>Tesla refuse de payer 243 millions de dollars<\/p>\n<p class=\"ed__a-p ed__bdy__l\">Un tiers de la responsabilit\u00e9 de l&rsquo;accident a \u00e9t\u00e9 attribu\u00e9 \u00e0 Tesla par le jury. Le constructeur automobile est donc condamn\u00e9 \u00e0 verser 243 millions de dollars aux victimes. Les deux tiers restants de la responsabilit\u00e9 ont \u00e9t\u00e9 imput\u00e9s \u00e0 George McGee qui a d\u00e9j\u00e0 r\u00e9gl\u00e9 son propre litige avec les familles.<\/p>\n<p class=\"ed__a-p ed__bdy__l\">Sauf que Tesla refuse ce verdict et demande m\u00eame son annulation pure et simple. \u00c0 d\u00e9faut, la soci\u00e9t\u00e9 d&rsquo;Elon Musk exige un nouveau proc\u00e8s. Dans un document d\u00e9pos\u00e9 au tribunal, les avocats de Tesla affirment que ce verdict va \u00e0 l&rsquo;encontre du droit de la responsabilit\u00e9 civile de Floride, de la clause de proc\u00e9dure \u00e9quitable et du bon sens. Le constructeur estime que George McGee lui-m\u00eame a admis qu&rsquo;il cherchait \u00e0 attraper son smartphone au moment du drame. Tesla qualifie sa conduite d'\u00a0\u00bbimprudence extraordinaire\u00a0\u00bb.<\/p>\n<p class=\"ed__a-p ed__bdy__l\">Les juristes de l&rsquo;entreprise d&rsquo;Elon Musk pr\u00e9sentent leur argumentation. Selon eux, la responsabilit\u00e9 du fait des produits sanctionne les constructeurs automobiles qui proposent des voitures \u00ab\u00a0dangereuses contraires aux attentes des consommateurs, ou \u00ab\u00a0d\u00e9raisonnablement peu s\u00e9curis\u00e9es\u00a0\u00bb.<\/p>\n<p class=\"ed__a-p ed__bdy__l\">Les juristes de Tesla estiment que \u00ab\u00a0ici, ce n&rsquo;est pas le cas\u00a0\u00bb. Tesla estime aussi que cette sanction de 243 millions de dollars cr\u00e9erait un dangereux pr\u00e9c\u00e9dent qui \u00ab\u00a0d\u00e9couragerait l&rsquo;innovation, s\u00e8merait la confusion dans les attentes des consommateurs et conduirait les fabricants \u00e0 abandonner les am\u00e9liorations de s\u00e9curit\u00e9 par crainte de sanctions lorsqu&rsquo;un conducteur fait mauvais usage de leurs produits\u00a0\u00bb.<\/p>\n<p>            Publicit\u00e9, votre contenu continue ci-dessous<\/p>\n<p>        Publicit\u00e9<\/p>\n<p class=\"ed__a-p ed__bdy__l\">Les avocats de Tesla ne s&rsquo;arr\u00eatent pas l\u00e0 et vont m\u00eame jusqu&rsquo;\u00e0 s&rsquo;en prendre \u00e0 la partie adverse en accusant les conseils des victimes d&rsquo;avoir \u00ab\u00a0submerg\u00e9 ce jury avec un flot de preuves pr\u00e9judiciables mais non pertinentes sur la conservation des donn\u00e9es, Elon Musk et des accidents sans rapport\u00a0\u00bb.<\/p>\n<p class=\"ed__a-p ed__bdy__l\">L&rsquo;entreprise \u00e9crit : \u00ab\u00a0Les avocats des plaignants ont fait en sorte que ce proc\u00e8s ne porte jamais r\u00e9ellement sur la Tesla Model S de 2019 ou sur l&rsquo;accident caus\u00e9 par la conduite imprudente de McGee\u00a0\u00bb.<\/p>\n<p>L&rsquo;avocat des victimes reste confiant face \u00e0 Tesla<\/p>\n<p class=\"ed__a-p ed__bdy__l\">Brett Schreiber, avocat principal des plaignants, a r\u00e9agi par e-mail : \u00ab\u00a0Cette requ\u00eate est le dernier exemple du m\u00e9pris total de Tesla et Musk pour le co\u00fbt humain de leur technologie d\u00e9fectueuse. Le jury a entendu tous les faits et est arriv\u00e9 \u00e0 la bonne conclusion qu&rsquo;il s&rsquo;agissait d&rsquo;un cas de responsabilit\u00e9 partag\u00e9e mais cela ne minimise pas le r\u00f4le int\u00e9gral que l&rsquo;autopilote et les fausses d\u00e9clarations de l&rsquo;entreprise sur ses capacit\u00e9s ont jou\u00e9 dans l&rsquo;accident qui a tu\u00e9 Nebel et bless\u00e9 Dylan de mani\u00e8re permanente\u00a0\u00bb.<\/p>\n<p class=\"ed__a-p ed__bdy__l\">Brett Schreiber reste confiant : \u00ab\u00a0Nous sommes convaincus que le tribunal confirmera ce verdict qui ne constitue pas une mise en accusation de l&rsquo;industrie des v\u00e9hicules autonomes mais du d\u00e9veloppement et du d\u00e9ploiement imprudent et dangereux par Tesla de son syst\u00e8me Autopilot\u00a0\u00bb.<\/p>\n<p class=\"ed__a-p ed__bdy__l\">Rappelons que quelques mois avant ce verdict, Tesla a rejet\u00e9 une offre de r\u00e8glement \u00e0 l&rsquo;amiable de 60 millions de dollars propos\u00e9e par les victimes. L&rsquo;entreprise a pr\u00e9f\u00e9r\u00e9 aller au proc\u00e8s, un pari qui lui co\u00fbte aujourd&rsquo;hui quatre fois plus cher avec un \u00e9cart de 183 millions de dollars.<\/p>\n<p>            Publicit\u00e9, votre contenu continue ci-dessous<\/p>\n<p>        Publicit\u00e9<\/p>\n<p class=\"ed__a-p ed__bdy__l\">Les Num\u00e9riques s\u2019installe \u00e0 Beaugrenelle Paris pour <a href=\"https:\/\/www.lesnumeriques.com\/evenement\/les-jours-les-plus-tech-2025.html\" rel=\"nofollow noopener\" target=\"_blank\">Les Jours Les Plus Tech<\/a> : d\u00e9monstrations de produits, conseils d\u2019usage ou d\u2019achat, \u00e9changes avec nos journalistes\u2026D\u00e9couvrez le programme complet <a href=\"https:\/\/www.lesnumeriques.com\/evenement\/les-jours-les-plus-tech-2025.html\" rel=\"nofollow noopener\" target=\"_blank\">ici<\/a>.<\/p>\n","protected":false},"excerpt":{"rendered":"Nous sommes en 2019, en Floride. George McGee est au volant de sa Tesla Model S qui grille&hellip;\n","protected":false},"author":2,"featured_media":355928,"comment_status":"","ping_status":"","sticky":false,"template":"","format":"standard","meta":{"footnotes":""},"categories":[6],"tags":[35,33,34,1011,27],"class_list":{"0":"post-355927","1":"post","2":"type-post","3":"status-publish","4":"format-standard","5":"has-post-thumbnail","7":"category-economie","8":"tag-business","9":"tag-economie","10":"tag-economy","11":"tag-fr","12":"tag-france"},"share_on_mastodon":{"url":"https:\/\/pubeurope.com\/@fr\/115121758058915549","error":""},"_links":{"self":[{"href":"https:\/\/www.europesays.com\/fr\/wp-json\/wp\/v2\/posts\/355927","targetHints":{"allow":["GET"]}}],"collection":[{"href":"https:\/\/www.europesays.com\/fr\/wp-json\/wp\/v2\/posts"}],"about":[{"href":"https:\/\/www.europesays.com\/fr\/wp-json\/wp\/v2\/types\/post"}],"author":[{"embeddable":true,"href":"https:\/\/www.europesays.com\/fr\/wp-json\/wp\/v2\/users\/2"}],"replies":[{"embeddable":true,"href":"https:\/\/www.europesays.com\/fr\/wp-json\/wp\/v2\/comments?post=355927"}],"version-history":[{"count":0,"href":"https:\/\/www.europesays.com\/fr\/wp-json\/wp\/v2\/posts\/355927\/revisions"}],"wp:featuredmedia":[{"embeddable":true,"href":"https:\/\/www.europesays.com\/fr\/wp-json\/wp\/v2\/media\/355928"}],"wp:attachment":[{"href":"https:\/\/www.europesays.com\/fr\/wp-json\/wp\/v2\/media?parent=355927"}],"wp:term":[{"taxonomy":"category","embeddable":true,"href":"https:\/\/www.europesays.com\/fr\/wp-json\/wp\/v2\/categories?post=355927"},{"taxonomy":"post_tag","embeddable":true,"href":"https:\/\/www.europesays.com\/fr\/wp-json\/wp\/v2\/tags?post=355927"}],"curies":[{"name":"wp","href":"https:\/\/api.w.org\/{rel}","templated":true}]}}