{"id":355929,"date":"2025-08-31T05:38:48","date_gmt":"2025-08-31T05:38:48","guid":{"rendered":"https:\/\/www.europesays.com\/fr\/355929\/"},"modified":"2025-08-31T05:38:48","modified_gmt":"2025-08-31T05:38:48","slug":"lecrasante-responsabilite-du-hamas-dans-la-catastrophe-palestinienne","status":"publish","type":"post","link":"https:\/\/www.europesays.com\/fr\/355929\/","title":{"rendered":"L\u2019\u00e9crasante responsabilit\u00e9 du Hamas dans la catastrophe palestinienne"},"content":{"rendered":"\n<p class=\"article__paragraph  \">Le nationalisme palestinien a toujours souffert d\u2019un rapport de force \u00e9crasant en faveur du mouvement sioniste, puis de l\u2019Etat d\u2019Isra\u00ebl. Il est n\u00e9anmoins discutable d\u2019\u00e9luder la responsabilit\u00e9 de certains dirigeants palestiniens dans <a href=\"https:\/\/www.lemonde.fr\/un-si-proche-orient\/article\/2023\/11\/26\/jamais-la-palestine-n-a-autant-souffert_6202438_6116995.html\" rel=\"nofollow noopener\" target=\"_blank\">les deux d\u00e9sastres historiques <\/a>que sont la Nakba, la \u00ab\u00a0catastrophe\u00a0\u00bb de 1948, avec l\u2019exode de plus de la moiti\u00e9 de la population arabe de Palestine, et la catastrophe en cours dans la bande de Gaza, d\u2019ores et d\u00e9j\u00e0 ravag\u00e9e.<\/p>\n<p class=\"article__paragraph  \">Dans les deux cas, des mouvements palestiniens en lutte ouverte contre d\u2019autres factions palestiniennes ont fait passer leurs int\u00e9r\u00eats partisans avant la cause nationale qu\u2019ils pr\u00e9tendaient d\u00e9fendre. Dans les deux cas, ils ont commis plus qu\u2019un crime, mais une faute strat\u00e9gique, Haj Amin Al-Husseini en s\u2019associant au nazisme en\u00a01941, le Hamas en perp\u00e9trant le bain de sang du 7\u00a0octobre\u00a02023.<\/p>\n<p class=\"article__paragraph  \">Le Royaume-Uni s\u2019engage, en\u00a01917, \u00e0 soutenir \u00ab\u00a0l\u2019\u00e9tablissement en Palestine d\u2019un foyer national pour le peuple juif\u00a0\u00bb et re\u00e7oit, trois ans plus tard, un mandat de la Soci\u00e9t\u00e9 des nations sur ce territoire jusque-l\u00e0 ottoman. La population arabe, majoritaire \u00e0 90\u00a0%, s\u2019oppose cat\u00e9goriquement \u00e0 ce qu\u2019elle ressent comme une d\u00e9possession. Les autorit\u00e9s britanniques contournent cet obstacle en cr\u00e9ant, en\u00a01921, un poste de \u00ab\u00a0grand mufti de J\u00e9rusalem\u00a0\u00bb, attribu\u00e9 \u00e0 Haj Amin Al-Husseini.<\/p>\n<p>                              Lire aussi |  <a href=\"https:\/\/www.lemonde.fr\/proche-orient\/article\/2015\/10\/21\/netanyahou-fait-du-grand-mufti-de-jerusalem-l-inspirateur-d-hitler_4793848_3218.html\" class=\"js-article-read-also catcher--favoris__link\" data-premium=\"\" id=\"article-title-63475\" rel=\"nofollow noopener\" target=\"_blank\">N\u00e9tanyahou fait du grand mufti de J\u00e9rusalem l\u2019inspirateur de la \u00ab\u00a0solution finale\u00a0\u00bb<\/a>    <\/p>\n<p>   Lire plus tard  <\/p>\n<p>                 Surench\u00e8res maximalistes           <\/p>\n<p class=\"article__paragraph  \">Elles parviennent ainsi \u00e0 diviser le nationalisme palestinien, d\u2019abord en le r\u00e9duisant \u00e0 sa dimension islamique, puis en opposant les partisans des Husseini \u00e0 ceux des Nashashibi, leurs rivaux traditionnels. Ces man\u0153uvres favorisent l\u2019\u00e9crasement du soul\u00e8vement arabe de 1936-1939. Husseini, exil\u00e9 en\u00a01937, se met au service d\u2019Adolf Hitler quatre ans plus tard, alors m\u00eame que la population palestinienne soutient majoritairement les d\u00e9mocraties contre l\u2019Axe.<\/p>\n<p class=\"article__paragraph  \">C\u2019est pourtant un Husseini revanchard qui s\u2019impose de nouveau, en\u00a01945, \u00e0 la t\u00eate du nationalisme palestinien, \u00e9clipsant ses concurrents par ses surench\u00e8res maximalistes. Non seulement il ternit de son discr\u00e9dit personnel la cause de son peuple, mais il refuse, en\u00a01947, le plan de partage de la Palestine entre un Etat juif et un Etat arabe, pr\u00e9cipitant un conflit d\u00e9sastreux pour la population palestinienne.<\/p>\n<p class=\"reading-mode-only \"><strong>Il vous reste 60.05% de cet article \u00e0 lire. La suite est r\u00e9serv\u00e9e aux abonn\u00e9s.<\/strong><\/p>\n","protected":false},"excerpt":{"rendered":"Le nationalisme palestinien a toujours souffert d\u2019un rapport de force \u00e9crasant en faveur du mouvement sioniste, puis de&hellip;\n","protected":false},"author":2,"featured_media":355930,"comment_status":"","ping_status":"","sticky":false,"template":"","format":"standard","meta":{"footnotes":""},"categories":[5],"tags":[11,1011,27,14,12,28],"class_list":{"0":"post-355929","1":"post","2":"type-post","3":"status-publish","4":"format-standard","5":"has-post-thumbnail","7":"category-international","8":"tag-actualites","9":"tag-fr","10":"tag-france","11":"tag-international","12":"tag-news","13":"tag-world"},"share_on_mastodon":{"url":"https:\/\/pubeurope.com\/@fr\/115121773862194603","error":""},"_links":{"self":[{"href":"https:\/\/www.europesays.com\/fr\/wp-json\/wp\/v2\/posts\/355929","targetHints":{"allow":["GET"]}}],"collection":[{"href":"https:\/\/www.europesays.com\/fr\/wp-json\/wp\/v2\/posts"}],"about":[{"href":"https:\/\/www.europesays.com\/fr\/wp-json\/wp\/v2\/types\/post"}],"author":[{"embeddable":true,"href":"https:\/\/www.europesays.com\/fr\/wp-json\/wp\/v2\/users\/2"}],"replies":[{"embeddable":true,"href":"https:\/\/www.europesays.com\/fr\/wp-json\/wp\/v2\/comments?post=355929"}],"version-history":[{"count":0,"href":"https:\/\/www.europesays.com\/fr\/wp-json\/wp\/v2\/posts\/355929\/revisions"}],"wp:featuredmedia":[{"embeddable":true,"href":"https:\/\/www.europesays.com\/fr\/wp-json\/wp\/v2\/media\/355930"}],"wp:attachment":[{"href":"https:\/\/www.europesays.com\/fr\/wp-json\/wp\/v2\/media?parent=355929"}],"wp:term":[{"taxonomy":"category","embeddable":true,"href":"https:\/\/www.europesays.com\/fr\/wp-json\/wp\/v2\/categories?post=355929"},{"taxonomy":"post_tag","embeddable":true,"href":"https:\/\/www.europesays.com\/fr\/wp-json\/wp\/v2\/tags?post=355929"}],"curies":[{"name":"wp","href":"https:\/\/api.w.org\/{rel}","templated":true}]}}