{"id":355931,"date":"2025-08-31T05:39:11","date_gmt":"2025-08-31T05:39:11","guid":{"rendered":"https:\/\/www.europesays.com\/fr\/355931\/"},"modified":"2025-08-31T05:39:11","modified_gmt":"2025-08-31T05:39:11","slug":"ces-profs-qui-contractent-des-pacs-blancs-pour-obtenir-une-mutation","status":"publish","type":"post","link":"https:\/\/www.europesays.com\/fr\/355931\/","title":{"rendered":"ces profs qui contractent des \u00ab\u00a0pacs blancs\u00a0\u00bb pour obtenir une mutation"},"content":{"rendered":"<p>Pour faire face \u00e0 la difficile mobilit\u00e9 dans l&rsquo;\u00c9ducation nationale, certains professeurs, souvent coinc\u00e9s dans une r\u00e9gion qui ne leur pla\u00eet pas et d\u00e9sireux de retrouver leurs proches, d\u00e9cident de r\u00e9aliser des \u00ab\u00a0pacs blancs\u00a0\u00bb, pourvoyeur de points inh\u00e9rents au syst\u00e8me de mutation. Quatre enseignants nous racontent.<\/p>\n<p>\u00ab\u00a0Bonjour, actuellement professeur stagiaire affect\u00e9 \u00e0 Reims, je recherche quelqu&rsquo;un vivant en Lorraine, pr\u00eat \u00e0 faire un Pacs pour me permettre de rentrer l&rsquo;ann\u00e9e prochaine\u00a0\u00bb. Sur le site \u00ab\u00a0Plan\u00e8te enseignant\u00a0\u00bb, cr\u00e9e par des enseignants pour des enseignants, ce type d&rsquo;annonces visant \u00ab\u00a0\u00e0 rechercher un partenaire de pacs\u00a0\u00bb <strong>pullule<\/strong>.<\/p>\n<p>Une demande \u00e9trange \u00e0 premi\u00e8re vue mais qui est bien connue dans le secteur de l&rsquo;\u00c9ducation nationale pour affronter le syst\u00e8me par points qui r\u00e9git les mutations. L&rsquo;objectif est simple: contracter un \u00ab\u00a0pacs blancs\u00a0\u00bb afin d&rsquo;obtenir des points et d\u00e9crocher la mutation souhait\u00e9e.<\/p>\n<p>Plus les acad\u00e9mies sont demand\u00e9es, comme en Bretagne ou dans le Sud-Ouest de la France, plus il faut un nombre important de points pour y acc\u00e9der, la priorit\u00e9 revenant \u00e0 celui qui en d\u00e9tient le plus. Se pacser permet d&rsquo;obtenir 150 points, soit 7 fois plus qu&rsquo;une ann\u00e9e d&rsquo;anciennet\u00e9.<\/p>\n<blockquote class=\"embed embed_quote\"><p>\u00ab\u00a0On ne peut pas quantifier cette pratique, car les coll\u00e8gues qui y recourent ne s&rsquo;en vantent pas, mais c&rsquo;est une tendance qui prend de l&rsquo;ampleur\u00a0\u00bb, note C\u00e9cile Suel, secr\u00e9taire nationale du syndicat des enseignants Se-Unsa, contact\u00e9e par BFMTV.<\/p><\/blockquote>\n<p>\u00ab\u00a0Tout simplement parce qu&rsquo;on a un gros probl\u00e8me de mobilit\u00e9 g\u00e9ographique dans l&rsquo;\u00c9ducation nationale, en raison de <a href=\"https:\/\/www.bfmtv.com\/societe\/plus-de-2-000-postes-non-pourvus-aux-concours-enseignants-la-penurie-de-profs-recule-t-elle_AN-202507040363.html\" title=\"Plus de 2.000 postes non pourvus aux concours enseignants: la p\u00e9nurie de profs recule-t-elle?\" class=\"internal_link\" rel=\"nofollow noopener\" target=\"_blank\">la p\u00e9nurie d&rsquo;enseignants<\/a>, certaines r\u00e9gions deviennent difficiles \u00e0 quitter\u00a0\u00bb, explique-t-elle. \u00ab\u00a0Les possibilit\u00e9s de changer de r\u00e9gions sont de plus en plus bouch\u00e9es.\u00a0\u00bb<\/p>\n<p>Contact\u00e9 par BFMTV, le minist\u00e8re de l\u2019\u00c9ducation nationale prend ses distances avec cette pratique. \u00ab\u00a0Il n\u2019appartient pas au minist\u00e8re (&#8230;) de v\u00e9rifier si Pacs est l\u00e9gal ou non. Il s\u2019agit d\u2019une mesure de justice et non d\u2019administration. Le minist\u00e8re (&#8230;) ne v\u00e9rifie pas ce qui se passe dans la vie priv\u00e9e des agents\u00a0\u00bb, affirme le bureau de presse.<\/p>\n<p>\u00ab\u00a0Je lui ai revers\u00e9 de l&rsquo;argent en contrepartie\u00a0\u00bb<\/p>\n<p>Les jeunes entrants sont les premiers \u00e0 payer les pots cass\u00e9s du syst\u00e8me par points. Le nombre de points d\u00e9pendant en partie de l&rsquo;anciennet\u00e9, il leur est difficile de rivaliser avec leurs a\u00een\u00e9s. \u00ab\u00a0Faire un pacs blanc est le seul moyen\u00a0\u00bb, nous assure Laura*, 24 ans.<\/p>\n<p>\u00c0 l&rsquo;issue du stage qui suit l&rsquo;obtention du concours, la jeune femme &#8211; avec seulement 14 points en poche &#8211; ne peut viser que les acad\u00e9mies de Cr\u00e9teil, Versailles, Mayotte ou la Guyane. Des destinations qui ne lui plaisent gu\u00e8re. \u00ab\u00a0Je voulais travailler dans le sud, donc je me suis pacs\u00e9 avec un ami non-prof qui a accept\u00e9\u00a0\u00bb, raconte Laura qui a pris connaissance de cette astuce aussit\u00f4t arriv\u00e9e dans le m\u00e9tier. \u00ab\u00a0Comme le pacs supprime la prime d&rsquo;activit\u00e9, je lui ai revers\u00e9 de l&rsquo;argent en contrepartie\u00a0\u00bb, souligne-t-elle.<\/p>\n<p>Apr\u00e8s un an pass\u00e9 dans l&rsquo;acad\u00e9mie de Versailles et gr\u00e2ce aux \u00ab\u00a0points de s\u00e9paration\u00a0\u00bb dus \u00e0 l&rsquo;\u00e9loignement g\u00e9ographique avec son faux conjoint, la professeure de math\u00e9matiques obtient gain de cause. \u00ab\u00a0Les profs de math sont tellement demand\u00e9s partout, que c&rsquo;\u00e9tait plus facile pour moi\u00a0\u00bb, note Laura.<\/p>\n<p>Les pacs blancs, \u00ab\u00a0un cercle vicieux\u00a0\u00bb<\/p>\n<p>Toutes les disciplines ne sont en effet pas log\u00e9es \u00e0 la m\u00eame enseigne. Pour certaines, peu de postes sont \u00e0 pourvoir compar\u00e9 aux effectifs, les mutations sont ainsi plus difficiles \u00e0 obtenir. Romain*, 33 ans, professeur d&rsquo;EPS, en a fait le constat.<\/p>\n<p>Mut\u00e9 en Seine-Saint-Denis apr\u00e8s son stage, il souhaite retourner dans l&rsquo;acad\u00e9mie de Grenoble. Non pas parce qu&rsquo;il rencontre des difficult\u00e9s dans son travail mais parce que son cadre de vie ne lui convient pas. \u00ab\u00a0En tant que professeur, on est pay\u00e9 pareil que l&rsquo;on soit en r\u00e9gion parisienne ou ailleurs\u00a0\u00bb, pointe Romain interrog\u00e9 par BFMTV.com. \u00ab\u00a0Puis, j&rsquo;avais mes amis, ma famille vers Grenoble\u00a0\u00bb.<\/p>\n<p>En poste dans un coll\u00e8ge d&rsquo;\u00e9ducation prioritaire depuis cinq ans, et malgr\u00e9 la bonification de points que cela apporte, le syst\u00e8me ne lui permet toujours pas d&rsquo;exaucer son voeu. \u00ab\u00a0Je me r\u00e9sous donc \u00e0 faire un pacs blanc\u00a0\u00bb, confie-t-il.<\/p>\n<blockquote class=\"embed embed_quote\"><p>\u00ab\u00a0Je connais l&rsquo;astuce depuis ma premi\u00e8re ann\u00e9e car des coll\u00e8gues m&rsquo;en ont parl\u00e9, mais \u00e0 la base je ne voulais pas participer \u00e0 ce syst\u00e8me\u00a0\u00bb, assure-t-il. \u00ab\u00a0C&rsquo;est un cercle vicieux, cela fait exploser les points, augmenter les bar\u00e8mes\u00a0\u00bb. Mais \u00ab\u00a0vu que tout le monde le fait&#8230;\u00a0\u00bb.<\/p><\/blockquote>\n<p>Des amis sollicit\u00e9s<\/p>\n<p>Romain ne souhaite rester sur le carreau. ll se pacse avec une amie \u00ab\u00a0non-prof\u00a0\u00bb qui vient de trouver un travail dans l&rsquo;acad\u00e9mie de Grenoble. \u00ab\u00a0Je ne voulais pas le faire avec n&rsquo;importe qui\u00a0\u00bb, notamment \u00e0 cause de la d\u00e9claration commune de revenus, nous explique le trentenaire. Bingo, cette manoeuvre qui dure \u00ab\u00a0dix minutes \u00e0 la mairie\u00a0\u00bb lui permet de rentrer dans le sud-est l&rsquo;ann\u00e9e d&rsquo;apr\u00e8s.<\/p>\n<p>Pour Arthur*, \u00e9galement professeur d&rsquo;EPS, le pacs blanc lui \u00ab\u00a0a sauv\u00e9 les meubles\u00a0\u00bb. Il a pens\u00e9 lui-m\u00eame \u00e0 cette astuce \u00ab\u00a0apr\u00e8s l&rsquo;\u00e9chec de sa premi\u00e8re mutation\u00a0\u00bb.<\/p>\n<p>\u00ab\u00a0Je ne connaissais pas tr\u00e8s bien le syst\u00e8me, mais j&rsquo;ai compris que ce n&rsquo;\u00e9tait pas comme pour le stage, par rapport au m\u00e9rite, mais par rapport \u00e0 l&rsquo;exp\u00e9rience et \u00e0 la vie priv\u00e9e, au pacs, au mariage\u00a0\u00bb, d\u00e9crit-il.<\/p>\n<blockquote class=\"embed embed_quote\"><p>\u00ab\u00a0J&rsquo;ai commenc\u00e9 \u00e0 faire mes calculs, et je me suis dit &lsquo;il va falloir faire quelque chose&rsquo;. Il me restait sinon encore sept ann\u00e9es \u00e0 faire hors de la r\u00e9gion centre que je voulais rejoindre\u00a0\u00bb, abonde le professeur alors mut\u00e9 dans les Yvelines.<\/p><\/blockquote>\n<p>\u00ab\u00a0L\u00e0-bas, je ne connaissais personne. J&rsquo;avais ma famille, ma copine, absolument tout, sur Tours. Puis j&rsquo;avais aussi un emploi dans le foot donc cela multipliait les allers-retours, avec beaucoup de frais, de fatigue\u00a0\u00bb pr\u00e9cise Arthur qui d\u00e9crit \u00ab\u00a0une situation un peu invivable\u00a0\u00bb.<\/p>\n<p>Son pacs, il ne l&rsquo;a pas fait avec sa copine: \u00ab\u00a0c&rsquo;\u00e9tait une nouvelle relation, je ne voulais pas m&rsquo;engager dans un pacs et vu qu&rsquo;elle n&rsquo;avait pas de CDI, le rapprochement de conjoint n&rsquo;aurait pas fonctionn\u00e9\u00a0\u00bb, explique le professeur. \u00ab\u00a0J&rsquo;ai trouv\u00e9 un ami qui m&rsquo;a dit oui, et on l&rsquo;a fait\u00a0\u00bb.<\/p>\n<p>\u00ab\u00a0On nous a demand\u00e9 de nous embrasser, on n&rsquo;\u00e9tait pas tr\u00e8s chauds\u00a0\u00bb<\/p>\n<p>Si pour Arthur, le pacs blanc n&rsquo;a pas \u00e9t\u00e9 source de discorde au sein de son couple, il en a \u00e9t\u00e9 autrement pour Cl\u00e9ment*. \u00ab\u00a0D\u00e8s que j&rsquo;ai eu le concours, des amis m&rsquo;ont dit qu&rsquo;il fallait absolument que je me pacs. Je suis all\u00e9e voir ma compagne de l&rsquo;\u00e9poque pour le lui demander en expliquant que j&rsquo;avais besoin de points\u00a0\u00bb, nous raconte-t-il.<\/p>\n<blockquote class=\"embed embed_quote\"><p>\u00ab\u00a0J&rsquo;ai compris dans son regard que c&rsquo;\u00e9tait trop t\u00f4t, elle a d\u00fb se dire que je d\u00e9bloquais compl\u00e9tement. Cela a cr\u00e9\u00e9 de grosses tensions dans notre couple\u00a0\u00bb.<\/p><\/blockquote>\n<p>Mais le jeune professeur, alors \u00e2g\u00e9 de 20 ans, ne souhaite pas l\u00e2cher l&rsquo;affaire. Il convaint son colocataire, et entra\u00eeneur de natation, de se pacser avant la fin du mois d&rsquo;ao\u00fbt, date butoir pour que les points soient pris en compte lors du prochain mouvement.<\/p>\n<p>\u00ab\u00a0La mairie a \u00e9t\u00e9 une sacr\u00e9e exp\u00e9rience. On nous a demand\u00e9 de nous embrasser, on n&rsquo;\u00e9tait pas tr\u00e8s chauds\u00a0\u00bb, plaisante-t-il. Puis la secr\u00e9taire de la mairie a compris. \u00ab\u00a0Elle nous a demand\u00e9 si l&rsquo;un de nous d&rsquo;eux \u00e9tait dans l&rsquo;\u00c9ducation nationale&rsquo;,\u00a0\u00bb relate Cl\u00e9ment qui pr\u00e9cise que sur dix personnes ayant eu le concours dans son entourage, trois ont \u00e9tabli des pacs par arrangement.<\/p>\n<p>Si jusqu&rsquo;ici, les points obtenus gr\u00e2ce au pacs ont permis au jeune professeur d&rsquo;EPS d&rsquo;\u00e9viter Paris comme il le voulait \u00ab\u00a0absolument\u00a0\u00bb, il n&rsquo;a toujours pas r\u00e9ussi \u00e0 rejoindre sa r\u00e9gion natale, la Bourgogne. Et pour lui, cette issue n&rsquo;est pas n\u00e9gociable, quitte \u00e0 remettre en question son poste d&rsquo;enseignant.<\/p>\n<p>\u00ab\u00a0Je suis en train d&rsquo;acheter une maison avec ma compagne. Si d&rsquo;ici quatre ans, je ne suis pas retourn\u00e9 en Bourgogne, je prendrais une d\u00e9cision\u00a0\u00bb, affirme-t-il. Repasser le concours dans le priv\u00e9 et ainsi choisir son lieu de travail? Devenir professeur contractuel? Changer totalement de m\u00e9tier? Toutes les options sont sur la table. \u00ab\u00a0Je ferais passer ma vie perso avant ma vie pro\u00a0\u00bb, assure Cl\u00e9ment. \u00ab\u00a0Ce syst\u00e8me est violent psychologiquement pour les gens\u00a0\u00bb.<\/p>\n<p>*Les pr\u00e9noms ont \u00e9t\u00e9 modifi\u00e9s.<\/p>\n","protected":false},"excerpt":{"rendered":"Pour faire face \u00e0 la difficile mobilit\u00e9 dans l&rsquo;\u00c9ducation nationale, certains professeurs, souvent coinc\u00e9s dans une r\u00e9gion qui&hellip;\n","protected":false},"author":2,"featured_media":355932,"comment_status":"","ping_status":"","sticky":false,"template":"","format":"standard","meta":{"footnotes":""},"categories":[4],"tags":[11,1011,27,12,25],"class_list":{"0":"post-355931","1":"post","2":"type-post","3":"status-publish","4":"format-standard","5":"has-post-thumbnail","7":"category-france","8":"tag-actualites","9":"tag-fr","10":"tag-france","11":"tag-news","12":"tag-republique-francaise"},"share_on_mastodon":{"url":"https:\/\/pubeurope.com\/@fr\/115121773914676079","error":""},"_links":{"self":[{"href":"https:\/\/www.europesays.com\/fr\/wp-json\/wp\/v2\/posts\/355931","targetHints":{"allow":["GET"]}}],"collection":[{"href":"https:\/\/www.europesays.com\/fr\/wp-json\/wp\/v2\/posts"}],"about":[{"href":"https:\/\/www.europesays.com\/fr\/wp-json\/wp\/v2\/types\/post"}],"author":[{"embeddable":true,"href":"https:\/\/www.europesays.com\/fr\/wp-json\/wp\/v2\/users\/2"}],"replies":[{"embeddable":true,"href":"https:\/\/www.europesays.com\/fr\/wp-json\/wp\/v2\/comments?post=355931"}],"version-history":[{"count":0,"href":"https:\/\/www.europesays.com\/fr\/wp-json\/wp\/v2\/posts\/355931\/revisions"}],"wp:featuredmedia":[{"embeddable":true,"href":"https:\/\/www.europesays.com\/fr\/wp-json\/wp\/v2\/media\/355932"}],"wp:attachment":[{"href":"https:\/\/www.europesays.com\/fr\/wp-json\/wp\/v2\/media?parent=355931"}],"wp:term":[{"taxonomy":"category","embeddable":true,"href":"https:\/\/www.europesays.com\/fr\/wp-json\/wp\/v2\/categories?post=355931"},{"taxonomy":"post_tag","embeddable":true,"href":"https:\/\/www.europesays.com\/fr\/wp-json\/wp\/v2\/tags?post=355931"}],"curies":[{"name":"wp","href":"https:\/\/api.w.org\/{rel}","templated":true}]}}