{"id":355935,"date":"2025-08-31T05:41:09","date_gmt":"2025-08-31T05:41:09","guid":{"rendered":"https:\/\/www.europesays.com\/fr\/355935\/"},"modified":"2025-08-31T05:41:09","modified_gmt":"2025-08-31T05:41:09","slug":"les-verts-freines-dans-leur-elan","status":"publish","type":"post","link":"https:\/\/www.europesays.com\/fr\/355935\/","title":{"rendered":"Les Verts frein\u00e9s dans leur \u00e9lan"},"content":{"rendered":"<p>Dans un Chaudron bouillant et \u00e0 guichets ferm\u00e9s, l\u2019AS Saint-\u00c9tienne accueillait son voisin grenoblois pour poursuivre leur s\u00e9rie de victoire. <\/p>\n<p>Conscients de l&rsquo;enjeu, les Verts prennent les r\u00eanes du match d\u00e8s les premi\u00e8res minutes,. Dominateurs dans le jeu, ils imposent leur rythme face \u00e0 des Grenoblois bien organis\u00e9s mais souvent d\u00e9pass\u00e9s dans les duels. L\u2019une des meilleures opportunit\u00e9s st\u00e9phanoises intervient lorsque J. Duffus d\u00e9borde la d\u00e9fense du GF38. L\u2019attaquant st\u00e9phanois se pr\u00e9sente seul face \u00e0 M. Diop, mais bute sur le gardien.<\/p>\n<p>Le Chaudron explose finalement sur un coup du sort. Sur une grossi\u00e8re erreur technique de S. Mambo, M. Nad\u00e9 anticipe, r\u00e9cup\u00e8re le ballon dans la surface et ajuste parfaitement Diop d\u2019un tir crois\u00e9 du pied droit.\u00a0<\/p>\n<p><strong>Un second acte plus compliqu\u00e9<\/strong><\/p>\n<p>\u00c0 la pause, Horneland est contraint de modifier son entrejeu : M. Jabber et A. Moueffek doivent c\u00e9der leur place, laissant un vide dans l\u2019animation du jeu. Les Verts peinent alors \u00e0 retrouver leur fluidit\u00e9 et perdent peu \u00e0 peu le contr\u00f4le du match.<\/p>\n<p>Malgr\u00e9 tout, quelques \u00e9clairs subsistent. M. Bernauer, inspir\u00e9, lance id\u00e9alement I. Cardona en profondeur, mais ce dernier perd son duel face \u00e0 Diop, encore imp\u00e9rial.<\/p>\n<p>L\u2019ASSE ne parvient pas \u00e0 tuer le match et finit par le payer cher. Sur leur seule v\u00e9ritable incursion, les Grenoblois \u00e9galisent : Y. Diaby s\u2019\u00e9l\u00e8ve au milieu de la d\u00e9fense verte pour placer une t\u00eate imparable.\u00a0<\/p>\n<p><strong>Un nul frustrant<\/strong><\/p>\n<p>R\u00e9duits \u00e0 dix en fin de match, les visiteurs subissent les assauts st\u00e9phanois, mais ces derniers manquent de pr\u00e9cision et de tranchant pour faire la diff\u00e9rence. Le score ne bougera plus. L\u2019ASSE laisse filer deux points pr\u00e9cieux et rate une occasion de virer seule en t\u00eate de la Ligue 2.<\/p>\n<p>Un nul au go\u00fbt amer, au vu du nombre de tentatives st\u00e9phanoises. Il faudra r\u00e9agir apr\u00e8s la tr\u00eave pour repartir de l\u2019avant.<\/p>\n<p>Y. Bouhaddane\u00a0<\/p>\n","protected":false},"excerpt":{"rendered":"Dans un Chaudron bouillant et \u00e0 guichets ferm\u00e9s, l\u2019AS Saint-\u00c9tienne accueillait son voisin grenoblois pour poursuivre leur s\u00e9rie&hellip;\n","protected":false},"author":2,"featured_media":355936,"comment_status":"","ping_status":"","sticky":false,"template":"","format":"standard","meta":{"footnotes":""},"categories":[9653],"tags":[1111,11,2430,1777,674,1011,27,12,25,4001],"class_list":{"0":"post-355935","1":"post","2":"type-post","3":"status-publish","4":"format-standard","5":"has-post-thumbnail","7":"category-saint-etienne","8":"tag-actu","9":"tag-actualites","10":"tag-auvergne-rhone-alpes","11":"tag-eu","12":"tag-europe","13":"tag-fr","14":"tag-france","15":"tag-news","16":"tag-republique-francaise","17":"tag-saint-etienne"},"share_on_mastodon":{"url":"https:\/\/pubeurope.com\/@fr\/115121781847932952","error":""},"_links":{"self":[{"href":"https:\/\/www.europesays.com\/fr\/wp-json\/wp\/v2\/posts\/355935","targetHints":{"allow":["GET"]}}],"collection":[{"href":"https:\/\/www.europesays.com\/fr\/wp-json\/wp\/v2\/posts"}],"about":[{"href":"https:\/\/www.europesays.com\/fr\/wp-json\/wp\/v2\/types\/post"}],"author":[{"embeddable":true,"href":"https:\/\/www.europesays.com\/fr\/wp-json\/wp\/v2\/users\/2"}],"replies":[{"embeddable":true,"href":"https:\/\/www.europesays.com\/fr\/wp-json\/wp\/v2\/comments?post=355935"}],"version-history":[{"count":0,"href":"https:\/\/www.europesays.com\/fr\/wp-json\/wp\/v2\/posts\/355935\/revisions"}],"wp:featuredmedia":[{"embeddable":true,"href":"https:\/\/www.europesays.com\/fr\/wp-json\/wp\/v2\/media\/355936"}],"wp:attachment":[{"href":"https:\/\/www.europesays.com\/fr\/wp-json\/wp\/v2\/media?parent=355935"}],"wp:term":[{"taxonomy":"category","embeddable":true,"href":"https:\/\/www.europesays.com\/fr\/wp-json\/wp\/v2\/categories?post=355935"},{"taxonomy":"post_tag","embeddable":true,"href":"https:\/\/www.europesays.com\/fr\/wp-json\/wp\/v2\/tags?post=355935"}],"curies":[{"name":"wp","href":"https:\/\/api.w.org\/{rel}","templated":true}]}}