{"id":355937,"date":"2025-08-31T05:42:17","date_gmt":"2025-08-31T05:42:17","guid":{"rendered":"https:\/\/www.europesays.com\/fr\/355937\/"},"modified":"2025-08-31T05:42:17","modified_gmt":"2025-08-31T05:42:17","slug":"les-reactions-a-chaud-dhorneland-et-rizzetto","status":"publish","type":"post","link":"https:\/\/www.europesays.com\/fr\/355937\/","title":{"rendered":"Les r\u00e9actions \u00e0 chaud d&rsquo;Horneland et Rizzetto !"},"content":{"rendered":"<p><strong>L\u2019AS Saint-Etienne (ASSE) recevait Grenoble dans le Chaudron ce samedi soir pour le compte de la 4\u00e8me journ\u00e9e de Ligue 2. D\u00e8s le coup de sifflet final, Eirik Horneland et Franck Rizzetto ont r\u00e9agi \u00e0 chaud \u00e0 la rencontre, au micro du diffuseur, Bein Sports.<\/strong><\/p>\n<p data-start=\"117\" data-end=\"448\"><strong>Franck Rizzetto (Entra\u00eeneur de Grenoble) :<\/strong> \u00ab On connaissait la qualit\u00e9 de cette \u00e9quipe, il \u00e9tait donc essentiel d\u2019\u00eatre disciplin\u00e9s et rigoureux. Ils ont eu quelques situations, mais pas de grosses occasions. Notre gardien n\u2019a pas eu tant d\u2019arr\u00eats \u00e0 effectuer, ce qui prouve que tout le bloc a bien travaill\u00e9, surtout en premi\u00e8re mi-temps. \u00bb<\/p>\n<p data-start=\"450\" data-end=\"850\">\u00ab C\u2019est vrai qu\u2019il y a eu des petits \u00e9l\u00e9ments qui n\u2019ont pas tourn\u00e9 en notre faveur. Sur le premier but, par exemple, il marche un peu sur le ballon, il veut la d\u00e9vier et on conc\u00e8de un but. On prend aussi un rouge\u2026 Bref, plusieurs faits qui nous ont p\u00e9nalis\u00e9s. Mais j\u2019ai un groupe qui a toujours envie de faire mieux. Il faut corriger ces erreurs, continuer \u00e0 progresser et garder de la rigueur. \u00bb<\/p>\n<p>\u00ab\u00a0On aimerait produire un jeu plus l\u00e9ch\u00e9, comme peut le faire Saint-\u00c9tienne\u00a0\u00bb<\/p>\n<p data-start=\"852\" data-end=\"1220\">\u00ab \u00c9videmment, on aimerait produire un jeu plus l\u00e9ch\u00e9, comme peut le faire Saint-\u00c9tienne par moments. Mais j\u2019aime le jeu de mon \u00e9quipe, la fa\u00e7on dont elle essaie de construire. Je pousse mes joueurs \u00e0 le faire. Apr\u00e8s, il y a forc\u00e9ment des erreurs ou des situations qu\u2019on doit mieux exploiter. On aimerait tendre vers z\u00e9ro d\u00e9chet, mais \u00e7a fait partie du processus. \u00bb<\/p>\n<p data-start=\"1222\" data-end=\"1548\">\u00ab \u00c0 un moment donn\u00e9, il faut sentir les choses, les voir et les r\u00e9aliser plus vite. Parfois, on a ce petit temps de retard, ou on ne per\u00e7oit pas bien l\u2019action. On pousse les joueurs \u00e0 aller de l\u2019avant, \u00e0 jouer plus juste, mais sur le terrain ce sont eux qui doivent d\u00e9cider. C\u2019est l\u00e0-dessus qu\u2019on peut encore progresser. \u00bb<\/p>\n<p data-start=\"1550\" data-end=\"1795\">\u00ab On conna\u00eet notre budget. On fera au mieux, et on va essayer de se renforcer, notamment en attaque. Parce que, certes, on a marqu\u00e9 un but depuis le d\u00e9but du championnat, mais quand on a des occasions, il faut \u00eatre beaucoup plus r\u00e9alistes. \u00bb<\/p>\n<p data-start=\"1550\" data-end=\"1795\"><strong>Eirik Horneland (Entra\u00eeneur de l&rsquo;ASSE) : <\/strong>\u00ab Ce n\u2019\u00e9tait pas un tr\u00e8s bon match. Nous avons eu beaucoup de possession et plusieurs occasions, mais nous n\u2019avons pas assez concr\u00e9tis\u00e9. D\u00e9fensivement, l\u2019\u00e9quipe a su revenir dans ses temps faibles, mais offensivement, nous n\u2019avons pas fait assez pour un match \u00e0 domicile. \u00bb<\/p>\n<p data-start=\"405\" data-end=\"658\">\u00ab Il y avait de l\u2019intensit\u00e9, oui, mais dans le dernier tiers nous avons manqu\u00e9 de pr\u00e9cision et de tirs cadr\u00e9s. Nous voulions davantage d\u00e9border sur les c\u00f4t\u00e9s pour cr\u00e9er des opportunit\u00e9s, mais cela n\u2019a pas suffi. Malgr\u00e9 tout, nous prenons ce point. \u00bb<\/p>\n<p>\u00ab\u00a0Stassin retrouve du rythme\u00a0\u00bb<\/p>\n<p data-start=\"660\" data-end=\"980\">\u00ab La tr\u00eave internationale va nous permettre de travailler, m\u00eame si beaucoup de joueurs partent en s\u00e9lection. Nous esp\u00e9rons les r\u00e9cup\u00e9rer en forme \u00e0 leur retour. <a href=\"https:\/\/peuple-vert.fr\/joueurs\/lucas-stassin\/\" rel=\"nofollow noopener\" target=\"_blank\">Stassin<\/a> retrouve du rythme, Moueffek aussi revient bien physiquement. Nous avons encore quelques manques, mais je suis convaincu que cela va s\u2019am\u00e9liorer. \u00bb<\/p>\n<p data-start=\"982\" data-end=\"1375\">\u00ab Concernant Stassin, ce n\u2019\u00e9tait pas une semaine simple pour lui. Il ne s\u2019est entra\u00een\u00e9 que vendredi, il n\u2019\u00e9tait donc pas pr\u00eat pour d\u00e9buter. Nous avons choisi de commencer avec Duffus aujourd\u2019hui. Malheureusement, avec le carton rouge et les changements n\u00e9cessaires \u00e0 la mi-temps, nous n\u2019avons pas pu lui donner autant de temps de jeu que pr\u00e9vu. C\u2019est pour cela qu\u2019il est entr\u00e9 plus tard. \u00bb<\/p>\n<p data-start=\"1377\" data-end=\"1755\">\u00ab Notre ambition est claire : nous voulons avoir l\u2019initiative dans chaque match et \u00eatre la meilleure \u00e9quipe sur le terrain. Mais tous les adversaires peuvent nous faire mal, on l\u2019a encore vu aujourd\u2019hui. Chaque fois qu\u2019ils se cr\u00e9ent une occasion, cela devient dangereux. Nous devons donc progresser dans l\u2019organisation, mieux contr\u00f4ler le jeu et surtout rester concentr\u00e9s. \u00bb<\/p>\n","protected":false},"excerpt":{"rendered":"L\u2019AS Saint-Etienne (ASSE) recevait Grenoble dans le Chaudron ce samedi soir pour le compte de la 4\u00e8me journ\u00e9e&hellip;\n","protected":false},"author":2,"featured_media":355938,"comment_status":"","ping_status":"","sticky":false,"template":"","format":"standard","meta":{"footnotes":""},"categories":[9653],"tags":[1111,11,2430,1777,674,1011,27,12,25,4001],"class_list":{"0":"post-355937","1":"post","2":"type-post","3":"status-publish","4":"format-standard","5":"has-post-thumbnail","7":"category-saint-etienne","8":"tag-actu","9":"tag-actualites","10":"tag-auvergne-rhone-alpes","11":"tag-eu","12":"tag-europe","13":"tag-fr","14":"tag-france","15":"tag-news","16":"tag-republique-francaise","17":"tag-saint-etienne"},"share_on_mastodon":{"url":"https:\/\/pubeurope.com\/@fr\/115121785580985162","error":""},"_links":{"self":[{"href":"https:\/\/www.europesays.com\/fr\/wp-json\/wp\/v2\/posts\/355937","targetHints":{"allow":["GET"]}}],"collection":[{"href":"https:\/\/www.europesays.com\/fr\/wp-json\/wp\/v2\/posts"}],"about":[{"href":"https:\/\/www.europesays.com\/fr\/wp-json\/wp\/v2\/types\/post"}],"author":[{"embeddable":true,"href":"https:\/\/www.europesays.com\/fr\/wp-json\/wp\/v2\/users\/2"}],"replies":[{"embeddable":true,"href":"https:\/\/www.europesays.com\/fr\/wp-json\/wp\/v2\/comments?post=355937"}],"version-history":[{"count":0,"href":"https:\/\/www.europesays.com\/fr\/wp-json\/wp\/v2\/posts\/355937\/revisions"}],"wp:featuredmedia":[{"embeddable":true,"href":"https:\/\/www.europesays.com\/fr\/wp-json\/wp\/v2\/media\/355938"}],"wp:attachment":[{"href":"https:\/\/www.europesays.com\/fr\/wp-json\/wp\/v2\/media?parent=355937"}],"wp:term":[{"taxonomy":"category","embeddable":true,"href":"https:\/\/www.europesays.com\/fr\/wp-json\/wp\/v2\/categories?post=355937"},{"taxonomy":"post_tag","embeddable":true,"href":"https:\/\/www.europesays.com\/fr\/wp-json\/wp\/v2\/tags?post=355937"}],"curies":[{"name":"wp","href":"https:\/\/api.w.org\/{rel}","templated":true}]}}