{"id":355939,"date":"2025-08-31T05:55:47","date_gmt":"2025-08-31T05:55:47","guid":{"rendered":"https:\/\/www.europesays.com\/fr\/355939\/"},"modified":"2025-08-31T05:55:47","modified_gmt":"2025-08-31T05:55:47","slug":"football-un-nouveau-joueur-qui-va-decouvrir-picot-une-autre-recrue-qui-nest-pas-qualifiee-decouvrez-le-groupe-de-las-nancy-lorraine-pour-la-reception-de-pau","status":"publish","type":"post","link":"https:\/\/www.europesays.com\/fr\/355939\/","title":{"rendered":"Football Un nouveau joueur qui va d\u00e9couvrir Picot, une autre recrue qui n\u2019est pas qualifi\u00e9e\u2026 D\u00e9couvrez le groupe de l\u2019AS Nancy Lorraine pour la r\u00e9ception de Pau"},"content":{"rendered":"<p>ASNL &#8211; Pau<\/p>\n<p>Ce vendredi (20 h)<\/p>\n<p>On ne change pas un groupe qui gagne. Par rapport \u00e0 <a href=\"https:\/\/www.estrepublicain.fr\/sport\/2025\/08\/22\/suivez-le-match-dunkerque-as-nancy-lorraine-en-notre-compagnie#:~:text=Direct%20L%27ASNL%20s%27impose,%C3%A9touffer%20l%27ardeur%20des%20Nordistes.\" target=\"_blank\" rel=\"noopener\"> la victoire \u00e0 Dunkerque (1-3)<\/a> , Pablo Correa a convoqu\u00e9 les m\u00eames dix-huit joueurs pour la r\u00e9ception du FC Pau, ce vendredi \u00e0 Marcel-Picot, plus Bakari Camara. Une continuit\u00e9 que l\u2019on pourrait \u00e9galement retrouver dans le \u00ab\u00a0onze\u00a0\u00bb de d\u00e9part face aux Palois.\u00a0En ce d\u00e9but de saison, Pablo Correa est parvenu \u00e0 d\u00e9gager imm\u00e9diatement une ossature d\u2019\u00e9quipe qui encha\u00eene les excellents r\u00e9sultats. Il faut surfer sur la vague\u00a0!<\/p>\n<p>\u00c0 signaler, quand m\u00eame, que ce sera la premi\u00e8re \u00e0 Marcel-Picot du nouveau piston droit <a href=\"https:\/\/www.estrepublicain.fr\/sport\/2025\/08\/22\/l-homme-cle-du-match-dunkerque-as-nancy-lorraine-rayan-bamba-dans-tous-les-bons-coups-pour-sa-grande-premiere\" target=\"_blank\" rel=\"noopener\">Rayan Bamba<\/a> , apr\u00e8s son bapt\u00eame du feu particuli\u00e8rement r\u00e9ussi chez les Dunkerquois une semaine plus t\u00f4t. Le dernier joueur recrut\u00e9, <a href=\"https:\/\/www.estrepublicain.fr\/sport\/2025\/08\/27\/l-as-nancy-lorraine-valide-sa-septieme-recrue-estivale-elydjah-mendy-(dijon)\" target=\"_blank\" rel=\"noopener\">le d\u00e9fenseur Elydjah Mendy venu de Dijon,<\/a> n\u2019est pas encore qualifi\u00e9, quant \u00e0 lui. Martin Sourzac et Adrian Dabasse restent, de leur c\u00f4t\u00e9, en phase de reprise.<\/p>\n<p><strong>Le groupe nanc\u00e9ien\u00a0:<\/strong> Basilio, Julloux, Saint-Ruf, Fernandez, Bamba, Carlier, Bouriaud, Camara, Exp\u00e9rience, Bouabdeli, Bokangu, Fdaouch, No\u00ebl, Sidib\u00e9, Ouotro, Nahounou, Suljic, Evans, Maouassa<\/p>\n<p>Absents\u00a0: El Hansar, Ztouti, Tacafred (choix), Dabasse, Sourzac (bless\u00e9s), Mendy (non-qualifi\u00e9)<\/p>\n","protected":false},"excerpt":{"rendered":"ASNL &#8211; Pau Ce vendredi (20 h) On ne change pas un groupe qui gagne. Par rapport \u00e0&hellip;\n","protected":false},"author":2,"featured_media":355940,"comment_status":"","ping_status":"","sticky":false,"template":"","format":"standard","meta":{"footnotes":""},"categories":[9635],"tags":[1111,11,3703,1707,1704,1706,1705,1777,674,107,1701,63,1011,27,775,1702,1703,12,25,517,1700],"class_list":{"0":"post-355939","1":"post","2":"type-post","3":"status-publish","4":"format-standard","5":"has-post-thumbnail","7":"category-nancy","8":"tag-actu","9":"tag-actualites","10":"tag-asnl","11":"tag-edition-luneville","12":"tag-edition-nancy-et-agglomeration","13":"tag-edition-pont-a-mousson","14":"tag-edition-toul","15":"tag-eu","16":"tag-europe","17":"tag-fil-info","18":"tag-fil-info-sport","19":"tag-football","20":"tag-fr","21":"tag-france","22":"tag-grand-est","23":"tag-nancy","24":"tag-nancy-ville-54b","25":"tag-news","26":"tag-republique-francaise","27":"tag-sport","28":"tag-sport-lorrain"},"share_on_mastodon":{"url":"https:\/\/pubeurope.com\/@fr\/115121840624615877","error":""},"_links":{"self":[{"href":"https:\/\/www.europesays.com\/fr\/wp-json\/wp\/v2\/posts\/355939","targetHints":{"allow":["GET"]}}],"collection":[{"href":"https:\/\/www.europesays.com\/fr\/wp-json\/wp\/v2\/posts"}],"about":[{"href":"https:\/\/www.europesays.com\/fr\/wp-json\/wp\/v2\/types\/post"}],"author":[{"embeddable":true,"href":"https:\/\/www.europesays.com\/fr\/wp-json\/wp\/v2\/users\/2"}],"replies":[{"embeddable":true,"href":"https:\/\/www.europesays.com\/fr\/wp-json\/wp\/v2\/comments?post=355939"}],"version-history":[{"count":0,"href":"https:\/\/www.europesays.com\/fr\/wp-json\/wp\/v2\/posts\/355939\/revisions"}],"wp:featuredmedia":[{"embeddable":true,"href":"https:\/\/www.europesays.com\/fr\/wp-json\/wp\/v2\/media\/355940"}],"wp:attachment":[{"href":"https:\/\/www.europesays.com\/fr\/wp-json\/wp\/v2\/media?parent=355939"}],"wp:term":[{"taxonomy":"category","embeddable":true,"href":"https:\/\/www.europesays.com\/fr\/wp-json\/wp\/v2\/categories?post=355939"},{"taxonomy":"post_tag","embeddable":true,"href":"https:\/\/www.europesays.com\/fr\/wp-json\/wp\/v2\/tags?post=355939"}],"curies":[{"name":"wp","href":"https:\/\/api.w.org\/{rel}","templated":true}]}}