{"id":355943,"date":"2025-08-31T06:02:11","date_gmt":"2025-08-31T06:02:11","guid":{"rendered":"https:\/\/www.europesays.com\/fr\/355943\/"},"modified":"2025-08-31T06:02:11","modified_gmt":"2025-08-31T06:02:11","slug":"deja-condamne-debut-aout-pour-vente-de-stupefiants-il-est-interpelle-quelques-jours-plus-tard-a-montpellier-et-ecope-cette-fois-dune-peine-de-prison","status":"publish","type":"post","link":"https:\/\/www.europesays.com\/fr\/355943\/","title":{"rendered":"D\u00e9j\u00e0 condamn\u00e9 d\u00e9but ao\u00fbt pour vente de stup\u00e9fiants, il est interpell\u00e9 quelques jours plus tard \u00e0 Montpellier et \u00e9cope cette fois d\u2019une peine de prison"},"content":{"rendered":"<p>\n                                                                Un Marocain de 26 ans a \u00e9t\u00e9 contr\u00f4l\u00e9 trois fois ce mois-ci en possession de stup\u00e9fiants sur le point de deal de Saint-Paul, \u00e0 la Mosson.\n                            <\/p>\n<p>Mohamed est un habitu\u00e9 du point de deal de Saint-Paul. Condamn\u00e9 pour vente de stup\u00e9fiants le 1er\u00a0ao\u00fbt, il a de nouveau \u00e9t\u00e9 contr\u00f4l\u00e9 le 7\u00a0ao\u00fbt, avec 1\u00a0g de coca\u00efne, alors qu\u2019il avait interdiction de para\u00eetre \u00e0 la Mosson.<\/p>\n<p><a href=\"https:\/\/www.midilibre.fr\/2025\/08\/27\/la-police-interrompt-une-transaction-de-stupefiants-en-plein-apres-midi-dans-le-quartier-de-la-mosson-a-montpellier-12894549.php\" target=\"_blank\" rel=\"nofollow noopener\">Rebelote le 25\u00a0ao\u00fbt, dans l\u2019apr\u00e8s-midi.<\/a>\u00a0Les policiers l\u2019ont de nouveau interpell\u00e9, \u00e0 l\u2019issue d\u2019une br\u00e8ve course-poursuite. Il \u00e9tait en possession de deux capsules de coca\u00efne, pour 1,58\u00a0g au total, une petite balance avec des traces de poudre et 20\u00a0g de r\u00e9sine de cannabis.<\/p>\n<p>\u00ab\u00a0Le sac \u00e9tait \u00e0 moi mais pas les stup\u00e9fiants, a-t-il affirm\u00e9 lors de son proc\u00e8s. Les policiers l\u2019ont ramass\u00e9 par terre.\u00a0\u00bb\u00a0S\u2019exprimant par le biais d\u2019une interpr\u00e8te, deux jours apr\u00e8s les faits, le Marocain \u00e2g\u00e9 de 26 ans n\u2019a pas \u00e9t\u00e9 tr\u00e8s convaincant.<\/p>\n<p>Il \u00e9tait vis\u00e9 par une obligation de quitter le territoire national depuis le 29\u00a0mai, avec interdiction d\u2019y revenir pendant deux ans. Il avait auparavant fait l\u2019objet d\u2019une mesure d\u2019\u00e9loignement par les autorit\u00e9s allemandes.<\/p>\n<p>Mari\u00e9 et p\u00e8re d\u2019un fils de quatre ans au Maroc, Mohamed avait commenc\u00e9 \u00e0 consommer des stup\u00e9fiants dans son pays natal. Il est arriv\u00e9 en France en passant par l\u2019Espagne, il y a deux ou trois ans. Il dit ne pas avoir d\u2019adresse fixe \u00e0 Montpellier.<\/p>\n<p>Douze mois de prison<\/p>\n<p>\u00ab\u00a0Il raconte n\u2019importe quoi, a lanc\u00e9 le procureur. Il affirme ne pas vendre de stup\u00e9fiants malgr\u00e9 la r\u00e9p\u00e9tition des faits. Et il a lui-m\u00eame d\u00e9clar\u00e9 une adresse \u00e0 Montpellier.\u00a0\u00bb Une peine de prison ferme a \u00e9t\u00e9 requise.<\/p>\n<p>\u00ab\u00a0\u00c0 26 ans, il vient d\u2019\u00eatre incarc\u00e9r\u00e9 pour la premi\u00e8re fois, a plaid\u00e9 son avocate. Il existe d\u2019autres peines que la prison. D\u2019autant qu\u2019il veut quitter la France.\u00a0\u00bb<\/p>\n<p>Les juges ont opt\u00e9 pour une peine de 6 mois d\u2019emprisonnement, ainsi que la r\u00e9vocation du sursis de 6 mois prononc\u00e9e le 1er\u00a0ao\u00fbt. Mohamed aura donc un an \u00e0 effectuer derri\u00e8re les barreaux. \u00c0 la sortie, il a interdiction du territoire fran\u00e7ais pendant deux ans.<\/p>\n","protected":false},"excerpt":{"rendered":"Un Marocain de 26 ans a \u00e9t\u00e9 contr\u00f4l\u00e9 trois fois ce mois-ci en possession de stup\u00e9fiants sur le&hellip;\n","protected":false},"author":2,"featured_media":355944,"comment_status":"","ping_status":"","sticky":false,"template":"","format":"standard","meta":{"footnotes":""},"categories":[9599],"tags":[1111,11,1777,674,1011,27,2208,12,2680,25],"class_list":{"0":"post-355943","1":"post","2":"type-post","3":"status-publish","4":"format-standard","5":"has-post-thumbnail","7":"category-montpellier","8":"tag-actu","9":"tag-actualites","10":"tag-eu","11":"tag-europe","12":"tag-fr","13":"tag-france","14":"tag-montpellier","15":"tag-news","16":"tag-occitanie","17":"tag-republique-francaise"},"share_on_mastodon":{"url":"https:\/\/pubeurope.com\/@fr\/115121864416318841","error":""},"_links":{"self":[{"href":"https:\/\/www.europesays.com\/fr\/wp-json\/wp\/v2\/posts\/355943","targetHints":{"allow":["GET"]}}],"collection":[{"href":"https:\/\/www.europesays.com\/fr\/wp-json\/wp\/v2\/posts"}],"about":[{"href":"https:\/\/www.europesays.com\/fr\/wp-json\/wp\/v2\/types\/post"}],"author":[{"embeddable":true,"href":"https:\/\/www.europesays.com\/fr\/wp-json\/wp\/v2\/users\/2"}],"replies":[{"embeddable":true,"href":"https:\/\/www.europesays.com\/fr\/wp-json\/wp\/v2\/comments?post=355943"}],"version-history":[{"count":0,"href":"https:\/\/www.europesays.com\/fr\/wp-json\/wp\/v2\/posts\/355943\/revisions"}],"wp:featuredmedia":[{"embeddable":true,"href":"https:\/\/www.europesays.com\/fr\/wp-json\/wp\/v2\/media\/355944"}],"wp:attachment":[{"href":"https:\/\/www.europesays.com\/fr\/wp-json\/wp\/v2\/media?parent=355943"}],"wp:term":[{"taxonomy":"category","embeddable":true,"href":"https:\/\/www.europesays.com\/fr\/wp-json\/wp\/v2\/categories?post=355943"},{"taxonomy":"post_tag","embeddable":true,"href":"https:\/\/www.europesays.com\/fr\/wp-json\/wp\/v2\/tags?post=355943"}],"curies":[{"name":"wp","href":"https:\/\/api.w.org\/{rel}","templated":true}]}}