{"id":355945,"date":"2025-08-31T06:03:10","date_gmt":"2025-08-31T06:03:10","guid":{"rendered":"https:\/\/www.europesays.com\/fr\/355945\/"},"modified":"2025-08-31T06:03:10","modified_gmt":"2025-08-31T06:03:10","slug":"on-nest-pas-la-banque-de-france-et-si-omeragic-restait-le-mhsc-face-aux-derniers-dossiers-dune-fin-de-mercato","status":"publish","type":"post","link":"https:\/\/www.europesays.com\/fr\/355945\/","title":{"rendered":"\u00ab\u00a0On n\u2019est pas la Banque de France\u00a0\u00bb, et si Omeragic restait\u00a0: le MHSC face aux derniers dossiers d\u2019une fin de mercato"},"content":{"rendered":"<p>\n                                                                Alors que le march\u00e9 d\u2019\u00e9t\u00e9 fermera ses portes ce lundi 1er\u00a0septembre (20\u00a0h), le club montpelli\u00e9rain et son pr\u00e9sident Laurent Nicollin sont face \u00e0 plusieurs inconnues.\n                            <\/p>\n<p>Alors qu\u2019il se demande comment r\u00e9gler le probl\u00e8me de ses d\u00e9buts de match, le Montpellier HSC pense aussi \u00e0 la fin. Celle du mercato d\u2019\u00e9t\u00e9, dont les portes se refermeront en France lundi soir, \u00e0 20\u00a0heures. Ultimes retouches, derniers d\u00e9parts\u00a0: tenu en \u00e9chec par Amiens vendredi (1-1), \u00e9cartel\u00e9 en ce d\u00e9but de championnat entre reconstruction et attentes, la Paillade mettra fin dans un peu plus de 24\u00a0heures \u00e0 certaines zones d\u2019ombre.<\/p>\n<p><a href=\"https:\/\/www.midilibre.fr\/sports\/resultats-sportifs\/football\/ligue-2\/resultats\" target=\"_blank\" rel=\"nofollow noopener\">Le classement de Ligue 2<\/a><\/p>\n<p>Elles entourent notamment l\u2019avenir de T\u00e9ji Savanier, Tanguy Coulibaly ou Becir Omeragic, trois noms qui reviennent en boucle au bout d\u2019un mercato d\u2019\u00e9t\u00e9 tr\u00e8s actif dans le sens des d\u00e9parts (16) mais aussi des arriv\u00e9es (8).\u00a0\u00ab\u00a0Il n\u2019y a pas d\u2019offre. Si cela se fait tant mieux, si cela ne se fait pas tant pis. C\u2019est comme \u00e7a, c\u2019est la vie\u00a0\u00bb, a r\u00e9pondu le pr\u00e9sident Laurent Nicollin, apr\u00e8s avoir rejet\u00e9 des propositions de pr\u00eat pour\u00a0ces \u00e9l\u00e9ments.<\/p>\n<p>Pour Coulibaly et Savanier, la loi de l\u2019offre et de la demande<\/p>\n<p>Apr\u00e8s avoir refus\u00e9 Dallas (MLS) cet \u00e9t\u00e9, Coulibaly semble\u00a0ainsi parti pour boucler son contrat \u00e0 Montpellier en juin prochain. \u00c0 moins d\u2019un retournement de derni\u00e8re minute. Le constat serait le m\u00eame pour Savanier. Depuis que\u00a0ses ex-co\u00e9quipiers (Chotard, Ferri, Lecomte, Khazri\u2026) ont quitt\u00e9 le navire, il est le dernier des cadres du cauchemar. In\u00e9vitable d\u00e9but juin, souhait\u00e9 par toutes les parties, son d\u00e9part se heurte d\u00e9sormais \u00e0 l\u2019incontestable loi de l\u2019offre et de la demande.<\/p>\n<p class=\"std-elt__inline\">\n        <strong>\u00c0 lire aussi :<\/strong><br \/>\n        <a href=\"https:\/\/www.midilibre.fr\/2025\/08\/29\/video-dun-splendide-coup-franc-teji-savanier-a-permis-au-mhsc-degaliser-contre-amiens-12900688.php\" rel=\"nofollow noopener\" target=\"_blank\">VIDEO D\u2019un splendide coup franc, T\u00e9ji Savanier a permis au MHSC d\u2019\u00e9galiser contre Amiens<\/a>\n    <\/p>\n<p>Vendredi, apr\u00e8s son entr\u00e9e d\u00e9cisive et son coup franc somptueux, le meneur de 33 ans a \u00e9voqu\u00e9 du bout des l\u00e8vres sa situation.\u00a0\u00ab\u00a0Il me reste encore un an de contrat. On verra ce qui arrive. On va essayer de faire le mieux possible cette saison\u00a0\u00bb, a souffl\u00e9 Savanier. Avant de sourire avec sa malice habituelle\u00a0: \u00ab\u00a0Mon souhait\u00a0? Il ne faut pas trop poser de questions sur \u00e7a\u00a0\u00bb, a-t-il bott\u00e9 en touche.<\/p>\n<p>Omeragic \u00ab\u00a0jamais dans l\u2019optique de partir pour partir\u00a0\u00bb<\/p>\n<p>Si Savanier ne rentre pas pour l\u2019heure\u00a0dans les plans de son coach, par manque de vitesse ou par souci tactique selon le technicien, Becir Omeragic repr\u00e9sente l\u2019exact oppos\u00e9. Replac\u00e9 au milieu de terrain, le Suisse est un pilier de l\u2019\u00e9quipe de Camara, qui n\u2019a jamais cach\u00e9 son affection pour le joueur. Le brassard de capitaine, confi\u00e9 cet \u00e9t\u00e9, en est une preuve. Son d\u00e9sir de le conserver, une autre.<\/p>\n<p>Inconcevable il y a peu, une saison suppl\u00e9mentaire de l\u2019international helv\u00e8te, li\u00e9 au MHSC jusqu\u2019en 2028, prend de plus en plus d\u2019\u00e9paisseur. \u00ab\u00a0Je n\u2019ai jamais \u00e9t\u00e9 dans l\u2019optique de partir pour partir\u00a0\u00bb, a confi\u00e9 Omeragic, vendredi. \u00ab\u00a0Je me sens bien ici, ma famille aussi. Mon deuxi\u00e8me enfant est n\u00e9 cet \u00e9t\u00e9. C\u2019est une situation que je ne prends pas avec du\u00a0stress.\u00a0Je n\u2019ai que 23 ans, je veux trouver le bon projet. J\u2019ai de la chance d\u2019\u00eatre ici avec un coach qui me fait confiance aussi. Ce sont tous ces aspects qu\u2019il faut prendre en compte. Si un projet coh\u00e9rent arrive, il faut se mettre d\u2019accord avec tout le monde, que tout le monde soit content\u00a0\u00bb, a-t-il d\u00e9taill\u00e9.<\/p>\n<p class=\"std-elt__inline\">\n        <strong>\u00c0 lire aussi :<\/strong><br \/>\n        <a href=\"https:\/\/www.midilibre.fr\/2025\/08\/29\/les-notes-de-mhsc-amiens-mbuku-a-beaucoup-tente-mendy-a-pese-mais-ca-na-pas-suffi-pour-les-montpellierains-12900396.php\" rel=\"nofollow noopener\" target=\"_blank\">Les notes de MHSC \u2013 Amiens\u00a0: Mbuku a beaucoup tent\u00e9, Mendy a pes\u00e9 mais \u00e7a n\u2019a pas suffi pour les Montpelli\u00e9rains<\/a>\n    <\/p>\n<p>Les prochaines heures seront d\u00e9terminantes. Dirig\u00e9 par Ludovic Magnin, l\u2019entra\u00eeneur qui avait d\u00e9j\u00e0 permis au joueur de passer de\u00a0Servette Gen\u00e8ve au FC Zurich, le FC B\u00e2le pourrait \u00eatre l\u2019un des pr\u00e9tendants. \u00c0 condition que le d\u00e9fenseur ou milieu soit dispos\u00e9 \u00e0\u00a0retourner en Suisse\u2026<\/p>\n<p>Sishuba en approche<\/p>\n<p>\u00c0 Montpellier, la ligne est claire. On se \u00ab\u00a0tient pr\u00eat\u00a0\u00bb \u00e0 des mouvements mais\u00a0\u00ab\u00a0il n\u2019y aura pas de renfort s\u2019il n\u2019y a pas de d\u00e9part. On n\u2019est pas la Banque de France\u00a0\u00bb, imageait ces derniers jours Laurent Nicollin, apr\u00e8s avoir consenti des efforts en d\u00e9but d\u2019\u00e9t\u00e9 (Laporte, Mendy).<\/p>\n<p>Conscient de ces contraintes, son entra\u00eeneur souhaite toutefois des derniers renforts. \u00ab\u00a0Il est \u00e9vident que s\u2019il pouvait y avoir encore une ou deux petites retouches, ce serait bien\u00a0\u00bb, a-t-il r\u00e9p\u00e9t\u00e9 vendredi.<\/p>\n<p>Il devrait obtenir satisfaction. Le club h\u00e9raultais a avanc\u00e9 ses pions pour un offensif de compl\u00e9ment\u00a0: le milieu belge de Rennes, Ayanda Sishuba (20 ans), propos\u00e9 r\u00e9cemment et dont le profil a s\u00e9duit en interne. Samedi soir, un pr\u00eat sans option \u00e9tait en bonne voie, confirmant une information de <a href=\"https:\/\/www.lequipe.fr\/Football\/Actualites\/Mercato-rennes-va-preter-ayanda-sishuba-a-montpellier\/1588969\" target=\"_blank\" rel=\"nofollow noopener\">L\u2019\u00c9quipe<\/a>. Juste avant la fin.<\/p>\n","protected":false},"excerpt":{"rendered":"Alors que le march\u00e9 d\u2019\u00e9t\u00e9 fermera ses portes ce lundi 1er\u00a0septembre (20\u00a0h), le club montpelli\u00e9rain et son pr\u00e9sident&hellip;\n","protected":false},"author":2,"featured_media":355946,"comment_status":"","ping_status":"","sticky":false,"template":"","format":"standard","meta":{"footnotes":""},"categories":[9599],"tags":[1111,11,1777,674,1011,27,2208,12,2680,25],"class_list":{"0":"post-355945","1":"post","2":"type-post","3":"status-publish","4":"format-standard","5":"has-post-thumbnail","7":"category-montpellier","8":"tag-actu","9":"tag-actualites","10":"tag-eu","11":"tag-europe","12":"tag-fr","13":"tag-france","14":"tag-montpellier","15":"tag-news","16":"tag-occitanie","17":"tag-republique-francaise"},"share_on_mastodon":{"url":"https:\/\/pubeurope.com\/@fr\/115121868158764399","error":""},"_links":{"self":[{"href":"https:\/\/www.europesays.com\/fr\/wp-json\/wp\/v2\/posts\/355945","targetHints":{"allow":["GET"]}}],"collection":[{"href":"https:\/\/www.europesays.com\/fr\/wp-json\/wp\/v2\/posts"}],"about":[{"href":"https:\/\/www.europesays.com\/fr\/wp-json\/wp\/v2\/types\/post"}],"author":[{"embeddable":true,"href":"https:\/\/www.europesays.com\/fr\/wp-json\/wp\/v2\/users\/2"}],"replies":[{"embeddable":true,"href":"https:\/\/www.europesays.com\/fr\/wp-json\/wp\/v2\/comments?post=355945"}],"version-history":[{"count":0,"href":"https:\/\/www.europesays.com\/fr\/wp-json\/wp\/v2\/posts\/355945\/revisions"}],"wp:featuredmedia":[{"embeddable":true,"href":"https:\/\/www.europesays.com\/fr\/wp-json\/wp\/v2\/media\/355946"}],"wp:attachment":[{"href":"https:\/\/www.europesays.com\/fr\/wp-json\/wp\/v2\/media?parent=355945"}],"wp:term":[{"taxonomy":"category","embeddable":true,"href":"https:\/\/www.europesays.com\/fr\/wp-json\/wp\/v2\/categories?post=355945"},{"taxonomy":"post_tag","embeddable":true,"href":"https:\/\/www.europesays.com\/fr\/wp-json\/wp\/v2\/tags?post=355945"}],"curies":[{"name":"wp","href":"https:\/\/api.w.org\/{rel}","templated":true}]}}