{"id":355947,"date":"2025-08-31T06:12:10","date_gmt":"2025-08-31T06:12:10","guid":{"rendered":"https:\/\/www.europesays.com\/fr\/355947\/"},"modified":"2025-08-31T06:12:10","modified_gmt":"2025-08-31T06:12:10","slug":"grenoble-cette-fete-exceptionnelle-revient-apres-des-annees-dabsence-voici-le-programme","status":"publish","type":"post","link":"https:\/\/www.europesays.com\/fr\/355947\/","title":{"rendered":"Grenoble. Cette f\u00eate exceptionnelle revient apr\u00e8s des ann\u00e9es d&rsquo;absence, voici le programme"},"content":{"rendered":"<p>            Par<br \/>\n        <strong><br \/>\n            <a href=\"https:\/\/actu.fr\/auteur\/emma-ressegaire\" title=\"Consulter tous les articles de Emma Ressegaire\" target=\"_blank\" rel=\"noopener\">Emma Ressegaire<\/a><br \/>\n        <\/strong><\/p>\n<p>        Publi\u00e9 le<\/p>\n<p>            31 ao\u00fbt 2025 \u00e0 7h32        <\/p>\n<p>Apr\u00e8s cinq ann\u00e9es d\u2019absence, la F\u00eate de la Bastille fait son retour \u00e0 <a href=\"https:\/\/actu.fr\/grenoble\/\" target=\"_blank\" rel=\"noopener\">Grenoble<\/a>. <strong>Un rendez-vous musical incontournable<\/strong> de la rentr\u00e9e grenobloise.<\/p>\n<p class=\" wall-content\">Pour cette 16e \u00e9dition, la Ville de Grenoble promet une \u00ab\u00a0soir\u00e9e haute en couleur, en musique et en convivialit\u00e9\u00a0\u00bb. Avec cette soir\u00e9e, la municipalit\u00e9 a pour volont\u00e9 de faire vivre la Bastille comme <strong>un v\u00e9ritable espace de culture, de rencontre et de partage.<\/strong><\/p>\n<p class=\" wall-content\">Pour y participer, il suffit seulement d\u2019emprunter <strong>les c\u00e9l\u00e8bres bulles du t\u00e9l\u00e9ph\u00e9rique<\/strong> (5 \u20ac l\u2019aller-retour au lieu de 9 \u20ac) pour rejoindre la Bastille. \u00ab\u00a0Musique, lumi\u00e8re, convivialit\u00e9 et \u00e9motions seront au rendez-vous pour c\u00e9l\u00e9brer ensemble ces retrouvailles tant attendues dans un cadre unique\u00a0\u00bb, d\u00e9crit la ville grenobloise.<\/p>\n<p>Des mus\u00e9es gratuits et des animations \u00e0 prix r\u00e9duit<\/p>\n<p class=\" wall-content\">Jusqu\u2019\u00e0 19 heures, il est \u00e9galement possible de <strong>profiter d\u2019offres exceptionnelles<\/strong> chez les partenaires du Fort de la Bastille :\u00a0<\/p>\n<ul class=\" wall-content\">\n<li>L\u2019entr\u00e9e sera offerte \u00e0 tous au Centre d\u2019art bastille ainsi qu\u2019au Mus\u00e9e des Troupes de Montagne de 17h \u00e0 19h.<\/li>\n<li>Des tarifs pr\u00e9f\u00e9rentiels seront propos\u00e9s \u00e0 l\u2019Acrobastille, avec un acc\u00e8s aux jeux indoor \u00e0 3 \u20ac au lieu de 6 \u20ac et l\u2019ouverture des parcours ext\u00e9rieurs enfants \u00e0 5 \u20ac au lieu de 10 \u20ac.<\/li>\n<\/ul>\n<p>    <a href=\"https:\/\/www.google.com\/maps\/embed?pb=!3m2!1sfr!2sfr!4v1756477078244!5m2!1sfr!2sfr!6m8!1m7!1sCAoSF0NJSE0wb2dLRUlDQWdJREV0Zm5laFFF!2m2!1d45.19857688893661!2d5.724493877569891!3f117.81447941611272!4f-25.268757598460837!5f0.7820865974627469\" title=\"Ouvrie le lien\" target=\"_blank\" rel=\"noopener\">Cliquez ici pour visualiser le contenu<\/a><\/p>\n<p>Place \u00e0 la musique<\/p>\n<p class=\" wall-content\">\u00c0 partir de 18h30, <strong>DJ Culbuto<\/strong> se produira sur sc\u00e8ne sur la place centrale du fort. Il lancera les festivit\u00e9s avec un set m\u00ealant les sons embl\u00e9matiques des ann\u00e9es 80 et 90. Ensuite, \u00e0 20h, le <strong>groupe grenoblois LMZG<\/strong> prendra le relais.\u00a0<\/p>\n<p>Votre r\u00e9gion, votre actu !<\/p>\n<p>Recevez chaque jour les infos qui comptent pour vous.<\/p>\n<p>\t<a href=\"https:\/\/actu.fr\/newsletter\" class=\"ac-btn ac-btn--corner ac-btn--medium ac-btn--blue800\" target=\"_blank\" rel=\"noopener\">S&rsquo;incrire<\/a><\/p>\n<p class=\" wall-content\">\u00c0 noter que le snack la Salle des Gardes et le Restaurant du T\u00e9l\u00e9ph\u00e9rique seront ouverts toute la soir\u00e9e et proposeront <strong>des snacks ou assiettes payantes ainsi que des boissons<\/strong>.<\/p>\n<p class=\" wall-content\">Pour rappel, la F\u00eate de la Bastille avait \u00e9t\u00e9 interrompue en 2020 \u00e0 cause de la crise sanitaire de la Covid-19.<\/p>\n<p>Vendredi 5 septembre 2025<br \/>Place Tournadre \u2013 Fort de la Bastille.<br \/>De 18h30 \u00e0 \u00e0 20h : DJ Culbuto.<br \/>De 20h \u00e0 21h30 : LMZG.<br \/>Concert offert.<br \/>Acc\u00e8s en t\u00e9l\u00e9ph\u00e9rique au tarif r\u00e9duit pour tous.<\/p>\n<p class=\" wall-content\">Personnalisez votre actualit\u00e9 en ajoutant vos villes et m\u00e9dias en favori avec <a href=\"https:\/\/moncompte.actu.fr\" title=\"D\u00e9couvez Mon Actu\" rel=\"nofollow noopener\" data-trk=\"{&quot;cta&quot;:{&quot;action&quot;:&quot;https:\\\/\\\/moncompte.actu.fr&quot;,&quot;category&quot;:&quot;mon compte&quot;,&quot;from&quot;:&quot;article footer&quot;,&quot;name&quot;:&quot;Mon actu&quot;,&quot;type&quot;:&quot;cta&quot;}}\" target=\"_blank\">Mon Actu<\/a>.<\/p>\n","protected":false},"excerpt":{"rendered":"Par Emma Ressegaire Publi\u00e9 le 31 ao\u00fbt 2025 \u00e0 7h32 Apr\u00e8s cinq ann\u00e9es d\u2019absence, la F\u00eate de la&hellip;\n","protected":false},"author":2,"featured_media":355948,"comment_status":"","ping_status":"","sticky":false,"template":"","format":"standard","meta":{"footnotes":""},"categories":[9566],"tags":[1111,11,2430,41404,1777,674,1011,27,2731,873,12,25,104],"class_list":{"0":"post-355947","1":"post","2":"type-post","3":"status-publish","4":"format-standard","5":"has-post-thumbnail","7":"category-grenoble","8":"tag-actu","9":"tag-actualites","10":"tag-auvergne-rhone-alpes","11":"tag-bastille-de-grenoble","12":"tag-eu","13":"tag-europe","14":"tag-fr","15":"tag-france","16":"tag-grenoble","17":"tag-musique","18":"tag-news","19":"tag-republique-francaise","20":"tag-societe"},"share_on_mastodon":{"url":"https:\/\/pubeurope.com\/@fr\/115121903684527233","error":""},"_links":{"self":[{"href":"https:\/\/www.europesays.com\/fr\/wp-json\/wp\/v2\/posts\/355947","targetHints":{"allow":["GET"]}}],"collection":[{"href":"https:\/\/www.europesays.com\/fr\/wp-json\/wp\/v2\/posts"}],"about":[{"href":"https:\/\/www.europesays.com\/fr\/wp-json\/wp\/v2\/types\/post"}],"author":[{"embeddable":true,"href":"https:\/\/www.europesays.com\/fr\/wp-json\/wp\/v2\/users\/2"}],"replies":[{"embeddable":true,"href":"https:\/\/www.europesays.com\/fr\/wp-json\/wp\/v2\/comments?post=355947"}],"version-history":[{"count":0,"href":"https:\/\/www.europesays.com\/fr\/wp-json\/wp\/v2\/posts\/355947\/revisions"}],"wp:featuredmedia":[{"embeddable":true,"href":"https:\/\/www.europesays.com\/fr\/wp-json\/wp\/v2\/media\/355948"}],"wp:attachment":[{"href":"https:\/\/www.europesays.com\/fr\/wp-json\/wp\/v2\/media?parent=355947"}],"wp:term":[{"taxonomy":"category","embeddable":true,"href":"https:\/\/www.europesays.com\/fr\/wp-json\/wp\/v2\/categories?post=355947"},{"taxonomy":"post_tag","embeddable":true,"href":"https:\/\/www.europesays.com\/fr\/wp-json\/wp\/v2\/tags?post=355947"}],"curies":[{"name":"wp","href":"https:\/\/api.w.org\/{rel}","templated":true}]}}