{"id":355949,"date":"2025-08-31T06:13:19","date_gmt":"2025-08-31T06:13:19","guid":{"rendered":"https:\/\/www.europesays.com\/fr\/355949\/"},"modified":"2025-08-31T06:13:19","modified_gmt":"2025-08-31T06:13:19","slug":"retour-reussi-pour-bernauer-davitashvili-decoit","status":"publish","type":"post","link":"https:\/\/www.europesays.com\/fr\/355949\/","title":{"rendered":"retour r\u00e9ussi pour Bernauer, Davitashvili d\u00e9\u00e7oit"},"content":{"rendered":"<p>Les tops<\/p>\n<p>Bernauer int\u00e9ressant<\/p>\n<p>Pour son premier match de la saison, l\u2019habituel d\u00e9fenseur central, qui a d\u00e9j\u00e0 connu le couloir droit, a plus que fait l\u2019affaire c\u00f4t\u00e9 gauche. Certes, il aurait pu faire mieux pour emp\u00eacher Delos de centrer sur l\u2019\u00e9galisation. Mais l\u2019ancien du Dinamo Zagreb n\u2019est pas le premier \u00e0 bl\u00e2mer sur ce but.<\/p>\n<p>Sur le reste de son match, il a \u00e9t\u00e9 impeccable d\u00e9fensivement et \u00e9tonnamment int\u00e9ressant offensivement. St\u00e9phanois qui&#8230;<\/p>\n","protected":false},"excerpt":{"rendered":"Les tops Bernauer int\u00e9ressant Pour son premier match de la saison, l\u2019habituel d\u00e9fenseur central, qui a d\u00e9j\u00e0 connu&hellip;\n","protected":false},"author":2,"featured_media":355950,"comment_status":"","ping_status":"","sticky":false,"template":"","format":"standard","meta":{"footnotes":""},"categories":[9566],"tags":[1111,11,4000,2430,7539,1777,674,107,63,1011,27,2731,4002,3367,12,25,4001,517],"class_list":{"0":"post-355949","1":"post","2":"type-post","3":"status-publish","4":"format-standard","5":"has-post-thumbnail","7":"category-grenoble","8":"tag-actu","9":"tag-actualites","10":"tag-asse-as-saint-etienne-football","11":"tag-auvergne-rhone-alpes","12":"tag-edition-loire-sud","13":"tag-eu","14":"tag-europe","15":"tag-fil-info","16":"tag-football","17":"tag-fr","18":"tag-france","19":"tag-grenoble","20":"tag-haute-loire","21":"tag-loire","22":"tag-news","23":"tag-republique-francaise","24":"tag-saint-etienne","25":"tag-sport"},"share_on_mastodon":{"url":"https:\/\/pubeurope.com\/@fr\/115121907595160447","error":""},"_links":{"self":[{"href":"https:\/\/www.europesays.com\/fr\/wp-json\/wp\/v2\/posts\/355949","targetHints":{"allow":["GET"]}}],"collection":[{"href":"https:\/\/www.europesays.com\/fr\/wp-json\/wp\/v2\/posts"}],"about":[{"href":"https:\/\/www.europesays.com\/fr\/wp-json\/wp\/v2\/types\/post"}],"author":[{"embeddable":true,"href":"https:\/\/www.europesays.com\/fr\/wp-json\/wp\/v2\/users\/2"}],"replies":[{"embeddable":true,"href":"https:\/\/www.europesays.com\/fr\/wp-json\/wp\/v2\/comments?post=355949"}],"version-history":[{"count":0,"href":"https:\/\/www.europesays.com\/fr\/wp-json\/wp\/v2\/posts\/355949\/revisions"}],"wp:featuredmedia":[{"embeddable":true,"href":"https:\/\/www.europesays.com\/fr\/wp-json\/wp\/v2\/media\/355950"}],"wp:attachment":[{"href":"https:\/\/www.europesays.com\/fr\/wp-json\/wp\/v2\/media?parent=355949"}],"wp:term":[{"taxonomy":"category","embeddable":true,"href":"https:\/\/www.europesays.com\/fr\/wp-json\/wp\/v2\/categories?post=355949"},{"taxonomy":"post_tag","embeddable":true,"href":"https:\/\/www.europesays.com\/fr\/wp-json\/wp\/v2\/tags?post=355949"}],"curies":[{"name":"wp","href":"https:\/\/api.w.org\/{rel}","templated":true}]}}