{"id":355951,"date":"2025-08-31T06:14:09","date_gmt":"2025-08-31T06:14:09","guid":{"rendered":"https:\/\/www.europesays.com\/fr\/355951\/"},"modified":"2025-08-31T06:14:09","modified_gmt":"2025-08-31T06:14:09","slug":"a-rennes-ce-parking-emblematique-du-centre-ville-ferme-definitivement-ce-dimanche-31-aout","status":"publish","type":"post","link":"https:\/\/www.europesays.com\/fr\/355951\/","title":{"rendered":"\u00c0 Rennes, ce parking embl\u00e9matique du centre-ville ferme d\u00e9finitivement ce dimanche 31 ao\u00fbt"},"content":{"rendered":"<p>            Par<br \/>\n        <strong><br \/>\n            <a href=\"https:\/\/actu.fr\/auteur\/brian-legoff\" title=\"Consulter tous les articles de Brian Le Goff\" target=\"_blank\" rel=\"noopener\">Brian Le Goff<\/a><br \/>\n        <\/strong><\/p>\n<p>        Publi\u00e9 le<\/p>\n<p>            31 ao\u00fbt 2025 \u00e0 7h02        <\/p>\n<p><strong>Construit au d\u00e9but des ann\u00e9es 1960<\/strong>, quand les villes \u00e9taient enclines au tout-voiture, le <a href=\"https:\/\/actu.fr\/bretagne\/rennes_35238\/video-beton-arme-fissures-qu-est-ce-qui-se-cache-sous-le-parking-vilaine-en-centre-ville-de-rennes_62740397.html\" target=\"_blank\" rel=\"noopener\">parking Vilaine \u00e0 Rennes<\/a>, qui tient son nom du fait de cacher le fleuve traversant la capitale bretonne, <strong>ferme pour toujours, ce dimanche 31\u00a0ao\u00fbt, en fin de journ\u00e9e.<\/strong><\/p>\n<p class=\" wall-content\">Apr\u00e8s<strong> plus de 60\u00a0ans de bons et loyaux services,<\/strong> il va <a href=\"https:\/\/actu.fr\/bretagne\/rennes_35238\/la-difficulte-c-est-le-fleuve-en-dessous-a-rennes-comment-le-parking-vilaine-va-etre-detruit_62771441.html\" target=\"_blank\" rel=\"noopener\">\u00eatre d\u00e9truit d\u2019ici \u00e0 avril\u00a02026<\/a> avant que tout le secteur de la place de la R\u00e9publique ne soit requalifi\u00e9, <a href=\"https:\/\/actu.fr\/bretagne\/rennes_35238\/passerelle-pontons-jardins-flottants-le-nouveau-visage-de-rennes-sans-le-parking-vilaine-se-precise_61945770.html\" target=\"_blank\" rel=\"noopener\">comme nous le pr\u00e9sentions dans cet article<\/a>.<\/p>\n<p class=\" wall-content\">Concr\u00e8tement, ce dimanche soir, <strong>les barri\u00e8res d\u2019acc\u00e8s<\/strong> et les<strong> bornes de paiement <\/strong>du parking vont<strong> cesser de fonctionner<\/strong>. Des baliroads (gros plots rouges et blancs) seront install\u00e9s pour interdire l\u2019acc\u00e8s aux entr\u00e9es. <strong>\u00ab\u2009D\u00e8s lundi matin, des glissi\u00e8res en b\u00e9ton<\/strong> les remplaceront\u2009\u00bb, pr\u00e9cise la Ville.<\/p>\n<p class=\" wall-content\">Tout le mois de septembre sera ensuite <strong>consacr\u00e9<\/strong> \u00e0 <strong>l\u2019installation du chantier<\/strong> de d\u00e9molition\u2009: pose d\u2019une cl\u00f4ture autour de la dalle, d\u00e9pose des barri\u00e8res et des \u00e9quipements du parking, lib\u00e9ration de l\u2019emprise (notamment retrait des arbres en pot).<\/p>\n<p>\u00c0 partir du lundi 1er\u00a0septembre, la circulation s\u2019adapte en centre-ville\u2009:<\/p>\n<ul class=\" wall-content\">\n<li><strong>bus et m\u00e9tro\u2009:<\/strong> pas de changement, les lignes continuent de desservir le centre et les stations R\u00e9publique (ligne a) et Saint-Germain (ligne b) restent ouvertes\u2009;<\/li>\n<li><strong>v\u00e9los\u2009:<\/strong> les quais nord seront progressivement am\u00e9nag\u00e9s en v\u00e9lorue. Entre octobre et novembre\u00a02025, une portion du quai Duguay-Trouin sera ferm\u00e9e, avec d\u00e9viation pr\u00e9vue\u2009;<\/li>\n<li><strong>pi\u00e9tons\u2009:<\/strong> la travers\u00e9e de la dalle Vilaine (entre le pont de la Mission et la rue de Nemours) sera interdite d\u00e8s lundi. Un jalonnement guidera les pi\u00e9tons\u2009;<\/li>\n<li><strong>voitures\u2009:<\/strong> la signal\u00e9tique des parkings sera mise \u00e0 jour au niveau de la place de Bretagne. Les<strong> parkings Ch\u00e9zy-Dinan et Kl\u00e9ber<\/strong> verront leurs <strong>horaires \u00e9largis<\/strong>.<br \/>En tout, plus de<strong> 6\u2009000 places<\/strong> restent accessibles dans les <strong>parkings du centre-ville<\/strong>, auxquelles s\u2019ajoutent <strong>1\u2009300 places en voirie<\/strong> et plus de <strong>4\u2009000 places dans les parcs-relais<\/strong> des lignes de m\u00e9tro.<\/li>\n<\/ul>\n<p class=\" wall-content\">Personnalisez votre actualit\u00e9 en ajoutant vos villes et m\u00e9dias en favori avec <a href=\"https:\/\/moncompte.actu.fr\" title=\"D\u00e9couvez Mon Actu\" rel=\"nofollow noopener\" data-trk=\"{&quot;cta&quot;:{&quot;action&quot;:&quot;https:\\\/\\\/moncompte.actu.fr&quot;,&quot;category&quot;:&quot;mon compte&quot;,&quot;from&quot;:&quot;article footer&quot;,&quot;name&quot;:&quot;Mon actu&quot;,&quot;type&quot;:&quot;cta&quot;}}\" target=\"_blank\">Mon Actu<\/a>.<\/p>\n","protected":false},"excerpt":{"rendered":"Par Brian Le Goff Publi\u00e9 le 31 ao\u00fbt 2025 \u00e0 7h02 Construit au d\u00e9but des ann\u00e9es 1960, quand&hellip;\n","protected":false},"author":2,"featured_media":355952,"comment_status":"","ping_status":"","sticky":false,"template":"","format":"standard","meta":{"footnotes":""},"categories":[2821],"tags":[1111,11,829,3542,1777,674,1011,27,12,584,25,104,6173,7009],"class_list":{"0":"post-355951","1":"post","2":"type-post","3":"status-publish","4":"format-standard","5":"has-post-thumbnail","7":"category-rennes","8":"tag-actu","9":"tag-actualites","10":"tag-bretagne","11":"tag-circulation","12":"tag-eu","13":"tag-europe","14":"tag-fr","15":"tag-france","16":"tag-news","17":"tag-rennes","18":"tag-republique-francaise","19":"tag-societe","20":"tag-stationnement","21":"tag-vilaine"},"share_on_mastodon":{"url":"https:\/\/pubeurope.com\/@fr\/115121911475969091","error":""},"_links":{"self":[{"href":"https:\/\/www.europesays.com\/fr\/wp-json\/wp\/v2\/posts\/355951","targetHints":{"allow":["GET"]}}],"collection":[{"href":"https:\/\/www.europesays.com\/fr\/wp-json\/wp\/v2\/posts"}],"about":[{"href":"https:\/\/www.europesays.com\/fr\/wp-json\/wp\/v2\/types\/post"}],"author":[{"embeddable":true,"href":"https:\/\/www.europesays.com\/fr\/wp-json\/wp\/v2\/users\/2"}],"replies":[{"embeddable":true,"href":"https:\/\/www.europesays.com\/fr\/wp-json\/wp\/v2\/comments?post=355951"}],"version-history":[{"count":0,"href":"https:\/\/www.europesays.com\/fr\/wp-json\/wp\/v2\/posts\/355951\/revisions"}],"wp:featuredmedia":[{"embeddable":true,"href":"https:\/\/www.europesays.com\/fr\/wp-json\/wp\/v2\/media\/355952"}],"wp:attachment":[{"href":"https:\/\/www.europesays.com\/fr\/wp-json\/wp\/v2\/media?parent=355951"}],"wp:term":[{"taxonomy":"category","embeddable":true,"href":"https:\/\/www.europesays.com\/fr\/wp-json\/wp\/v2\/categories?post=355951"},{"taxonomy":"post_tag","embeddable":true,"href":"https:\/\/www.europesays.com\/fr\/wp-json\/wp\/v2\/tags?post=355951"}],"curies":[{"name":"wp","href":"https:\/\/api.w.org\/{rel}","templated":true}]}}