{"id":355953,"date":"2025-08-31T06:15:43","date_gmt":"2025-08-31T06:15:43","guid":{"rendered":"https:\/\/www.europesays.com\/fr\/355953\/"},"modified":"2025-08-31T06:15:43","modified_gmt":"2025-08-31T06:15:43","slug":"n3-les-joueurs-ont-ete-incroyables-heroique-le-lannion-fc-surprend-la-reserve-de-rennes","status":"publish","type":"post","link":"https:\/\/www.europesays.com\/fr\/355953\/","title":{"rendered":"N3\u00a0: \u00ab\u00a0les joueurs ont \u00e9t\u00e9 incroyables\u00a0\u00bb, h\u00e9ro\u00efque, le Lannion FC surprend la r\u00e9serve de Rennes"},"content":{"rendered":"<p>      Malgr\u00e9 pr\u00e8s d\u2019une heure en inf\u00e9riorit\u00e9 num\u00e9rique, le Lannion FC est parvenu \u00e0 faire chuter la r\u00e9serve du Stade Rennais. Un premier succ\u00e8s cette saison en N3 apr\u00e8s leur nul lors de la journ\u00e9e d\u2019ouverture.<\/p>\n<p>                    N3 (2e journ\u00e9e). Lannion FC &#8211; Stade Rennais FC (B) : 1-0<\/p>\n<p>\u00ab C&rsquo;est plus qu\u2019une victoire, les joueurs ont \u00e9t\u00e9 incroyables ce soir (samedi). Je parle rarement ainsi en d\u00e9but de saison, mais ils ont respect\u00e9 \u00e0 la lettre les consignes \u00e9tablies \u00e0 la mi-temps, pour d\u00e9fendre, s\u2019aligner et resserrer les espaces \u00bb, d\u00e9clarait, presque \u00e9mu, R\u00e9my Le Bourdoulous, l\u2019entra\u00eeneur du <a href=\"https:\/\/footamateur.letelegramme.fr\/club\/548875\/lannion-fc\/\" target=\"_blank\" rel=\"nofollow noopener\">Lannion FC<\/a>.<\/p>\n<p>D\u00e8s les premi\u00e8res minutes, son \u00e9quipe a su frapper la premi\u00e8re. \u00c0 la suite d\u2019un tir manqu\u00e9 de Vidot, Alagapin r\u00e9cup\u00e9rait le ballon dans la surface, se jouait de la d\u00e9fense rennaise et ouvrait le score d\u2019une frappe pr\u00e9cise (14&prime;). Rennes r\u00e9agissait rapidement avec deux occasions franches. Tout d\u2019abord, Mvodo obligeait Davai, le gardien lannionnais, \u00e0 s\u2019employer sur un coup franc puissant (15&prime;). Puis, sur un centre ajust\u00e9 venu du c\u00f4t\u00e9 droit, Legendre manquait de peu l\u2019\u00e9galisation d\u2019une t\u00eate qui fr\u00f4lait le poteau (25&prime;).<\/p>\n<p>Malgr\u00e9 ces alertes, Lannion restait dangereux et se procurait deux opportunit\u00e9s pour doubler la mise : Boucaud, seul dans la surface, envoyait sa frappe largement au-dessus (27&prime;), tandis qu\u2019Alagapin, face \u00e0 Belazzoug, le portier rennais, ratait son face-\u00e0-face (37&prime;). Sanctionn\u00e9 pour une intervention mal ma\u00eetris\u00e9e, Menn laissait ses co\u00e9quipiers \u00e0 dix \u00e0 domicile pour une bonne partie de la rencontre (38&prime;).<\/p>\n<p>                    Lannion r\u00e9siste avec bravoure<\/p>\n<p>En seconde mi-temps, Rennes, logiquement dominateur, mettait sous pression un bloc lannionnais remani\u00e9, pass\u00e9 en d\u00e9fense \u00e0 cinq pour colmater les br\u00e8ches. Jacinthe \u00e9tait tout proche d\u2019\u00e9galiser, mais sa t\u00eate crois\u00e9e manquait de pr\u00e9cision (60&prime;). Davai s\u2019illustrait \u00e0 nouveau avec un arr\u00eat r\u00e9flexe sur une frappe lointaine de Lomet, qui filait vers la lucarne (75&prime;). En fin de match, Do Marcolino maintenait la pression sur le but lannionnais, mais sa frappe passait \u00e0 c\u00f4t\u00e9 (92&prime;).<\/p>\n<p>\u00ab On a \u00e9t\u00e9 surpris par la malice, l\u2019engagement et l\u2019ambiance dans les tribunes. On a fait un match de jeunes, de gamins \u00bb, admettait S\u00e9bastien Tambouret, l\u2019entra\u00eeneur rennais, avec une pointe d\u2019amertume. \u00ab Il y a eu de la suffisance, un manque de technique et d\u2019intensit\u00e9 dans les courses \u00bb, ajoutait-il, soulignant les carences de son \u00e9quipe face \u00e0 l\u2019abn\u00e9gation lannionnaise.<\/p>\n<p class=\"tech\"><strong class=\"tech\">BUT<\/strong>. Lannion FC : Alagapin (14&prime;).<\/p>\n<p class=\"tech\"><strong class=\"tech\">Avertissements<\/strong>. Lannion FC : Vidot (34&prime;), T. Boucaud (61&prime;) ; Rennes (B) : Soukouna (45&prime;), Limon (65&prime;), Mvodo (77&prime;).<\/p>\n<p class=\"tech\"><strong class=\"tech\">Expulsion<\/strong>. Lannion FC : Menn (38&prime;).<\/p>\n<p class=\"tech\"><strong class=\"tech\">LANNION FC<\/strong> : Davai, A. Boucaud, Herpe, Cefbert (cap), Menn, Poha (Carron, 60&prime;), T. Boucaud, Lechueur (Le M\u00e9haut\u00e9, 45&prime;), Alagapin (Michel, 84&prime;), Vidot (Houlbert, 79&prime;), Devaux.<\/p>\n<p class=\"tech\"><strong class=\"tech\">RENNES (B)<\/strong> : Belazzoug, Assignon (Lomet, 58&prime;), Habri, Soukouna (cap), Limon, Truffert (Fraeyman, 79&prime;), Gbeme (Bernard, 67&prime;), Mvodo, Coulibaly, Do Marcolino, Legendre (Jacinthe, 47&prime;).<\/p>\n<p>Cr\u00e9dit photo : Photo Serge Raoul<\/p>\n","protected":false},"excerpt":{"rendered":"Malgr\u00e9 pr\u00e8s d\u2019une heure en inf\u00e9riorit\u00e9 num\u00e9rique, le Lannion FC est parvenu \u00e0 faire chuter la r\u00e9serve du&hellip;\n","protected":false},"author":2,"featured_media":355954,"comment_status":"","ping_status":"","sticky":false,"template":"","format":"standard","meta":{"footnotes":""},"categories":[2821],"tags":[1111,11,829,1777,674,63,1011,27,12,584,25,60],"class_list":{"0":"post-355953","1":"post","2":"type-post","3":"status-publish","4":"format-standard","5":"has-post-thumbnail","7":"category-rennes","8":"tag-actu","9":"tag-actualites","10":"tag-bretagne","11":"tag-eu","12":"tag-europe","13":"tag-football","14":"tag-fr","15":"tag-france","16":"tag-news","17":"tag-rennes","18":"tag-republique-francaise","19":"tag-sports"},"share_on_mastodon":{"url":"https:\/\/pubeurope.com\/@fr\/115121915604125457","error":""},"_links":{"self":[{"href":"https:\/\/www.europesays.com\/fr\/wp-json\/wp\/v2\/posts\/355953","targetHints":{"allow":["GET"]}}],"collection":[{"href":"https:\/\/www.europesays.com\/fr\/wp-json\/wp\/v2\/posts"}],"about":[{"href":"https:\/\/www.europesays.com\/fr\/wp-json\/wp\/v2\/types\/post"}],"author":[{"embeddable":true,"href":"https:\/\/www.europesays.com\/fr\/wp-json\/wp\/v2\/users\/2"}],"replies":[{"embeddable":true,"href":"https:\/\/www.europesays.com\/fr\/wp-json\/wp\/v2\/comments?post=355953"}],"version-history":[{"count":0,"href":"https:\/\/www.europesays.com\/fr\/wp-json\/wp\/v2\/posts\/355953\/revisions"}],"wp:featuredmedia":[{"embeddable":true,"href":"https:\/\/www.europesays.com\/fr\/wp-json\/wp\/v2\/media\/355954"}],"wp:attachment":[{"href":"https:\/\/www.europesays.com\/fr\/wp-json\/wp\/v2\/media?parent=355953"}],"wp:term":[{"taxonomy":"category","embeddable":true,"href":"https:\/\/www.europesays.com\/fr\/wp-json\/wp\/v2\/categories?post=355953"},{"taxonomy":"post_tag","embeddable":true,"href":"https:\/\/www.europesays.com\/fr\/wp-json\/wp\/v2\/tags?post=355953"}],"curies":[{"name":"wp","href":"https:\/\/api.w.org\/{rel}","templated":true}]}}