{"id":355957,"date":"2025-08-31T06:17:15","date_gmt":"2025-08-31T06:17:15","guid":{"rendered":"https:\/\/www.europesays.com\/fr\/355957\/"},"modified":"2025-08-31T06:17:15","modified_gmt":"2025-08-31T06:17:15","slug":"il-y-a-36-ans-ouvrait-a-strasbourg-le-premier-bar-a-lait-de-france","status":"publish","type":"post","link":"https:\/\/www.europesays.com\/fr\/355957\/","title":{"rendered":"il y a 36 ans, ouvrait \u00e0 Strasbourg le premier bar \u00e0\u00a0lait\u00a0de\u00a0France"},"content":{"rendered":"<p>            Par<br \/>\n        <strong><br \/>\n            <a href=\"https:\/\/actu.fr\/auteur\/redaction-strasbourg\" title=\"Consulter tous les articles de R\u00e9daction Strasbourg\" rel=\"nofollow noopener\" target=\"_blank\">R\u00e9daction Strasbourg<\/a><br \/>\n        <\/strong><\/p>\n<p>        Publi\u00e9 le<\/p>\n<p>            31 ao\u00fbt 2025 \u00e0 7h06        <\/p>\n<p>\u00ab\u2009Un petit coup de blanc qui ne vous tournera pas la t\u00eate\u2009\u00bb, r\u00e9sumait en 1989 le pr\u00e9sentateur du journal t\u00e9l\u00e9vis\u00e9 d\u2019Antenne 2 (ex France 2). Ce dernier pr\u00e9sentait un <strong>ovni culinaire<\/strong>\u2009: pour la<strong> premi\u00e8re fois en France s\u2019ouvrait un bar<\/strong> un peu particulier \u00e0 <a href=\"https:\/\/actu.fr\/strasbourg\/\" rel=\"nofollow noopener\" target=\"_blank\">Strasbourg<\/a>.<\/p>\n<p>\u00ab\u2009Les produits laitiers sont nos amis pour la vie\u2009\u00bb<\/p>\n<p class=\" wall-content\">\u00ab\u2009En plein c\u0153ur de Strasbourg face \u00e0 une winstub, la cath\u00e9drale elle-m\u00eame n\u2019en revient pas\u2009\u00bb, rigolait le journaliste dans le documentaire diffus\u00e9 au JT et rediffus\u00e9 cet \u00e9t\u00e9 par<strong> l\u2019institut national de l\u2019audiovisuel (INA).<\/strong> Pour<strong> la premi\u00e8re fois en France s\u2019ouvrait un bar \u00e0 lait, lanc\u00e9 par une soci\u00e9t\u00e9 laiti\u00e8re alsacienne\u2009: Lait\u2019s go.<\/strong><\/p>\n<p>    <a href=\"https:\/\/www.facebook.com\/plugins\/video.php?height=314&amp;href=https%3A%2F%2Fwww.facebook.com%2Freel%2F1471177354013156%2F&amp;show_text=true&amp;width=350&amp;t=0\" title=\"Ouvrie le lien\" rel=\"nofollow noopener\" target=\"_blank\">Cliquez ici pour visualiser le contenu<\/a><\/p>\n<p class=\" wall-content\">\u00ab\u2009Ce qui change en travaillant le lait c\u2019est qu\u2019on n\u2019a rien envie de salir. Souvent en travaillant dans l\u2019alcool, on b\u00e2cle, ce n\u2019est pas tr\u00e8s propre alors qu\u2019avec le lait on y attache plus d\u2019int\u00e9r\u00eat\u2009\u00bb, t\u00e9moignait Paul, barman.<\/p>\n<p class=\" wall-content\">Attention aux intol\u00e9rants au lactose, m\u00eame en cuisine<strong>, 40\u2009% de chacun des menus \u00e9taient compos\u00e9s de produits laitiers.<\/strong> Un concept pour le moins original qui a vu le jour \u00e0 une \u00e9poque de forte consommation de lait en France avec selon l\u2019INSEE <strong>environ 70 litres de lait bu par habitant et par an contre 41 litres en 2022.<\/strong><\/p>\n<p class=\" wall-content\">Personnalisez votre actualit\u00e9 en ajoutant vos villes et m\u00e9dias en favori avec <a href=\"https:\/\/moncompte.actu.fr\" title=\"D\u00e9couvez Mon Actu\" rel=\"nofollow noopener\" data-trk=\"{&quot;cta&quot;:{&quot;action&quot;:&quot;https:\\\/\\\/moncompte.actu.fr&quot;,&quot;category&quot;:&quot;mon compte&quot;,&quot;from&quot;:&quot;article footer&quot;,&quot;name&quot;:&quot;Mon actu&quot;,&quot;type&quot;:&quot;cta&quot;}}\" target=\"_blank\">Mon Actu<\/a>.<\/p>\n","protected":false},"excerpt":{"rendered":"Par R\u00e9daction Strasbourg Publi\u00e9 le 31 ao\u00fbt 2025 \u00e0 7h06 \u00ab\u2009Un petit coup de blanc qui ne vous&hellip;\n","protected":false},"author":2,"featured_media":355958,"comment_status":"","ping_status":"","sticky":false,"template":"","format":"standard","meta":{"footnotes":""},"categories":[2820],"tags":[1111,11,215,1777,674,1011,27,775,1757,12,25,640],"class_list":{"0":"post-355957","1":"post","2":"type-post","3":"status-publish","4":"format-standard","5":"has-post-thumbnail","7":"category-strasbourg","8":"tag-actu","9":"tag-actualites","10":"tag-commerce","11":"tag-eu","12":"tag-europe","13":"tag-fr","14":"tag-france","15":"tag-grand-est","16":"tag-insolite","17":"tag-news","18":"tag-republique-francaise","19":"tag-strasbourg"},"share_on_mastodon":{"url":"https:\/\/pubeurope.com\/@fr\/115121923258292052","error":""},"_links":{"self":[{"href":"https:\/\/www.europesays.com\/fr\/wp-json\/wp\/v2\/posts\/355957","targetHints":{"allow":["GET"]}}],"collection":[{"href":"https:\/\/www.europesays.com\/fr\/wp-json\/wp\/v2\/posts"}],"about":[{"href":"https:\/\/www.europesays.com\/fr\/wp-json\/wp\/v2\/types\/post"}],"author":[{"embeddable":true,"href":"https:\/\/www.europesays.com\/fr\/wp-json\/wp\/v2\/users\/2"}],"replies":[{"embeddable":true,"href":"https:\/\/www.europesays.com\/fr\/wp-json\/wp\/v2\/comments?post=355957"}],"version-history":[{"count":0,"href":"https:\/\/www.europesays.com\/fr\/wp-json\/wp\/v2\/posts\/355957\/revisions"}],"wp:featuredmedia":[{"embeddable":true,"href":"https:\/\/www.europesays.com\/fr\/wp-json\/wp\/v2\/media\/355958"}],"wp:attachment":[{"href":"https:\/\/www.europesays.com\/fr\/wp-json\/wp\/v2\/media?parent=355957"}],"wp:term":[{"taxonomy":"category","embeddable":true,"href":"https:\/\/www.europesays.com\/fr\/wp-json\/wp\/v2\/categories?post=355957"},{"taxonomy":"post_tag","embeddable":true,"href":"https:\/\/www.europesays.com\/fr\/wp-json\/wp\/v2\/tags?post=355957"}],"curies":[{"name":"wp","href":"https:\/\/api.w.org\/{rel}","templated":true}]}}